{"id":8916,"date":"2015-08-31T07:00:52","date_gmt":"2015-08-31T05:00:52","guid":{"rendered":"http:\/\/likemetkovic.hr\/?p=8916"},"modified":"2015-08-31T07:00:52","modified_gmt":"2015-08-31T05:00:52","slug":"prva-medalja-za-bk-metkovic","status":"publish","type":"post","link":"https:\/\/likemetkovic.hr\/portal\/prva-medalja-za-bk-metkovic\/","title":{"rendered":"Prva medalja za BK Metkovi\u0107!"},"content":{"rendered":"<p>U subotu je\u00a0u organizaciji BK Mostar i Sportskog Saveza Grada Mostara odr\u017eana utrka \u201dSPARK Herzegovina\u201d MTB Liga, na kojoj je sudjelovalo\u00a050 natjecatelja svih dobnih uzrasta, koji su na Gorance stigli iz svih dijelova Hercegovine, uz podr\u0161ku kolega iz Hrvatske, to\u010dnije iz Metkovi\u0107a (BK Metkovi\u0107), pi\u0161e\u00a0slu\u017ebena stranica BK Mostar.<\/p>\n<p>\u201dPosebno smo sretni i uzbu\u0111eni \u0161to je na\u0161a dugoo\u010dekivana Liga startala. Napomenimo, utrke lige se organiziraju radi afirmacije biciklizma, radom sa mla\u0111im dobnim skupinama i okretanju istih prema biciklizmu kao sportu, no ne zaboravimo i bolje upoznavanje, i dru\u017eenje svih sudionika\u00a0lige\u201d, istaknuo je Toni Zori\u0107, predsjednik BK Mostar.<\/p>\n<p>\u201dMi smo izuzetno zadovoljni dana\u0161njim odazivom, euforija je na nivou, ve\u0107 se me\u0111u voza\u010dima osjeti onaj natjecateljski duh i svi \u017eeljno o\u010dekuju idu\u0107e kolo koje \u0107e se odr\u017eati u Drinovcima. Utrke Lige su iz godine u godinu ja\u010de i masovnije, \u0161to zna\u010di da smo na dobrom putu\u201d, dodao je Zori\u0107.<\/p>\n<p>Vozilo se u kategorijama Juniori Hobby, Seniori Hobby, Veterani Hobby, \u017dene, Sport, te najmla\u0111i uzrast kategorije Po\u010detnici i Po\u010detnice.<\/p>\n<p>U najja\u010doj kategoriji Sport, najbr\u017ei je bio \u00a0Filip Kova\u010di\u0107 (BK \u0160iroki), dok je na drugom mjestu zavr\u0161io Peji\u0107 Stipe (BK Mostar), a na tre\u0107em Toni Odak (BK \u0160iroki). Ina\u010de Filip Kova\u010di\u0107 je bio najbr\u017ei voza\u010d kruga, koji je sa vremenom od 21:09 min postavio rekord staze na Gorancima.<\/p>\n<p>U kategoriji Seniora kao zlatni slavio je Robert Glava\u0161 (HBK Drinovci), drugo mjesto je pripalo Ivanu Cigi\u0107u (BK \u0160iroki), a tre\u0107e Ivanu Matkovi\u0107u (BK \u0160iroki).<\/p>\n<p>U kategoriji \u017dena slavila je Biljana Krtali\u0107 (BK Mostar), koja je pobjedom odbranila svoj pro\u0161logodi\u0161nji naslov. Na drugo mjestu zavr\u0161ila je Marija \u0160kobi\u0107 (BK Mostar), dok je tre\u0107e mjesto pripalo Ana-Mariji Grgi\u0107 (BK Ljubu\u0161ki).<\/p>\n<p>Kategorija Veterani obilje\u017eila je utrku kao najvatrenija kategorija. Na prvom mjesto kao zlatni zasjao je Vedran Vu\u010dina (BK Mostar), drugo mjesto pripalo je Danijel Buli\u0107 (BK Brotnjo), dok je tre\u0107e mjesto pripalo Boris Dodig (BK Mostar).<\/p>\n<p>U kategoriji Juniori na prvom mjestu slavio je David \u0160u\u0161ak (BK \u0160iroki), drugo mjesto zauzeo je Ivan Cvitkovi\u0107 (BK Mostar), dok je tre\u0107e mjesto pripalo <strong>\u017darku Mili\u010devi\u0107u (BK Metkovi\u0107)<\/strong>.<\/p>\n<p>Najmla\u0111a i najzanimljivija kategorija Po\u010detnici i Po\u010detnice koja okuplja najmla\u0111e uzraste startala je po zavr\u0161etku starijih kategorija. U Po\u010detnicima najbr\u017ei je bio \u017darko Soldo (BK \u0160iroki), na drugom mjestu zavr\u0161io je Grgi\u0107 Filip (BK Ljubu\u0161ki), dok je tre\u0107e mjesto pripalo Niko Odak (BK Mostar).<\/p>\n<p>U Po\u010detnicama kao zlatna slavila je Lana Soldo (BK \u0160iroki), na drugo mjesto stala je Jana Odak (BK \u0160iroki), dok je tre\u0107e mjesto pripalo Katja Zori\u0107 (BK Mostar).<\/p>\n<p>Sljede\u0107e 2. kolo \u201dSPARK Herzegovina\u201d MTB Lige odr\u017eat \u0107e se\u00a013. rujna 2015. godine u Drinovcima, gdje je ujedno i planirana rekreativna biciklijada u du\u017eini 18 kilometara iz Gruda do Drinovaca.<\/p>\n<p><span style=\"color: #999999;\"><em>grude.info<\/em><\/span><\/p>\n","protected":false},"excerpt":{"rendered":"<p>U subotu je\u00a0u organizaciji BK Mostar i Sportskog Saveza Grada Mostara odr\u017eana utrka \u201dSPARK Herzegovina\u201d MTB Liga, na kojoj je sudjelovalo\u00a050 natjecatelja svih dobnih uzrasta, koji su na Gorance stigli iz svih dijelova Hercegovine, uz podr\u0161ku kolega iz Hrvatske, to\u010dnije iz Metkovi\u0107a (BK Metkovi\u0107), pi\u0161e\u00a0slu\u017ebena stranica BK Mostar. \u201dPosebno smo sretni i uzbu\u0111eni \u0161to je [&hellip;]<\/p>\n","protected":false},"author":7,"featured_media":8920,"comment_status":"closed","ping_status":"closed","sticky":false,"template":"","format":"standard","meta":{"footnotes":""},"categories":[34],"tags":[],"class_list":{"0":"post-8916","1":"post","2":"type-post","3":"status-publish","4":"format-standard","5":"has-post-thumbnail","7":"category-biciklizam"},"yoast_head":"<!-- This site is optimized with the Yoast SEO plugin v25.2 - https:\/\/yoast.com\/wordpress\/plugins\/seo\/ -->\n<title>Prva medalja za BK Metkovi\u0107!<\/title>\n<meta name=\"robots\" content=\"index, follow, max-snippet:-1, max-image-preview:large, max-video-preview:-1\" \/>\n<link rel=\"canonical\" href=\"https:\/\/likemetkovic.hr\/prva-medalja-za-bk-metkovic\/\" \/>\n<meta property=\"og:locale\" content=\"hr_HR\" \/>\n<meta property=\"og:type\" content=\"article\" \/>\n<meta property=\"og:title\" content=\"Prva medalja za BK Metkovi\u0107!\" \/>\n<meta property=\"og:description\" content=\"U subotu je\u00a0u organizaciji BK Mostar i Sportskog Saveza Grada Mostara odr\u017eana utrka \u201dSPARK Herzegovina\u201d MTB Liga, na kojoj je sudjelovalo\u00a050 natjecatelja svih dobnih uzrasta, koji su na Gorance stigli iz svih dijelova Hercegovine, uz podr\u0161ku kolega iz Hrvatske, to\u010dnije iz Metkovi\u0107a (BK Metkovi\u0107), pi\u0161e\u00a0slu\u017ebena stranica BK Mostar. \u201dPosebno smo sretni i uzbu\u0111eni \u0161to je [&hellip;]\" \/>\n<meta property=\"og:url\" content=\"https:\/\/likemetkovic.hr\/prva-medalja-za-bk-metkovic\/\" \/>\n<meta property=\"og:site_name\" content=\"likemetkovic.hr\" \/>\n<meta property=\"article:publisher\" content=\"https:\/\/www.facebook.com\/likemetkovic.hr\/\" \/>\n<meta property=\"article:published_time\" content=\"2015-08-31T05:00:52+00:00\" \/>\n<meta property=\"og:image\" content=\"https:\/\/likemetkovic.hr\/wp-content\/uploads\/2015\/08\/bk-metkovi\u0107-7.jpg\" \/>\n\t<meta property=\"og:image:width\" content=\"800\" \/>\n\t<meta property=\"og:image:height\" content=\"449\" \/>\n\t<meta property=\"og:image:type\" content=\"image\/jpeg\" \/>\n<meta name=\"author\" content=\"LIKEmetkovic.hr\" \/>\n<meta name=\"twitter:card\" content=\"summary_large_image\" \/>\n<meta name=\"twitter:label1\" content=\"Napisao\/la\" \/>\n\t<meta name=\"twitter:data1\" content=\"LIKEmetkovic.hr\" \/>\n\t<meta name=\"twitter:label2\" content=\"Procijenjeno vrijeme \u010ditanja\" \/>\n\t<meta name=\"twitter:data2\" content=\"3 minute\" \/>\n<script type=\"application\/ld+json\" class=\"yoast-schema-graph\">{\"@context\":\"https:\/\/schema.org\",\"@graph\":[{\"@type\":\"WebPage\",\"@id\":\"https:\/\/likemetkovic.hr\/prva-medalja-za-bk-metkovic\/\",\"url\":\"https:\/\/likemetkovic.hr\/prva-medalja-za-bk-metkovic\/\",\"name\":\"Prva medalja za BK Metkovi\u0107!\",\"isPartOf\":{\"@id\":\"https:\/\/likemetkovic.hr\/#website\"},\"primaryImageOfPage\":{\"@id\":\"https:\/\/likemetkovic.hr\/prva-medalja-za-bk-metkovic\/#primaryimage\"},\"image\":{\"@id\":\"https:\/\/likemetkovic.hr\/prva-medalja-za-bk-metkovic\/#primaryimage\"},\"thumbnailUrl\":\"https:\/\/likemetkovic.hr\/portal\/wp-content\/uploads\/2015\/08\/bk-metkovi\u0107-7.jpg\",\"datePublished\":\"2015-08-31T05:00:52+00:00\",\"author\":{\"@id\":\"https:\/\/likemetkovic.hr\/#\/schema\/person\/a42711f3385a0e2be6f7e0443bfb28f0\"},\"breadcrumb\":{\"@id\":\"https:\/\/likemetkovic.hr\/prva-medalja-za-bk-metkovic\/#breadcrumb\"},\"inLanguage\":\"hr\",\"potentialAction\":[{\"@type\":\"ReadAction\",\"target\":[\"https:\/\/likemetkovic.hr\/prva-medalja-za-bk-metkovic\/\"]}]},{\"@type\":\"ImageObject\",\"inLanguage\":\"hr\",\"@id\":\"https:\/\/likemetkovic.hr\/prva-medalja-za-bk-metkovic\/#primaryimage\",\"url\":\"https:\/\/likemetkovic.hr\/portal\/wp-content\/uploads\/2015\/08\/bk-metkovi\u0107-7.jpg\",\"contentUrl\":\"https:\/\/likemetkovic.hr\/portal\/wp-content\/uploads\/2015\/08\/bk-metkovi\u0107-7.jpg\",\"width\":800,\"height\":449},{\"@type\":\"BreadcrumbList\",\"@id\":\"https:\/\/likemetkovic.hr\/prva-medalja-za-bk-metkovic\/#breadcrumb\",\"itemListElement\":[{\"@type\":\"ListItem\",\"position\":1,\"name\":\"Po\u010detna stranica\",\"item\":\"https:\/\/likemetkovic.hr\/portal\/\"},{\"@type\":\"ListItem\",\"position\":2,\"name\":\"Prva medalja za BK Metkovi\u0107!\"}]},{\"@type\":\"WebSite\",\"@id\":\"https:\/\/likemetkovic.hr\/#website\",\"url\":\"https:\/\/likemetkovic.hr\/\",\"name\":\"likemetkovic.hr\",\"description\":\"Misli pozitivno... \u010ditaj LIKE\",\"potentialAction\":[{\"@type\":\"SearchAction\",\"target\":{\"@type\":\"EntryPoint\",\"urlTemplate\":\"https:\/\/likemetkovic.hr\/?s={search_term_string}\"},\"query-input\":{\"@type\":\"PropertyValueSpecification\",\"valueRequired\":true,\"valueName\":\"search_term_string\"}}],\"inLanguage\":\"hr\"},{\"@type\":\"Person\",\"@id\":\"https:\/\/likemetkovic.hr\/#\/schema\/person\/a42711f3385a0e2be6f7e0443bfb28f0\",\"name\":\"LIKEmetkovic.hr\",\"sameAs\":[\"http:\/\/likemetkovic.hr\"],\"url\":\"https:\/\/likemetkovic.hr\/portal\/author\/likemetkovic-hr\/\"}]}<\/script>\n<!-- \/ Yoast SEO plugin. -->","yoast_head_json":{"title":"Prva medalja za BK Metkovi\u0107!","robots":{"index":"index","follow":"follow","max-snippet":"max-snippet:-1","max-image-preview":"max-image-preview:large","max-video-preview":"max-video-preview:-1"},"canonical":"https:\/\/likemetkovic.hr\/prva-medalja-za-bk-metkovic\/","og_locale":"hr_HR","og_type":"article","og_title":"Prva medalja za BK Metkovi\u0107!","og_description":"U subotu je\u00a0u organizaciji BK Mostar i Sportskog Saveza Grada Mostara odr\u017eana utrka \u201dSPARK Herzegovina\u201d MTB Liga, na kojoj je sudjelovalo\u00a050 natjecatelja svih dobnih uzrasta, koji su na Gorance stigli iz svih dijelova Hercegovine, uz podr\u0161ku kolega iz Hrvatske, to\u010dnije iz Metkovi\u0107a (BK Metkovi\u0107), pi\u0161e\u00a0slu\u017ebena stranica BK Mostar. \u201dPosebno smo sretni i uzbu\u0111eni \u0161to je [&hellip;]","og_url":"https:\/\/likemetkovic.hr\/prva-medalja-za-bk-metkovic\/","og_site_name":"likemetkovic.hr","article_publisher":"https:\/\/www.facebook.com\/likemetkovic.hr\/","article_published_time":"2015-08-31T05:00:52+00:00","og_image":[{"width":800,"height":449,"url":"https:\/\/likemetkovic.hr\/wp-content\/uploads\/2015\/08\/bk-metkovi\u0107-7.jpg","type":"image\/jpeg"}],"author":"LIKEmetkovic.hr","twitter_card":"summary_large_image","twitter_misc":{"Napisao\/la":"LIKEmetkovic.hr","Procijenjeno vrijeme \u010ditanja":"3 minute"},"schema":{"@context":"https:\/\/schema.org","@graph":[{"@type":"WebPage","@id":"https:\/\/likemetkovic.hr\/prva-medalja-za-bk-metkovic\/","url":"https:\/\/likemetkovic.hr\/prva-medalja-za-bk-metkovic\/","name":"Prva medalja za BK Metkovi\u0107!","isPartOf":{"@id":"https:\/\/likemetkovic.hr\/#website"},"primaryImageOfPage":{"@id":"https:\/\/likemetkovic.hr\/prva-medalja-za-bk-metkovic\/#primaryimage"},"image":{"@id":"https:\/\/likemetkovic.hr\/prva-medalja-za-bk-metkovic\/#primaryimage"},"thumbnailUrl":"https:\/\/likemetkovic.hr\/portal\/wp-content\/uploads\/2015\/08\/bk-metkovi\u0107-7.jpg","datePublished":"2015-08-31T05:00:52+00:00","author":{"@id":"https:\/\/likemetkovic.hr\/#\/schema\/person\/a42711f3385a0e2be6f7e0443bfb28f0"},"breadcrumb":{"@id":"https:\/\/likemetkovic.hr\/prva-medalja-za-bk-metkovic\/#breadcrumb"},"inLanguage":"hr","potentialAction":[{"@type":"ReadAction","target":["https:\/\/likemetkovic.hr\/prva-medalja-za-bk-metkovic\/"]}]},{"@type":"ImageObject","inLanguage":"hr","@id":"https:\/\/likemetkovic.hr\/prva-medalja-za-bk-metkovic\/#primaryimage","url":"https:\/\/likemetkovic.hr\/portal\/wp-content\/uploads\/2015\/08\/bk-metkovi\u0107-7.jpg","contentUrl":"https:\/\/likemetkovic.hr\/portal\/wp-content\/uploads\/2015\/08\/bk-metkovi\u0107-7.jpg","width":800,"height":449},{"@type":"BreadcrumbList","@id":"https:\/\/likemetkovic.hr\/prva-medalja-za-bk-metkovic\/#breadcrumb","itemListElement":[{"@type":"ListItem","position":1,"name":"Po\u010detna stranica","item":"https:\/\/likemetkovic.hr\/portal\/"},{"@type":"ListItem","position":2,"name":"Prva medalja za BK Metkovi\u0107!"}]},{"@type":"WebSite","@id":"https:\/\/likemetkovic.hr\/#website","url":"https:\/\/likemetkovic.hr\/","name":"likemetkovic.hr","description":"Misli pozitivno... \u010ditaj LIKE","potentialAction":[{"@type":"SearchAction","target":{"@type":"EntryPoint","urlTemplate":"https:\/\/likemetkovic.hr\/?s={search_term_string}"},"query-input":{"@type":"PropertyValueSpecification","valueRequired":true,"valueName":"search_term_string"}}],"inLanguage":"hr"},{"@type":"Person","@id":"https:\/\/likemetkovic.hr\/#\/schema\/person\/a42711f3385a0e2be6f7e0443bfb28f0","name":"LIKEmetkovic.hr","sameAs":["http:\/\/likemetkovic.hr"],"url":"https:\/\/likemetkovic.hr\/portal\/author\/likemetkovic-hr\/"}]}},"_links":{"self":[{"href":"https:\/\/likemetkovic.hr\/portal\/wp-json\/wp\/v2\/posts\/8916","targetHints":{"allow":["GET"]}}],"collection":[{"href":"https:\/\/likemetkovic.hr\/portal\/wp-json\/wp\/v2\/posts"}],"about":[{"href":"https:\/\/likemetkovic.hr\/portal\/wp-json\/wp\/v2\/types\/post"}],"author":[{"embeddable":true,"href":"https:\/\/likemetkovic.hr\/portal\/wp-json\/wp\/v2\/users\/7"}],"replies":[{"embeddable":true,"href":"https:\/\/likemetkovic.hr\/portal\/wp-json\/wp\/v2\/comments?post=8916"}],"version-history":[{"count":0,"href":"https:\/\/likemetkovic.hr\/portal\/wp-json\/wp\/v2\/posts\/8916\/revisions"}],"wp:featuredmedia":[{"embeddable":true,"href":"https:\/\/likemetkovic.hr\/portal\/wp-json\/wp\/v2\/media\/8920"}],"wp:attachment":[{"href":"https:\/\/likemetkovic.hr\/portal\/wp-json\/wp\/v2\/media?parent=8916"}],"wp:term":[{"taxonomy":"category","embeddable":true,"href":"https:\/\/likemetkovic.hr\/portal\/wp-json\/wp\/v2\/categories?post=8916"},{"taxonomy":"post_tag","embeddable":true,"href":"https:\/\/likemetkovic.hr\/portal\/wp-json\/wp\/v2\/tags?post=8916"}],"curies":[{"name":"wp","href":"https:\/\/api.w.org\/{rel}","templated":true}]}}