{"id":89926,"date":"2019-10-03T15:55:31","date_gmt":"2019-10-03T13:55:31","guid":{"rendered":"https:\/\/likemetkovic.hr\/?p=89926"},"modified":"2019-10-03T15:55:31","modified_gmt":"2019-10-03T13:55:31","slug":"europski-tjedan-regija-i-gradova-zupanija-organizira-konferenciju-u-bruxellesu","status":"publish","type":"post","link":"https:\/\/likemetkovic.hr\/portal\/europski-tjedan-regija-i-gradova-zupanija-organizira-konferenciju-u-bruxellesu\/","title":{"rendered":"Europski tjedan regija i gradova &#8211; \u017dupanija organizira konferenciju u Bruxellesu"},"content":{"rendered":"<p>Glavna tema konferencije bit \u0107e predlo\u017eeni vi\u0161egodi\u0161nji financijski okvir (VFO) za razdoblje 2021.-2027. odnosno kako \u0107e se budu\u0107i prora\u010dun EU odraziti na regionalnu i lokalnu razinu, s obzirom na predlo\u017eeno smanjenje financijske\u00a0omotnice za kohezijsku politiku.<\/p>\n<p>Tijekom Europskog tjedna regija i gradova u Bruxellesu \u0107e sudjelovati i delegacija iz Dubrova\u010dko neretvanske \u017eupanije sastavljena od predstavnika \u017eupanije, razvojne agencije, gradona\u010delnika i na\u010delnika. Sudionici putovanja imat \u0107e priliku posjetiti institucije Europske unije te upoznati hrvatske predstavnike u Bruxellesu.<\/p>\n<p>Europski tjedan regija i gradova \u010detverodnevna je manifestacija koja se jednom godi\u0161nje odr\u017eava u Bruxellesu i tijekom koje slu\u017ebenici iz regionalnih i gradskih uprava te stru\u010dnjaci i predstavnici akademske zajednice mogu razmjenjivati dobre prakse i znanja u podru\u010dju razvoja regija i gradova. Navedeni tjedan bit \u0107e jedinstvena prilika pokazati za\u0161to regije i gradovi moraju i dalje biti stupovi budu\u0107nosti EU te kako je kohezijska politika doprinijela i jo\u0161 uvijek doprinosi pametnom, odr\u017eivom i uklju\u010divom rastu EU-a.<\/p>\n","protected":false},"excerpt":{"rendered":"<p>Glavna tema konferencije bit \u0107e predlo\u017eeni vi\u0161egodi\u0161nji financijski okvir (VFO) za razdoblje 2021.-2027. odnosno kako \u0107e se budu\u0107i prora\u010dun EU odraziti na regionalnu i lokalnu razinu, s obzirom na predlo\u017eeno smanjenje financijske\u00a0omotnice za kohezijsku politiku. Tijekom Europskog tjedna regija i gradova u Bruxellesu \u0107e sudjelovati i delegacija iz Dubrova\u010dko neretvanske \u017eupanije sastavljena od predstavnika \u017eupanije, [&hellip;]<\/p>\n","protected":false},"author":8,"featured_media":89927,"comment_status":"open","ping_status":"open","sticky":false,"template":"","format":"standard","meta":{"footnotes":""},"categories":[296,300],"tags":[],"class_list":{"0":"post-89926","1":"post","2":"type-post","3":"status-publish","4":"format-standard","5":"has-post-thumbnail","7":"category-ab","8":"category-zupanija"},"yoast_head":"<!-- This site is optimized with the Yoast SEO plugin v25.2 - https:\/\/yoast.com\/wordpress\/plugins\/seo\/ -->\n<title>Europski tjedan regija i gradova - \u017dupanija organizira konferenciju u Bruxellesu - likemetkovic.hr<\/title>\n<meta name=\"robots\" content=\"index, follow, max-snippet:-1, max-image-preview:large, max-video-preview:-1\" \/>\n<link rel=\"canonical\" href=\"https:\/\/likemetkovic.hr\/europski-tjedan-regija-i-gradova-zupanija-organizira-konferenciju-u-bruxellesu\/\" \/>\n<meta property=\"og:locale\" content=\"hr_HR\" \/>\n<meta property=\"og:type\" content=\"article\" \/>\n<meta property=\"og:title\" content=\"Europski tjedan regija i gradova - \u017dupanija organizira konferenciju u Bruxellesu - likemetkovic.hr\" \/>\n<meta property=\"og:description\" content=\"Glavna tema konferencije bit \u0107e predlo\u017eeni vi\u0161egodi\u0161nji financijski okvir (VFO) za razdoblje 2021.-2027. odnosno kako \u0107e se budu\u0107i prora\u010dun EU odraziti na regionalnu i lokalnu razinu, s obzirom na predlo\u017eeno smanjenje financijske\u00a0omotnice za kohezijsku politiku. Tijekom Europskog tjedna regija i gradova u Bruxellesu \u0107e sudjelovati i delegacija iz Dubrova\u010dko neretvanske \u017eupanije sastavljena od predstavnika \u017eupanije, [&hellip;]\" \/>\n<meta property=\"og:url\" content=\"https:\/\/likemetkovic.hr\/europski-tjedan-regija-i-gradova-zupanija-organizira-konferenciju-u-bruxellesu\/\" \/>\n<meta property=\"og:site_name\" content=\"likemetkovic.hr\" \/>\n<meta property=\"article:publisher\" content=\"https:\/\/www.facebook.com\/likemetkovic.hr\/\" \/>\n<meta property=\"article:published_time\" content=\"2019-10-03T13:55:31+00:00\" \/>\n<meta property=\"og:image\" content=\"https:\/\/likemetkovic.hr\/wp-content\/uploads\/2019\/10\/1570096883_498_velika_bruxelles.jpg\" \/>\n\t<meta property=\"og:image:width\" content=\"800\" \/>\n\t<meta property=\"og:image:height\" content=\"533\" \/>\n\t<meta property=\"og:image:type\" content=\"image\/jpeg\" \/>\n<meta name=\"author\" content=\"LIKEmetkovic.hr\" \/>\n<meta name=\"twitter:card\" content=\"summary_large_image\" \/>\n<meta name=\"twitter:label1\" content=\"Napisao\/la\" \/>\n\t<meta name=\"twitter:data1\" content=\"LIKEmetkovic.hr\" \/>\n\t<meta name=\"twitter:label2\" content=\"Procijenjeno vrijeme \u010ditanja\" \/>\n\t<meta name=\"twitter:data2\" content=\"1 minuta\" \/>\n<script type=\"application\/ld+json\" class=\"yoast-schema-graph\">{\"@context\":\"https:\/\/schema.org\",\"@graph\":[{\"@type\":\"WebPage\",\"@id\":\"https:\/\/likemetkovic.hr\/europski-tjedan-regija-i-gradova-zupanija-organizira-konferenciju-u-bruxellesu\/\",\"url\":\"https:\/\/likemetkovic.hr\/europski-tjedan-regija-i-gradova-zupanija-organizira-konferenciju-u-bruxellesu\/\",\"name\":\"Europski tjedan regija i gradova - \u017dupanija organizira konferenciju u Bruxellesu - likemetkovic.hr\",\"isPartOf\":{\"@id\":\"https:\/\/likemetkovic.hr\/#website\"},\"primaryImageOfPage\":{\"@id\":\"https:\/\/likemetkovic.hr\/europski-tjedan-regija-i-gradova-zupanija-organizira-konferenciju-u-bruxellesu\/#primaryimage\"},\"image\":{\"@id\":\"https:\/\/likemetkovic.hr\/europski-tjedan-regija-i-gradova-zupanija-organizira-konferenciju-u-bruxellesu\/#primaryimage\"},\"thumbnailUrl\":\"https:\/\/likemetkovic.hr\/portal\/wp-content\/uploads\/2019\/10\/1570096883_498_velika_bruxelles.jpg\",\"datePublished\":\"2019-10-03T13:55:31+00:00\",\"author\":{\"@id\":\"https:\/\/likemetkovic.hr\/#\/schema\/person\/adba0fd43631b5fc581c97e6ca793693\"},\"breadcrumb\":{\"@id\":\"https:\/\/likemetkovic.hr\/europski-tjedan-regija-i-gradova-zupanija-organizira-konferenciju-u-bruxellesu\/#breadcrumb\"},\"inLanguage\":\"hr\",\"potentialAction\":[{\"@type\":\"ReadAction\",\"target\":[\"https:\/\/likemetkovic.hr\/europski-tjedan-regija-i-gradova-zupanija-organizira-konferenciju-u-bruxellesu\/\"]}]},{\"@type\":\"ImageObject\",\"inLanguage\":\"hr\",\"@id\":\"https:\/\/likemetkovic.hr\/europski-tjedan-regija-i-gradova-zupanija-organizira-konferenciju-u-bruxellesu\/#primaryimage\",\"url\":\"https:\/\/likemetkovic.hr\/portal\/wp-content\/uploads\/2019\/10\/1570096883_498_velika_bruxelles.jpg\",\"contentUrl\":\"https:\/\/likemetkovic.hr\/portal\/wp-content\/uploads\/2019\/10\/1570096883_498_velika_bruxelles.jpg\",\"width\":800,\"height\":533},{\"@type\":\"BreadcrumbList\",\"@id\":\"https:\/\/likemetkovic.hr\/europski-tjedan-regija-i-gradova-zupanija-organizira-konferenciju-u-bruxellesu\/#breadcrumb\",\"itemListElement\":[{\"@type\":\"ListItem\",\"position\":1,\"name\":\"Po\u010detna stranica\",\"item\":\"https:\/\/likemetkovic.hr\/portal\/\"},{\"@type\":\"ListItem\",\"position\":2,\"name\":\"Europski tjedan regija i gradova &#8211; \u017dupanija organizira konferenciju u Bruxellesu\"}]},{\"@type\":\"WebSite\",\"@id\":\"https:\/\/likemetkovic.hr\/#website\",\"url\":\"https:\/\/likemetkovic.hr\/\",\"name\":\"likemetkovic.hr\",\"description\":\"Misli pozitivno... \u010ditaj LIKE\",\"potentialAction\":[{\"@type\":\"SearchAction\",\"target\":{\"@type\":\"EntryPoint\",\"urlTemplate\":\"https:\/\/likemetkovic.hr\/?s={search_term_string}\"},\"query-input\":{\"@type\":\"PropertyValueSpecification\",\"valueRequired\":true,\"valueName\":\"search_term_string\"}}],\"inLanguage\":\"hr\"},{\"@type\":\"Person\",\"@id\":\"https:\/\/likemetkovic.hr\/#\/schema\/person\/adba0fd43631b5fc581c97e6ca793693\",\"name\":\"LIKEmetkovic.hr\",\"url\":\"https:\/\/likemetkovic.hr\/portal\/author\/marijana\/\"}]}<\/script>\n<!-- \/ Yoast SEO plugin. -->","yoast_head_json":{"title":"Europski tjedan regija i gradova - \u017dupanija organizira konferenciju u Bruxellesu - likemetkovic.hr","robots":{"index":"index","follow":"follow","max-snippet":"max-snippet:-1","max-image-preview":"max-image-preview:large","max-video-preview":"max-video-preview:-1"},"canonical":"https:\/\/likemetkovic.hr\/europski-tjedan-regija-i-gradova-zupanija-organizira-konferenciju-u-bruxellesu\/","og_locale":"hr_HR","og_type":"article","og_title":"Europski tjedan regija i gradova - \u017dupanija organizira konferenciju u Bruxellesu - likemetkovic.hr","og_description":"Glavna tema konferencije bit \u0107e predlo\u017eeni vi\u0161egodi\u0161nji financijski okvir (VFO) za razdoblje 2021.-2027. odnosno kako \u0107e se budu\u0107i prora\u010dun EU odraziti na regionalnu i lokalnu razinu, s obzirom na predlo\u017eeno smanjenje financijske\u00a0omotnice za kohezijsku politiku. Tijekom Europskog tjedna regija i gradova u Bruxellesu \u0107e sudjelovati i delegacija iz Dubrova\u010dko neretvanske \u017eupanije sastavljena od predstavnika \u017eupanije, [&hellip;]","og_url":"https:\/\/likemetkovic.hr\/europski-tjedan-regija-i-gradova-zupanija-organizira-konferenciju-u-bruxellesu\/","og_site_name":"likemetkovic.hr","article_publisher":"https:\/\/www.facebook.com\/likemetkovic.hr\/","article_published_time":"2019-10-03T13:55:31+00:00","og_image":[{"width":800,"height":533,"url":"https:\/\/likemetkovic.hr\/wp-content\/uploads\/2019\/10\/1570096883_498_velika_bruxelles.jpg","type":"image\/jpeg"}],"author":"LIKEmetkovic.hr","twitter_card":"summary_large_image","twitter_misc":{"Napisao\/la":"LIKEmetkovic.hr","Procijenjeno vrijeme \u010ditanja":"1 minuta"},"schema":{"@context":"https:\/\/schema.org","@graph":[{"@type":"WebPage","@id":"https:\/\/likemetkovic.hr\/europski-tjedan-regija-i-gradova-zupanija-organizira-konferenciju-u-bruxellesu\/","url":"https:\/\/likemetkovic.hr\/europski-tjedan-regija-i-gradova-zupanija-organizira-konferenciju-u-bruxellesu\/","name":"Europski tjedan regija i gradova - \u017dupanija organizira konferenciju u Bruxellesu - likemetkovic.hr","isPartOf":{"@id":"https:\/\/likemetkovic.hr\/#website"},"primaryImageOfPage":{"@id":"https:\/\/likemetkovic.hr\/europski-tjedan-regija-i-gradova-zupanija-organizira-konferenciju-u-bruxellesu\/#primaryimage"},"image":{"@id":"https:\/\/likemetkovic.hr\/europski-tjedan-regija-i-gradova-zupanija-organizira-konferenciju-u-bruxellesu\/#primaryimage"},"thumbnailUrl":"https:\/\/likemetkovic.hr\/portal\/wp-content\/uploads\/2019\/10\/1570096883_498_velika_bruxelles.jpg","datePublished":"2019-10-03T13:55:31+00:00","author":{"@id":"https:\/\/likemetkovic.hr\/#\/schema\/person\/adba0fd43631b5fc581c97e6ca793693"},"breadcrumb":{"@id":"https:\/\/likemetkovic.hr\/europski-tjedan-regija-i-gradova-zupanija-organizira-konferenciju-u-bruxellesu\/#breadcrumb"},"inLanguage":"hr","potentialAction":[{"@type":"ReadAction","target":["https:\/\/likemetkovic.hr\/europski-tjedan-regija-i-gradova-zupanija-organizira-konferenciju-u-bruxellesu\/"]}]},{"@type":"ImageObject","inLanguage":"hr","@id":"https:\/\/likemetkovic.hr\/europski-tjedan-regija-i-gradova-zupanija-organizira-konferenciju-u-bruxellesu\/#primaryimage","url":"https:\/\/likemetkovic.hr\/portal\/wp-content\/uploads\/2019\/10\/1570096883_498_velika_bruxelles.jpg","contentUrl":"https:\/\/likemetkovic.hr\/portal\/wp-content\/uploads\/2019\/10\/1570096883_498_velika_bruxelles.jpg","width":800,"height":533},{"@type":"BreadcrumbList","@id":"https:\/\/likemetkovic.hr\/europski-tjedan-regija-i-gradova-zupanija-organizira-konferenciju-u-bruxellesu\/#breadcrumb","itemListElement":[{"@type":"ListItem","position":1,"name":"Po\u010detna stranica","item":"https:\/\/likemetkovic.hr\/portal\/"},{"@type":"ListItem","position":2,"name":"Europski tjedan regija i gradova &#8211; \u017dupanija organizira konferenciju u Bruxellesu"}]},{"@type":"WebSite","@id":"https:\/\/likemetkovic.hr\/#website","url":"https:\/\/likemetkovic.hr\/","name":"likemetkovic.hr","description":"Misli pozitivno... \u010ditaj LIKE","potentialAction":[{"@type":"SearchAction","target":{"@type":"EntryPoint","urlTemplate":"https:\/\/likemetkovic.hr\/?s={search_term_string}"},"query-input":{"@type":"PropertyValueSpecification","valueRequired":true,"valueName":"search_term_string"}}],"inLanguage":"hr"},{"@type":"Person","@id":"https:\/\/likemetkovic.hr\/#\/schema\/person\/adba0fd43631b5fc581c97e6ca793693","name":"LIKEmetkovic.hr","url":"https:\/\/likemetkovic.hr\/portal\/author\/marijana\/"}]}},"_links":{"self":[{"href":"https:\/\/likemetkovic.hr\/portal\/wp-json\/wp\/v2\/posts\/89926","targetHints":{"allow":["GET"]}}],"collection":[{"href":"https:\/\/likemetkovic.hr\/portal\/wp-json\/wp\/v2\/posts"}],"about":[{"href":"https:\/\/likemetkovic.hr\/portal\/wp-json\/wp\/v2\/types\/post"}],"author":[{"embeddable":true,"href":"https:\/\/likemetkovic.hr\/portal\/wp-json\/wp\/v2\/users\/8"}],"replies":[{"embeddable":true,"href":"https:\/\/likemetkovic.hr\/portal\/wp-json\/wp\/v2\/comments?post=89926"}],"version-history":[{"count":0,"href":"https:\/\/likemetkovic.hr\/portal\/wp-json\/wp\/v2\/posts\/89926\/revisions"}],"wp:featuredmedia":[{"embeddable":true,"href":"https:\/\/likemetkovic.hr\/portal\/wp-json\/wp\/v2\/media\/89927"}],"wp:attachment":[{"href":"https:\/\/likemetkovic.hr\/portal\/wp-json\/wp\/v2\/media?parent=89926"}],"wp:term":[{"taxonomy":"category","embeddable":true,"href":"https:\/\/likemetkovic.hr\/portal\/wp-json\/wp\/v2\/categories?post=89926"},{"taxonomy":"post_tag","embeddable":true,"href":"https:\/\/likemetkovic.hr\/portal\/wp-json\/wp\/v2\/tags?post=89926"}],"curies":[{"name":"wp","href":"https:\/\/api.w.org\/{rel}","templated":true}]}}