{"id":9037,"date":"2015-09-05T19:09:26","date_gmt":"2015-09-05T17:09:26","guid":{"rendered":"http:\/\/likemetkovic.hr\/?p=9037"},"modified":"2015-09-05T19:09:26","modified_gmt":"2015-09-05T17:09:26","slug":"skrapa-momici-na-sikljadi-u-sisku","status":"publish","type":"post","link":"https:\/\/likemetkovic.hr\/portal\/skrapa-momici-na-sikljadi-u-sisku\/","title":{"rendered":"\u0160krapa Momi\u0107i na \u0160ikljadi u Sisku"},"content":{"rendered":"<p>Dana <strong>6.9.2015.<\/strong>, s po\u010detkom u <strong>16 sati<\/strong>, u organizaciji <strong>Udruge la\u0111ara Sisak, te Turisti\u010dke Zajednice Grada Siska i Grada Siska<\/strong> odr\u017eati \u0107e se \u201c<strong>\u0160ikljada \u2013 vesla\u010dki dvoboj kupskih \u010damaca<\/strong>\u201d u sklopu trodnevne manifestacije \u201c<strong>Kupske no\u0107i<\/strong>\u201c.<\/p>\n<p>Ono \u0161to je <strong>la\u0111a<\/strong> za <strong>Neretvu<\/strong>, <strong>\u0161iklja<\/strong> je u pro\u0161losti bila za <strong>Sisak<\/strong>. Spajala je vojni i civilni dio grada, a za prijevoz ljudi s jedne obale na drugu se koristila \u010dak i kada su izgra\u0111eni i mostovi i prometnice. U pro\u0161losti se gradila iz komada hrastovog debla koje se obra\u0111ivalo dok nije zaprimilo oblik \u0161iklje. Razvojem i modernizacijom tehnologije, \u0161iklje se po\u010dinju proizvoditi i od umjetnih materijala, ali zadr\u017eavaju karakteristi\u010dan oblik.<\/p>\n<p>Treniraju\u0107i veslanje, \u010dlanovi Udruge la\u0111ara primijetili su kako je \u0161iklji na vezovima sve manje i manje. \u017dele\u0107i popularizirati \u017eivot s Kupom, veslanje i \u0161iklju odlu\u010dili su se za organizaciju ovakve utrke.<\/p>\n<p><strong>\u0160ikljada \u2013 vela\u010dki dvoboj kupskih \u010damaca<\/strong>, utrka je u veslanju autohtonih \u010damaca, karakteristi\u010dnih za podru\u010dje Siska. Utrka se odr\u017eava na stazi duljine 200 metara s okretom oko bove na 100 metara. Natjecanje se odvija po kup sistemu natjecanja, dakle na ispadanje, gdje se dvije ekipe izravno, dakle jedna protiv druge, bore za prolazak u drugi krug natjecanja. Za sve natjecatelje organizatori su osigurali i \u010damce za nastup, te \u010damce za zagrijavanje. Natjecanje u mu\u0161koj i \u017eenskoj konkurenciji je razdvojeno, a za prva tri mjesta u obje konkurencije osigurane su bogate nagrade.<\/p>\n<p><strong>Od neretvanskih ekipa nastupit \u0107e \u0160krapa Momi\u0107i i to u sastavu Edo \u010cavrlj, Leo Ili\u0107, Tonci Jerkovi\u0107 i Damir Jaki\u0107.<\/strong><\/p>\n<p>Sretno momci!<\/p>\n<p>&nbsp;<\/p>\n","protected":false},"excerpt":{"rendered":"<p>Dana 6.9.2015., s po\u010detkom u 16 sati, u organizaciji Udruge la\u0111ara Sisak, te Turisti\u010dke Zajednice Grada Siska i Grada Siska odr\u017eati \u0107e se \u201c\u0160ikljada \u2013 vesla\u010dki dvoboj kupskih \u010damaca\u201d u sklopu trodnevne manifestacije \u201cKupske no\u0107i\u201c. Ono \u0161to je la\u0111a za Neretvu, \u0161iklja je u pro\u0161losti bila za Sisak. Spajala je vojni i civilni dio grada, [&hellip;]<\/p>\n","protected":false},"author":7,"featured_media":9038,"comment_status":"closed","ping_status":"closed","sticky":false,"template":"","format":"standard","meta":{"footnotes":""},"categories":[10],"tags":[],"class_list":{"0":"post-9037","1":"post","2":"type-post","3":"status-publish","4":"format-standard","5":"has-post-thumbnail","7":"category-sport"},"yoast_head":"<!-- This site is optimized with the Yoast SEO plugin v25.2 - https:\/\/yoast.com\/wordpress\/plugins\/seo\/ -->\n<title>\u0160krapa Momi\u0107i na \u0160ikljadi u Sisku<\/title>\n<meta name=\"robots\" content=\"index, follow, max-snippet:-1, max-image-preview:large, max-video-preview:-1\" \/>\n<link rel=\"canonical\" href=\"https:\/\/likemetkovic.hr\/skrapa-momici-na-sikljadi-u-sisku\/\" \/>\n<meta property=\"og:locale\" content=\"hr_HR\" \/>\n<meta property=\"og:type\" content=\"article\" \/>\n<meta property=\"og:title\" content=\"\u0160krapa Momi\u0107i na \u0160ikljadi u Sisku\" \/>\n<meta property=\"og:description\" content=\"Dana 6.9.2015., s po\u010detkom u 16 sati, u organizaciji Udruge la\u0111ara Sisak, te Turisti\u010dke Zajednice Grada Siska i Grada Siska odr\u017eati \u0107e se \u201c\u0160ikljada \u2013 vesla\u010dki dvoboj kupskih \u010damaca\u201d u sklopu trodnevne manifestacije \u201cKupske no\u0107i\u201c. Ono \u0161to je la\u0111a za Neretvu, \u0161iklja je u pro\u0161losti bila za Sisak. Spajala je vojni i civilni dio grada, [&hellip;]\" \/>\n<meta property=\"og:url\" content=\"https:\/\/likemetkovic.hr\/skrapa-momici-na-sikljadi-u-sisku\/\" \/>\n<meta property=\"og:site_name\" content=\"likemetkovic.hr\" \/>\n<meta property=\"article:publisher\" content=\"https:\/\/www.facebook.com\/likemetkovic.hr\/\" \/>\n<meta property=\"article:published_time\" content=\"2015-09-05T17:09:26+00:00\" \/>\n<meta property=\"og:image\" content=\"https:\/\/likemetkovic.hr\/wp-content\/uploads\/2015\/09\/\u0161krapa-na-\u0161ikljada.jpg\" \/>\n\t<meta property=\"og:image:width\" content=\"800\" \/>\n\t<meta property=\"og:image:height\" content=\"449\" \/>\n\t<meta property=\"og:image:type\" content=\"image\/jpeg\" \/>\n<meta name=\"author\" content=\"LIKEmetkovic.hr\" \/>\n<meta name=\"twitter:card\" content=\"summary_large_image\" \/>\n<meta name=\"twitter:label1\" content=\"Napisao\/la\" \/>\n\t<meta name=\"twitter:data1\" content=\"LIKEmetkovic.hr\" \/>\n\t<meta name=\"twitter:label2\" content=\"Procijenjeno vrijeme \u010ditanja\" \/>\n\t<meta name=\"twitter:data2\" content=\"1 minuta\" \/>\n<script type=\"application\/ld+json\" class=\"yoast-schema-graph\">{\"@context\":\"https:\/\/schema.org\",\"@graph\":[{\"@type\":\"WebPage\",\"@id\":\"https:\/\/likemetkovic.hr\/skrapa-momici-na-sikljadi-u-sisku\/\",\"url\":\"https:\/\/likemetkovic.hr\/skrapa-momici-na-sikljadi-u-sisku\/\",\"name\":\"\u0160krapa Momi\u0107i na \u0160ikljadi u Sisku\",\"isPartOf\":{\"@id\":\"https:\/\/likemetkovic.hr\/#website\"},\"primaryImageOfPage\":{\"@id\":\"https:\/\/likemetkovic.hr\/skrapa-momici-na-sikljadi-u-sisku\/#primaryimage\"},\"image\":{\"@id\":\"https:\/\/likemetkovic.hr\/skrapa-momici-na-sikljadi-u-sisku\/#primaryimage\"},\"thumbnailUrl\":\"https:\/\/likemetkovic.hr\/portal\/wp-content\/uploads\/2015\/09\/\u0161krapa-na-\u0161ikljada.jpg\",\"datePublished\":\"2015-09-05T17:09:26+00:00\",\"author\":{\"@id\":\"https:\/\/likemetkovic.hr\/#\/schema\/person\/a42711f3385a0e2be6f7e0443bfb28f0\"},\"breadcrumb\":{\"@id\":\"https:\/\/likemetkovic.hr\/skrapa-momici-na-sikljadi-u-sisku\/#breadcrumb\"},\"inLanguage\":\"hr\",\"potentialAction\":[{\"@type\":\"ReadAction\",\"target\":[\"https:\/\/likemetkovic.hr\/skrapa-momici-na-sikljadi-u-sisku\/\"]}]},{\"@type\":\"ImageObject\",\"inLanguage\":\"hr\",\"@id\":\"https:\/\/likemetkovic.hr\/skrapa-momici-na-sikljadi-u-sisku\/#primaryimage\",\"url\":\"https:\/\/likemetkovic.hr\/portal\/wp-content\/uploads\/2015\/09\/\u0161krapa-na-\u0161ikljada.jpg\",\"contentUrl\":\"https:\/\/likemetkovic.hr\/portal\/wp-content\/uploads\/2015\/09\/\u0161krapa-na-\u0161ikljada.jpg\",\"width\":800,\"height\":449},{\"@type\":\"BreadcrumbList\",\"@id\":\"https:\/\/likemetkovic.hr\/skrapa-momici-na-sikljadi-u-sisku\/#breadcrumb\",\"itemListElement\":[{\"@type\":\"ListItem\",\"position\":1,\"name\":\"Po\u010detna stranica\",\"item\":\"https:\/\/likemetkovic.hr\/portal\/\"},{\"@type\":\"ListItem\",\"position\":2,\"name\":\"\u0160krapa Momi\u0107i na \u0160ikljadi u Sisku\"}]},{\"@type\":\"WebSite\",\"@id\":\"https:\/\/likemetkovic.hr\/#website\",\"url\":\"https:\/\/likemetkovic.hr\/\",\"name\":\"likemetkovic.hr\",\"description\":\"Misli pozitivno... \u010ditaj LIKE\",\"potentialAction\":[{\"@type\":\"SearchAction\",\"target\":{\"@type\":\"EntryPoint\",\"urlTemplate\":\"https:\/\/likemetkovic.hr\/?s={search_term_string}\"},\"query-input\":{\"@type\":\"PropertyValueSpecification\",\"valueRequired\":true,\"valueName\":\"search_term_string\"}}],\"inLanguage\":\"hr\"},{\"@type\":\"Person\",\"@id\":\"https:\/\/likemetkovic.hr\/#\/schema\/person\/a42711f3385a0e2be6f7e0443bfb28f0\",\"name\":\"LIKEmetkovic.hr\",\"sameAs\":[\"http:\/\/likemetkovic.hr\"],\"url\":\"https:\/\/likemetkovic.hr\/portal\/author\/likemetkovic-hr\/\"}]}<\/script>\n<!-- \/ Yoast SEO plugin. -->","yoast_head_json":{"title":"\u0160krapa Momi\u0107i na \u0160ikljadi u Sisku","robots":{"index":"index","follow":"follow","max-snippet":"max-snippet:-1","max-image-preview":"max-image-preview:large","max-video-preview":"max-video-preview:-1"},"canonical":"https:\/\/likemetkovic.hr\/skrapa-momici-na-sikljadi-u-sisku\/","og_locale":"hr_HR","og_type":"article","og_title":"\u0160krapa Momi\u0107i na \u0160ikljadi u Sisku","og_description":"Dana 6.9.2015., s po\u010detkom u 16 sati, u organizaciji Udruge la\u0111ara Sisak, te Turisti\u010dke Zajednice Grada Siska i Grada Siska odr\u017eati \u0107e se \u201c\u0160ikljada \u2013 vesla\u010dki dvoboj kupskih \u010damaca\u201d u sklopu trodnevne manifestacije \u201cKupske no\u0107i\u201c. Ono \u0161to je la\u0111a za Neretvu, \u0161iklja je u pro\u0161losti bila za Sisak. Spajala je vojni i civilni dio grada, [&hellip;]","og_url":"https:\/\/likemetkovic.hr\/skrapa-momici-na-sikljadi-u-sisku\/","og_site_name":"likemetkovic.hr","article_publisher":"https:\/\/www.facebook.com\/likemetkovic.hr\/","article_published_time":"2015-09-05T17:09:26+00:00","og_image":[{"width":800,"height":449,"url":"https:\/\/likemetkovic.hr\/wp-content\/uploads\/2015\/09\/\u0161krapa-na-\u0161ikljada.jpg","type":"image\/jpeg"}],"author":"LIKEmetkovic.hr","twitter_card":"summary_large_image","twitter_misc":{"Napisao\/la":"LIKEmetkovic.hr","Procijenjeno vrijeme \u010ditanja":"1 minuta"},"schema":{"@context":"https:\/\/schema.org","@graph":[{"@type":"WebPage","@id":"https:\/\/likemetkovic.hr\/skrapa-momici-na-sikljadi-u-sisku\/","url":"https:\/\/likemetkovic.hr\/skrapa-momici-na-sikljadi-u-sisku\/","name":"\u0160krapa Momi\u0107i na \u0160ikljadi u Sisku","isPartOf":{"@id":"https:\/\/likemetkovic.hr\/#website"},"primaryImageOfPage":{"@id":"https:\/\/likemetkovic.hr\/skrapa-momici-na-sikljadi-u-sisku\/#primaryimage"},"image":{"@id":"https:\/\/likemetkovic.hr\/skrapa-momici-na-sikljadi-u-sisku\/#primaryimage"},"thumbnailUrl":"https:\/\/likemetkovic.hr\/portal\/wp-content\/uploads\/2015\/09\/\u0161krapa-na-\u0161ikljada.jpg","datePublished":"2015-09-05T17:09:26+00:00","author":{"@id":"https:\/\/likemetkovic.hr\/#\/schema\/person\/a42711f3385a0e2be6f7e0443bfb28f0"},"breadcrumb":{"@id":"https:\/\/likemetkovic.hr\/skrapa-momici-na-sikljadi-u-sisku\/#breadcrumb"},"inLanguage":"hr","potentialAction":[{"@type":"ReadAction","target":["https:\/\/likemetkovic.hr\/skrapa-momici-na-sikljadi-u-sisku\/"]}]},{"@type":"ImageObject","inLanguage":"hr","@id":"https:\/\/likemetkovic.hr\/skrapa-momici-na-sikljadi-u-sisku\/#primaryimage","url":"https:\/\/likemetkovic.hr\/portal\/wp-content\/uploads\/2015\/09\/\u0161krapa-na-\u0161ikljada.jpg","contentUrl":"https:\/\/likemetkovic.hr\/portal\/wp-content\/uploads\/2015\/09\/\u0161krapa-na-\u0161ikljada.jpg","width":800,"height":449},{"@type":"BreadcrumbList","@id":"https:\/\/likemetkovic.hr\/skrapa-momici-na-sikljadi-u-sisku\/#breadcrumb","itemListElement":[{"@type":"ListItem","position":1,"name":"Po\u010detna stranica","item":"https:\/\/likemetkovic.hr\/portal\/"},{"@type":"ListItem","position":2,"name":"\u0160krapa Momi\u0107i na \u0160ikljadi u Sisku"}]},{"@type":"WebSite","@id":"https:\/\/likemetkovic.hr\/#website","url":"https:\/\/likemetkovic.hr\/","name":"likemetkovic.hr","description":"Misli pozitivno... \u010ditaj LIKE","potentialAction":[{"@type":"SearchAction","target":{"@type":"EntryPoint","urlTemplate":"https:\/\/likemetkovic.hr\/?s={search_term_string}"},"query-input":{"@type":"PropertyValueSpecification","valueRequired":true,"valueName":"search_term_string"}}],"inLanguage":"hr"},{"@type":"Person","@id":"https:\/\/likemetkovic.hr\/#\/schema\/person\/a42711f3385a0e2be6f7e0443bfb28f0","name":"LIKEmetkovic.hr","sameAs":["http:\/\/likemetkovic.hr"],"url":"https:\/\/likemetkovic.hr\/portal\/author\/likemetkovic-hr\/"}]}},"_links":{"self":[{"href":"https:\/\/likemetkovic.hr\/portal\/wp-json\/wp\/v2\/posts\/9037","targetHints":{"allow":["GET"]}}],"collection":[{"href":"https:\/\/likemetkovic.hr\/portal\/wp-json\/wp\/v2\/posts"}],"about":[{"href":"https:\/\/likemetkovic.hr\/portal\/wp-json\/wp\/v2\/types\/post"}],"author":[{"embeddable":true,"href":"https:\/\/likemetkovic.hr\/portal\/wp-json\/wp\/v2\/users\/7"}],"replies":[{"embeddable":true,"href":"https:\/\/likemetkovic.hr\/portal\/wp-json\/wp\/v2\/comments?post=9037"}],"version-history":[{"count":0,"href":"https:\/\/likemetkovic.hr\/portal\/wp-json\/wp\/v2\/posts\/9037\/revisions"}],"wp:featuredmedia":[{"embeddable":true,"href":"https:\/\/likemetkovic.hr\/portal\/wp-json\/wp\/v2\/media\/9038"}],"wp:attachment":[{"href":"https:\/\/likemetkovic.hr\/portal\/wp-json\/wp\/v2\/media?parent=9037"}],"wp:term":[{"taxonomy":"category","embeddable":true,"href":"https:\/\/likemetkovic.hr\/portal\/wp-json\/wp\/v2\/categories?post=9037"},{"taxonomy":"post_tag","embeddable":true,"href":"https:\/\/likemetkovic.hr\/portal\/wp-json\/wp\/v2\/tags?post=9037"}],"curies":[{"name":"wp","href":"https:\/\/api.w.org\/{rel}","templated":true}]}}