{"id":91112,"date":"2019-10-21T16:43:41","date_gmt":"2019-10-21T14:43:41","guid":{"rendered":"https:\/\/likemetkovic.hr\/?p=91112"},"modified":"2019-10-21T16:43:41","modified_gmt":"2019-10-21T14:43:41","slug":"uspjesan-nastup-metkovskih-biciklista-u-2-kolu-xc-zimske-lige-dalmacije","status":"publish","type":"post","link":"https:\/\/likemetkovic.hr\/portal\/uspjesan-nastup-metkovskih-biciklista-u-2-kolu-xc-zimske-lige-dalmacije\/","title":{"rendered":"Uspje\u0161an nastup metkovskih biciklista u 2. kolu XC zimske lige Dalmacije"},"content":{"rendered":"<p>U Ravnim Kotarima, to\u010dnije Stankovcima odr\u017eano je <strong>2. kolo XC zimske lige Dalmacije<\/strong> koju je organiizrao Biciklisti\u010dki klub <em>Aks <\/em>i na kojem je sudjelovalo preko 200 natjecatelja, a me\u0111u njima i biciklisti iz BK Metkovi\u0107.<\/p>\n<p>Prvo je na start izi\u0161la seniorska ekipa i odmah bron\u010dana medalja u kategoriji \u017eene koju je osvojila Antea Kaleb. U istoj kategoriji Leona Gnje\u010d bila 12.<\/p>\n<div id='gallery-1' class='gallery galleryid-91112 gallery-columns-1 gallery-size-full'><figure class='gallery-item'>\n\t\t\t<div class='gallery-icon landscape'>\n\t\t\t\t<a href='https:\/\/likemetkovic.hr\/portal\/uspjesan-nastup-metkovskih-biciklista-u-2-kolu-xc-zimske-lige-dalmacije\/bk-metkovic_edited\/'><img decoding=\"async\" width=\"779\" height=\"519\" src=\"https:\/\/likemetkovic.hr\/portal\/wp-content\/uploads\/2019\/10\/bk-metkovic_edited.jpg\" class=\"attachment-full size-full\" alt=\"\" srcset=\"https:\/\/likemetkovic.hr\/portal\/wp-content\/uploads\/2019\/10\/bk-metkovic_edited.jpg 779w, https:\/\/likemetkovic.hr\/portal\/wp-content\/uploads\/2019\/10\/bk-metkovic_edited-768x512.jpg 768w, https:\/\/likemetkovic.hr\/portal\/wp-content\/uploads\/2019\/10\/bk-metkovic_edited-696x464.jpg 696w, https:\/\/likemetkovic.hr\/portal\/wp-content\/uploads\/2019\/10\/bk-metkovic_edited-630x420.jpg 630w\" sizes=\"(max-width: 779px) 100vw, 779px\" \/><\/a>\n\t\t\t<\/div><\/figure>\n\t\t<\/div>\n\n<p>U kategoriji 30-40 Pero Primorac osvojio je 27. mjesto, a u kategoriji U17 Vinko Bulum je zavr\u0161io na 6. mjestu.<\/p>\n<p>Nakon seniorske ekipe na stazu su iza\u0161li <em>malci genijalci<\/em> i pokupili sve \u0161to se moglo pokupiti.<br \/>\nU kategoriji U9 djevoj\u010dice zlatna je bila Iva Dominikovi\u0107, srebrena Erika Malezija, bron\u010dana Cvita Talaji\u0107, a Monika Kuzman odli\u010dna peta.<\/p>\n<p>U kategorija U9 dje\u010daci Antonio Krsti\u010devi\u0107 je bio zlatni, Jure Kuzman srebreni, Vito Prusac peti.<\/p>\n<p>U kategoriji U11 op\u0107a dominacija na\u0161ih cura i dje\u010daka. Kod cura zlatna je bila Lara Bok\u0161i\u0107, srebrena Mara Talaji\u0107, bron\u010dana Lucija Kuzman a kod dje\u010daka zlato je osvojio Mate Krsti\u010devi\u0107, srebro David Leonti\u0107 i broncu Jure Vi\u0161tica.<\/p>\n<p>U kategoriji U13 Marko Talaji\u0107 je osvojio srebro, a Roko Ob\u0161iva\u010d je u kategoriji U15 bio peti.<\/p>\n<p>Sljede\u0107a utrka je sljede\u0107e nedjelje u Posedarju. Veliku fotogaleriju iz Stankovaca mo\u017eete pogledati na FB stranici <a href=\"https:\/\/www.facebook.com\/BiciklistickiKlubMetkovic\/photos\/pcb.2422337984649159\/2422337547982536\/?type=3&amp;theater\" target=\"_blank\" rel=\"noopener noreferrer\">BK Metkovi\u0107<\/a>.<\/p>\n","protected":false},"excerpt":{"rendered":"<p>U Ravnim Kotarima, to\u010dnije Stankovcima odr\u017eano je 2. kolo XC zimske lige Dalmacije koju je organiizrao Biciklisti\u010dki klub Aks i na kojem je sudjelovalo preko 200 natjecatelja, a me\u0111u njima i biciklisti iz BK Metkovi\u0107. Prvo je na start izi\u0161la seniorska ekipa i odmah bron\u010dana medalja u kategoriji \u017eene koju je osvojila Antea Kaleb. U [&hellip;]<\/p>\n","protected":false},"author":9,"featured_media":91113,"comment_status":"open","ping_status":"open","sticky":false,"template":"","format":"standard","meta":{"footnotes":""},"categories":[296,34],"tags":[1442,6238,6237],"class_list":{"0":"post-91112","1":"post","2":"type-post","3":"status-publish","4":"format-standard","5":"has-post-thumbnail","7":"category-ab","8":"category-biciklizam","9":"tag-bk-metkovic","10":"tag-stankovci","11":"tag-xc-zimske-lige-dalmacije"},"yoast_head":"<!-- This site is optimized with the Yoast SEO plugin v25.2 - https:\/\/yoast.com\/wordpress\/plugins\/seo\/ -->\n<title>Uspje\u0161an nastup metkovskih biciklista u 2. kolu XC zimske lige Dalmacije - likemetkovic.hr<\/title>\n<meta name=\"robots\" content=\"index, follow, max-snippet:-1, max-image-preview:large, max-video-preview:-1\" \/>\n<link rel=\"canonical\" href=\"https:\/\/likemetkovic.hr\/uspjesan-nastup-metkovskih-biciklista-u-2-kolu-xc-zimske-lige-dalmacije\/\" \/>\n<meta property=\"og:locale\" content=\"hr_HR\" \/>\n<meta property=\"og:type\" content=\"article\" \/>\n<meta property=\"og:title\" content=\"Uspje\u0161an nastup metkovskih biciklista u 2. kolu XC zimske lige Dalmacije - likemetkovic.hr\" \/>\n<meta property=\"og:description\" content=\"U Ravnim Kotarima, to\u010dnije Stankovcima odr\u017eano je 2. kolo XC zimske lige Dalmacije koju je organiizrao Biciklisti\u010dki klub Aks i na kojem je sudjelovalo preko 200 natjecatelja, a me\u0111u njima i biciklisti iz BK Metkovi\u0107. Prvo je na start izi\u0161la seniorska ekipa i odmah bron\u010dana medalja u kategoriji \u017eene koju je osvojila Antea Kaleb. U [&hellip;]\" \/>\n<meta property=\"og:url\" content=\"https:\/\/likemetkovic.hr\/uspjesan-nastup-metkovskih-biciklista-u-2-kolu-xc-zimske-lige-dalmacije\/\" \/>\n<meta property=\"og:site_name\" content=\"likemetkovic.hr\" \/>\n<meta property=\"article:publisher\" content=\"https:\/\/www.facebook.com\/likemetkovic.hr\/\" \/>\n<meta property=\"article:published_time\" content=\"2019-10-21T14:43:41+00:00\" \/>\n<meta property=\"og:image\" content=\"https:\/\/likemetkovic.hr\/wp-content\/uploads\/2019\/10\/bk-metkovic_edited.jpg\" \/>\n\t<meta property=\"og:image:width\" content=\"779\" \/>\n\t<meta property=\"og:image:height\" content=\"519\" \/>\n\t<meta property=\"og:image:type\" content=\"image\/jpeg\" \/>\n<meta name=\"author\" content=\"K. J.\" \/>\n<meta name=\"twitter:card\" content=\"summary_large_image\" \/>\n<meta name=\"twitter:label1\" content=\"Napisao\/la\" \/>\n\t<meta name=\"twitter:data1\" content=\"K. J.\" \/>\n\t<meta name=\"twitter:label2\" content=\"Procijenjeno vrijeme \u010ditanja\" \/>\n\t<meta name=\"twitter:data2\" content=\"1 minuta\" \/>\n<script type=\"application\/ld+json\" class=\"yoast-schema-graph\">{\"@context\":\"https:\/\/schema.org\",\"@graph\":[{\"@type\":\"WebPage\",\"@id\":\"https:\/\/likemetkovic.hr\/uspjesan-nastup-metkovskih-biciklista-u-2-kolu-xc-zimske-lige-dalmacije\/\",\"url\":\"https:\/\/likemetkovic.hr\/uspjesan-nastup-metkovskih-biciklista-u-2-kolu-xc-zimske-lige-dalmacije\/\",\"name\":\"Uspje\u0161an nastup metkovskih biciklista u 2. kolu XC zimske lige Dalmacije - likemetkovic.hr\",\"isPartOf\":{\"@id\":\"https:\/\/likemetkovic.hr\/#website\"},\"primaryImageOfPage\":{\"@id\":\"https:\/\/likemetkovic.hr\/uspjesan-nastup-metkovskih-biciklista-u-2-kolu-xc-zimske-lige-dalmacije\/#primaryimage\"},\"image\":{\"@id\":\"https:\/\/likemetkovic.hr\/uspjesan-nastup-metkovskih-biciklista-u-2-kolu-xc-zimske-lige-dalmacije\/#primaryimage\"},\"thumbnailUrl\":\"https:\/\/likemetkovic.hr\/portal\/wp-content\/uploads\/2019\/10\/bk-metkovic_edited.jpg\",\"datePublished\":\"2019-10-21T14:43:41+00:00\",\"author\":{\"@id\":\"https:\/\/likemetkovic.hr\/#\/schema\/person\/0a8b4ebfdfe1ff01192dccda40c5da0c\"},\"breadcrumb\":{\"@id\":\"https:\/\/likemetkovic.hr\/uspjesan-nastup-metkovskih-biciklista-u-2-kolu-xc-zimske-lige-dalmacije\/#breadcrumb\"},\"inLanguage\":\"hr\",\"potentialAction\":[{\"@type\":\"ReadAction\",\"target\":[\"https:\/\/likemetkovic.hr\/uspjesan-nastup-metkovskih-biciklista-u-2-kolu-xc-zimske-lige-dalmacije\/\"]}]},{\"@type\":\"ImageObject\",\"inLanguage\":\"hr\",\"@id\":\"https:\/\/likemetkovic.hr\/uspjesan-nastup-metkovskih-biciklista-u-2-kolu-xc-zimske-lige-dalmacije\/#primaryimage\",\"url\":\"https:\/\/likemetkovic.hr\/portal\/wp-content\/uploads\/2019\/10\/bk-metkovic_edited.jpg\",\"contentUrl\":\"https:\/\/likemetkovic.hr\/portal\/wp-content\/uploads\/2019\/10\/bk-metkovic_edited.jpg\",\"width\":779,\"height\":519},{\"@type\":\"BreadcrumbList\",\"@id\":\"https:\/\/likemetkovic.hr\/uspjesan-nastup-metkovskih-biciklista-u-2-kolu-xc-zimske-lige-dalmacije\/#breadcrumb\",\"itemListElement\":[{\"@type\":\"ListItem\",\"position\":1,\"name\":\"Po\u010detna stranica\",\"item\":\"https:\/\/likemetkovic.hr\/portal\/\"},{\"@type\":\"ListItem\",\"position\":2,\"name\":\"Uspje\u0161an nastup metkovskih biciklista u 2. kolu XC zimske lige Dalmacije\"}]},{\"@type\":\"WebSite\",\"@id\":\"https:\/\/likemetkovic.hr\/#website\",\"url\":\"https:\/\/likemetkovic.hr\/\",\"name\":\"likemetkovic.hr\",\"description\":\"Misli pozitivno... \u010ditaj LIKE\",\"potentialAction\":[{\"@type\":\"SearchAction\",\"target\":{\"@type\":\"EntryPoint\",\"urlTemplate\":\"https:\/\/likemetkovic.hr\/?s={search_term_string}\"},\"query-input\":{\"@type\":\"PropertyValueSpecification\",\"valueRequired\":true,\"valueName\":\"search_term_string\"}}],\"inLanguage\":\"hr\"},{\"@type\":\"Person\",\"@id\":\"https:\/\/likemetkovic.hr\/#\/schema\/person\/0a8b4ebfdfe1ff01192dccda40c5da0c\",\"name\":\"K. J.\",\"url\":\"https:\/\/likemetkovic.hr\/portal\/author\/likemetkovic\/\"}]}<\/script>\n<!-- \/ Yoast SEO plugin. -->","yoast_head_json":{"title":"Uspje\u0161an nastup metkovskih biciklista u 2. kolu XC zimske lige Dalmacije - likemetkovic.hr","robots":{"index":"index","follow":"follow","max-snippet":"max-snippet:-1","max-image-preview":"max-image-preview:large","max-video-preview":"max-video-preview:-1"},"canonical":"https:\/\/likemetkovic.hr\/uspjesan-nastup-metkovskih-biciklista-u-2-kolu-xc-zimske-lige-dalmacije\/","og_locale":"hr_HR","og_type":"article","og_title":"Uspje\u0161an nastup metkovskih biciklista u 2. kolu XC zimske lige Dalmacije - likemetkovic.hr","og_description":"U Ravnim Kotarima, to\u010dnije Stankovcima odr\u017eano je 2. kolo XC zimske lige Dalmacije koju je organiizrao Biciklisti\u010dki klub Aks i na kojem je sudjelovalo preko 200 natjecatelja, a me\u0111u njima i biciklisti iz BK Metkovi\u0107. Prvo je na start izi\u0161la seniorska ekipa i odmah bron\u010dana medalja u kategoriji \u017eene koju je osvojila Antea Kaleb. U [&hellip;]","og_url":"https:\/\/likemetkovic.hr\/uspjesan-nastup-metkovskih-biciklista-u-2-kolu-xc-zimske-lige-dalmacije\/","og_site_name":"likemetkovic.hr","article_publisher":"https:\/\/www.facebook.com\/likemetkovic.hr\/","article_published_time":"2019-10-21T14:43:41+00:00","og_image":[{"width":779,"height":519,"url":"https:\/\/likemetkovic.hr\/wp-content\/uploads\/2019\/10\/bk-metkovic_edited.jpg","type":"image\/jpeg"}],"author":"K. J.","twitter_card":"summary_large_image","twitter_misc":{"Napisao\/la":"K. J.","Procijenjeno vrijeme \u010ditanja":"1 minuta"},"schema":{"@context":"https:\/\/schema.org","@graph":[{"@type":"WebPage","@id":"https:\/\/likemetkovic.hr\/uspjesan-nastup-metkovskih-biciklista-u-2-kolu-xc-zimske-lige-dalmacije\/","url":"https:\/\/likemetkovic.hr\/uspjesan-nastup-metkovskih-biciklista-u-2-kolu-xc-zimske-lige-dalmacije\/","name":"Uspje\u0161an nastup metkovskih biciklista u 2. kolu XC zimske lige Dalmacije - likemetkovic.hr","isPartOf":{"@id":"https:\/\/likemetkovic.hr\/#website"},"primaryImageOfPage":{"@id":"https:\/\/likemetkovic.hr\/uspjesan-nastup-metkovskih-biciklista-u-2-kolu-xc-zimske-lige-dalmacije\/#primaryimage"},"image":{"@id":"https:\/\/likemetkovic.hr\/uspjesan-nastup-metkovskih-biciklista-u-2-kolu-xc-zimske-lige-dalmacije\/#primaryimage"},"thumbnailUrl":"https:\/\/likemetkovic.hr\/portal\/wp-content\/uploads\/2019\/10\/bk-metkovic_edited.jpg","datePublished":"2019-10-21T14:43:41+00:00","author":{"@id":"https:\/\/likemetkovic.hr\/#\/schema\/person\/0a8b4ebfdfe1ff01192dccda40c5da0c"},"breadcrumb":{"@id":"https:\/\/likemetkovic.hr\/uspjesan-nastup-metkovskih-biciklista-u-2-kolu-xc-zimske-lige-dalmacije\/#breadcrumb"},"inLanguage":"hr","potentialAction":[{"@type":"ReadAction","target":["https:\/\/likemetkovic.hr\/uspjesan-nastup-metkovskih-biciklista-u-2-kolu-xc-zimske-lige-dalmacije\/"]}]},{"@type":"ImageObject","inLanguage":"hr","@id":"https:\/\/likemetkovic.hr\/uspjesan-nastup-metkovskih-biciklista-u-2-kolu-xc-zimske-lige-dalmacije\/#primaryimage","url":"https:\/\/likemetkovic.hr\/portal\/wp-content\/uploads\/2019\/10\/bk-metkovic_edited.jpg","contentUrl":"https:\/\/likemetkovic.hr\/portal\/wp-content\/uploads\/2019\/10\/bk-metkovic_edited.jpg","width":779,"height":519},{"@type":"BreadcrumbList","@id":"https:\/\/likemetkovic.hr\/uspjesan-nastup-metkovskih-biciklista-u-2-kolu-xc-zimske-lige-dalmacije\/#breadcrumb","itemListElement":[{"@type":"ListItem","position":1,"name":"Po\u010detna stranica","item":"https:\/\/likemetkovic.hr\/portal\/"},{"@type":"ListItem","position":2,"name":"Uspje\u0161an nastup metkovskih biciklista u 2. kolu XC zimske lige Dalmacije"}]},{"@type":"WebSite","@id":"https:\/\/likemetkovic.hr\/#website","url":"https:\/\/likemetkovic.hr\/","name":"likemetkovic.hr","description":"Misli pozitivno... \u010ditaj LIKE","potentialAction":[{"@type":"SearchAction","target":{"@type":"EntryPoint","urlTemplate":"https:\/\/likemetkovic.hr\/?s={search_term_string}"},"query-input":{"@type":"PropertyValueSpecification","valueRequired":true,"valueName":"search_term_string"}}],"inLanguage":"hr"},{"@type":"Person","@id":"https:\/\/likemetkovic.hr\/#\/schema\/person\/0a8b4ebfdfe1ff01192dccda40c5da0c","name":"K. J.","url":"https:\/\/likemetkovic.hr\/portal\/author\/likemetkovic\/"}]}},"_links":{"self":[{"href":"https:\/\/likemetkovic.hr\/portal\/wp-json\/wp\/v2\/posts\/91112","targetHints":{"allow":["GET"]}}],"collection":[{"href":"https:\/\/likemetkovic.hr\/portal\/wp-json\/wp\/v2\/posts"}],"about":[{"href":"https:\/\/likemetkovic.hr\/portal\/wp-json\/wp\/v2\/types\/post"}],"author":[{"embeddable":true,"href":"https:\/\/likemetkovic.hr\/portal\/wp-json\/wp\/v2\/users\/9"}],"replies":[{"embeddable":true,"href":"https:\/\/likemetkovic.hr\/portal\/wp-json\/wp\/v2\/comments?post=91112"}],"version-history":[{"count":0,"href":"https:\/\/likemetkovic.hr\/portal\/wp-json\/wp\/v2\/posts\/91112\/revisions"}],"wp:featuredmedia":[{"embeddable":true,"href":"https:\/\/likemetkovic.hr\/portal\/wp-json\/wp\/v2\/media\/91113"}],"wp:attachment":[{"href":"https:\/\/likemetkovic.hr\/portal\/wp-json\/wp\/v2\/media?parent=91112"}],"wp:term":[{"taxonomy":"category","embeddable":true,"href":"https:\/\/likemetkovic.hr\/portal\/wp-json\/wp\/v2\/categories?post=91112"},{"taxonomy":"post_tag","embeddable":true,"href":"https:\/\/likemetkovic.hr\/portal\/wp-json\/wp\/v2\/tags?post=91112"}],"curies":[{"name":"wp","href":"https:\/\/api.w.org\/{rel}","templated":true}]}}