{"id":9125,"date":"2015-09-08T07:04:49","date_gmt":"2015-09-08T05:04:49","guid":{"rendered":"http:\/\/likemetkovic.hr\/?p=9125"},"modified":"2015-09-08T07:04:49","modified_gmt":"2015-09-08T05:04:49","slug":"bk-metkovic-proslavio-prvi-rodendan","status":"publish","type":"post","link":"https:\/\/likemetkovic.hr\/portal\/bk-metkovic-proslavio-prvi-rodendan\/","title":{"rendered":"BK Metkovi\u0107 proslavio prvi ro\u0111endan"},"content":{"rendered":"<p>U nedjelju je BK Metkovi\u0107 proslavio svoj prvi ro\u0111endan. Ro\u0111endansko slavlje \u00a0zapo\u010delo je biciklijadom po gradu kojom prilikom su predstavljeni novi dresovi Kluba, a ruta biciklijade povezala je sjedi\u0161ta ve\u0107ine sponzora Kluba gdje su izvr\u0161ena prigodna fotografiranja (caffe bar Casper, Trgovina \u201ePreko\u201c, T-reklam, Rasadnik Prud, Restaurant \u0110u\u0111a &amp; Mate, Dalmata, Caffe bar \u201eNo limit\u201c, Auto \u0161kola \u201e\u017dabac\u201c, Uniqa osiguranje).<\/p>\n<p>Nakon biciklijade slavlje se nastavilo u caffe baru \u201eCasper\u201c gdje je doma\u0107in organizirao prigodni ro\u0161tilj za sve \u010dlanove i sponzore Kluba. \u00a0Uz \u010dlanove i sponzore svojim dolaskom proslavu su uveli\u010dali i zamjenik gradona\u010delnika grada Metkovi\u0107a Nikola Grmoja, te predsjednik sportske zajednice grada Metkovi\u0107a Ante Zovko koji su pohvalili rad i napredak \u00a0Kluba u prvih godinu dana postojanja, te za\u017eeljeli puno sre\u0107e u daljnjem radu.<\/p>\n<p>U ovih godinu\u00a0 dana BK Metkovi\u0107 organizirao je me\u0111unarodnu biciklijadu \u201eOno malo vi\u0161e\u201c ,rekreativno brdski \u0111ir \u201eBitka na Neretvi\u201c, utrku XC zimske dalmatinske lige \u201eNarona 2015\u201c,akciju prikupljanja humanitarne pomo\u0107i za nadbiskupsko sjemeni\u0161te Petar Barbari\u0107 u Travniku, a jedna od najve\u0107ih i najte\u017eih stavki je bila nabavka biciklisti\u010dkih dresova. Isto tako Klub je sudjelovao na natjecanjima i ostalim manifestacijama u organizaciji drugih biciklisti\u010dkih klubova, gdje su promoviranilub, grad i biciklizma kao rekreativni, sportski i zdravi na\u010din \u017eivljenja.<\/p>\n<p>&#8220;Prezadovoljni smo stvarima koje smo uradili u ovih godinu dana i \u017eelimo tako nastaviti u budu\u0107nosti. Veliko hvala svim \u010dlanovima i prijateljima Kluba koji su ulo\u017eili puno truda, volje i vremena kako bi na bilo koji na\u010din pomogli Klubu i naravno hvala svim sponzorima i donatorima \u0161to su prepoznali na\u0161 rad i pomogli nam kad je trebalo&#8221; &#8211; zaklju\u010dio je predsjednik BK Metkovi\u0107 Dalibor Talaji\u0107.<\/p>\n<p><em><span style=\"color: #999999;\">http:\/\/www.bkmetkovic.com\/<\/span><\/em><\/p>\n","protected":false},"excerpt":{"rendered":"<p>U nedjelju je BK Metkovi\u0107 proslavio svoj prvi ro\u0111endan. Ro\u0111endansko slavlje \u00a0zapo\u010delo je biciklijadom po gradu kojom prilikom su predstavljeni novi dresovi Kluba, a ruta biciklijade povezala je sjedi\u0161ta ve\u0107ine sponzora Kluba gdje su izvr\u0161ena prigodna fotografiranja (caffe bar Casper, Trgovina \u201ePreko\u201c, T-reklam, Rasadnik Prud, Restaurant \u0110u\u0111a &amp; Mate, Dalmata, Caffe bar \u201eNo limit\u201c, Auto [&hellip;]<\/p>\n","protected":false},"author":7,"featured_media":9133,"comment_status":"closed","ping_status":"closed","sticky":false,"template":"","format":"standard","meta":{"footnotes":""},"categories":[34],"tags":[],"class_list":{"0":"post-9125","1":"post","2":"type-post","3":"status-publish","4":"format-standard","5":"has-post-thumbnail","7":"category-biciklizam"},"yoast_head":"<!-- This site is optimized with the Yoast SEO plugin v25.2 - https:\/\/yoast.com\/wordpress\/plugins\/seo\/ -->\n<title>BK Metkovi\u0107 proslavio prvi ro\u0111endan<\/title>\n<meta name=\"robots\" content=\"index, follow, max-snippet:-1, max-image-preview:large, max-video-preview:-1\" \/>\n<link rel=\"canonical\" href=\"https:\/\/likemetkovic.hr\/bk-metkovic-proslavio-prvi-rodendan\/\" \/>\n<meta property=\"og:locale\" content=\"hr_HR\" \/>\n<meta property=\"og:type\" content=\"article\" \/>\n<meta property=\"og:title\" content=\"BK Metkovi\u0107 proslavio prvi ro\u0111endan\" \/>\n<meta property=\"og:description\" content=\"U nedjelju je BK Metkovi\u0107 proslavio svoj prvi ro\u0111endan. Ro\u0111endansko slavlje \u00a0zapo\u010delo je biciklijadom po gradu kojom prilikom su predstavljeni novi dresovi Kluba, a ruta biciklijade povezala je sjedi\u0161ta ve\u0107ine sponzora Kluba gdje su izvr\u0161ena prigodna fotografiranja (caffe bar Casper, Trgovina \u201ePreko\u201c, T-reklam, Rasadnik Prud, Restaurant \u0110u\u0111a &amp; Mate, Dalmata, Caffe bar \u201eNo limit\u201c, Auto [&hellip;]\" \/>\n<meta property=\"og:url\" content=\"https:\/\/likemetkovic.hr\/bk-metkovic-proslavio-prvi-rodendan\/\" \/>\n<meta property=\"og:site_name\" content=\"likemetkovic.hr\" \/>\n<meta property=\"article:publisher\" content=\"https:\/\/www.facebook.com\/likemetkovic.hr\/\" \/>\n<meta property=\"article:published_time\" content=\"2015-09-08T05:04:49+00:00\" \/>\n<meta property=\"og:image\" content=\"https:\/\/likemetkovic.hr\/wp-content\/uploads\/2015\/09\/5952369_orig.jpg\" \/>\n\t<meta property=\"og:image:width\" content=\"800\" \/>\n\t<meta property=\"og:image:height\" content=\"600\" \/>\n\t<meta property=\"og:image:type\" content=\"image\/jpeg\" \/>\n<meta name=\"author\" content=\"LIKEmetkovic.hr\" \/>\n<meta name=\"twitter:card\" content=\"summary_large_image\" \/>\n<meta name=\"twitter:label1\" content=\"Napisao\/la\" \/>\n\t<meta name=\"twitter:data1\" content=\"LIKEmetkovic.hr\" \/>\n\t<meta name=\"twitter:label2\" content=\"Procijenjeno vrijeme \u010ditanja\" \/>\n\t<meta name=\"twitter:data2\" content=\"1 minuta\" \/>\n<script type=\"application\/ld+json\" class=\"yoast-schema-graph\">{\"@context\":\"https:\/\/schema.org\",\"@graph\":[{\"@type\":\"WebPage\",\"@id\":\"https:\/\/likemetkovic.hr\/bk-metkovic-proslavio-prvi-rodendan\/\",\"url\":\"https:\/\/likemetkovic.hr\/bk-metkovic-proslavio-prvi-rodendan\/\",\"name\":\"BK Metkovi\u0107 proslavio prvi ro\u0111endan\",\"isPartOf\":{\"@id\":\"https:\/\/likemetkovic.hr\/#website\"},\"primaryImageOfPage\":{\"@id\":\"https:\/\/likemetkovic.hr\/bk-metkovic-proslavio-prvi-rodendan\/#primaryimage\"},\"image\":{\"@id\":\"https:\/\/likemetkovic.hr\/bk-metkovic-proslavio-prvi-rodendan\/#primaryimage\"},\"thumbnailUrl\":\"https:\/\/likemetkovic.hr\/portal\/wp-content\/uploads\/2015\/09\/5952369_orig.jpg\",\"datePublished\":\"2015-09-08T05:04:49+00:00\",\"author\":{\"@id\":\"https:\/\/likemetkovic.hr\/#\/schema\/person\/a42711f3385a0e2be6f7e0443bfb28f0\"},\"breadcrumb\":{\"@id\":\"https:\/\/likemetkovic.hr\/bk-metkovic-proslavio-prvi-rodendan\/#breadcrumb\"},\"inLanguage\":\"hr\",\"potentialAction\":[{\"@type\":\"ReadAction\",\"target\":[\"https:\/\/likemetkovic.hr\/bk-metkovic-proslavio-prvi-rodendan\/\"]}]},{\"@type\":\"ImageObject\",\"inLanguage\":\"hr\",\"@id\":\"https:\/\/likemetkovic.hr\/bk-metkovic-proslavio-prvi-rodendan\/#primaryimage\",\"url\":\"https:\/\/likemetkovic.hr\/portal\/wp-content\/uploads\/2015\/09\/5952369_orig.jpg\",\"contentUrl\":\"https:\/\/likemetkovic.hr\/portal\/wp-content\/uploads\/2015\/09\/5952369_orig.jpg\",\"width\":800,\"height\":600},{\"@type\":\"BreadcrumbList\",\"@id\":\"https:\/\/likemetkovic.hr\/bk-metkovic-proslavio-prvi-rodendan\/#breadcrumb\",\"itemListElement\":[{\"@type\":\"ListItem\",\"position\":1,\"name\":\"Po\u010detna stranica\",\"item\":\"https:\/\/likemetkovic.hr\/portal\/\"},{\"@type\":\"ListItem\",\"position\":2,\"name\":\"BK Metkovi\u0107 proslavio prvi ro\u0111endan\"}]},{\"@type\":\"WebSite\",\"@id\":\"https:\/\/likemetkovic.hr\/#website\",\"url\":\"https:\/\/likemetkovic.hr\/\",\"name\":\"likemetkovic.hr\",\"description\":\"Misli pozitivno... \u010ditaj LIKE\",\"potentialAction\":[{\"@type\":\"SearchAction\",\"target\":{\"@type\":\"EntryPoint\",\"urlTemplate\":\"https:\/\/likemetkovic.hr\/?s={search_term_string}\"},\"query-input\":{\"@type\":\"PropertyValueSpecification\",\"valueRequired\":true,\"valueName\":\"search_term_string\"}}],\"inLanguage\":\"hr\"},{\"@type\":\"Person\",\"@id\":\"https:\/\/likemetkovic.hr\/#\/schema\/person\/a42711f3385a0e2be6f7e0443bfb28f0\",\"name\":\"LIKEmetkovic.hr\",\"sameAs\":[\"http:\/\/likemetkovic.hr\"],\"url\":\"https:\/\/likemetkovic.hr\/portal\/author\/likemetkovic-hr\/\"}]}<\/script>\n<!-- \/ Yoast SEO plugin. -->","yoast_head_json":{"title":"BK Metkovi\u0107 proslavio prvi ro\u0111endan","robots":{"index":"index","follow":"follow","max-snippet":"max-snippet:-1","max-image-preview":"max-image-preview:large","max-video-preview":"max-video-preview:-1"},"canonical":"https:\/\/likemetkovic.hr\/bk-metkovic-proslavio-prvi-rodendan\/","og_locale":"hr_HR","og_type":"article","og_title":"BK Metkovi\u0107 proslavio prvi ro\u0111endan","og_description":"U nedjelju je BK Metkovi\u0107 proslavio svoj prvi ro\u0111endan. Ro\u0111endansko slavlje \u00a0zapo\u010delo je biciklijadom po gradu kojom prilikom su predstavljeni novi dresovi Kluba, a ruta biciklijade povezala je sjedi\u0161ta ve\u0107ine sponzora Kluba gdje su izvr\u0161ena prigodna fotografiranja (caffe bar Casper, Trgovina \u201ePreko\u201c, T-reklam, Rasadnik Prud, Restaurant \u0110u\u0111a &amp; Mate, Dalmata, Caffe bar \u201eNo limit\u201c, Auto [&hellip;]","og_url":"https:\/\/likemetkovic.hr\/bk-metkovic-proslavio-prvi-rodendan\/","og_site_name":"likemetkovic.hr","article_publisher":"https:\/\/www.facebook.com\/likemetkovic.hr\/","article_published_time":"2015-09-08T05:04:49+00:00","og_image":[{"width":800,"height":600,"url":"https:\/\/likemetkovic.hr\/wp-content\/uploads\/2015\/09\/5952369_orig.jpg","type":"image\/jpeg"}],"author":"LIKEmetkovic.hr","twitter_card":"summary_large_image","twitter_misc":{"Napisao\/la":"LIKEmetkovic.hr","Procijenjeno vrijeme \u010ditanja":"1 minuta"},"schema":{"@context":"https:\/\/schema.org","@graph":[{"@type":"WebPage","@id":"https:\/\/likemetkovic.hr\/bk-metkovic-proslavio-prvi-rodendan\/","url":"https:\/\/likemetkovic.hr\/bk-metkovic-proslavio-prvi-rodendan\/","name":"BK Metkovi\u0107 proslavio prvi ro\u0111endan","isPartOf":{"@id":"https:\/\/likemetkovic.hr\/#website"},"primaryImageOfPage":{"@id":"https:\/\/likemetkovic.hr\/bk-metkovic-proslavio-prvi-rodendan\/#primaryimage"},"image":{"@id":"https:\/\/likemetkovic.hr\/bk-metkovic-proslavio-prvi-rodendan\/#primaryimage"},"thumbnailUrl":"https:\/\/likemetkovic.hr\/portal\/wp-content\/uploads\/2015\/09\/5952369_orig.jpg","datePublished":"2015-09-08T05:04:49+00:00","author":{"@id":"https:\/\/likemetkovic.hr\/#\/schema\/person\/a42711f3385a0e2be6f7e0443bfb28f0"},"breadcrumb":{"@id":"https:\/\/likemetkovic.hr\/bk-metkovic-proslavio-prvi-rodendan\/#breadcrumb"},"inLanguage":"hr","potentialAction":[{"@type":"ReadAction","target":["https:\/\/likemetkovic.hr\/bk-metkovic-proslavio-prvi-rodendan\/"]}]},{"@type":"ImageObject","inLanguage":"hr","@id":"https:\/\/likemetkovic.hr\/bk-metkovic-proslavio-prvi-rodendan\/#primaryimage","url":"https:\/\/likemetkovic.hr\/portal\/wp-content\/uploads\/2015\/09\/5952369_orig.jpg","contentUrl":"https:\/\/likemetkovic.hr\/portal\/wp-content\/uploads\/2015\/09\/5952369_orig.jpg","width":800,"height":600},{"@type":"BreadcrumbList","@id":"https:\/\/likemetkovic.hr\/bk-metkovic-proslavio-prvi-rodendan\/#breadcrumb","itemListElement":[{"@type":"ListItem","position":1,"name":"Po\u010detna stranica","item":"https:\/\/likemetkovic.hr\/portal\/"},{"@type":"ListItem","position":2,"name":"BK Metkovi\u0107 proslavio prvi ro\u0111endan"}]},{"@type":"WebSite","@id":"https:\/\/likemetkovic.hr\/#website","url":"https:\/\/likemetkovic.hr\/","name":"likemetkovic.hr","description":"Misli pozitivno... \u010ditaj LIKE","potentialAction":[{"@type":"SearchAction","target":{"@type":"EntryPoint","urlTemplate":"https:\/\/likemetkovic.hr\/?s={search_term_string}"},"query-input":{"@type":"PropertyValueSpecification","valueRequired":true,"valueName":"search_term_string"}}],"inLanguage":"hr"},{"@type":"Person","@id":"https:\/\/likemetkovic.hr\/#\/schema\/person\/a42711f3385a0e2be6f7e0443bfb28f0","name":"LIKEmetkovic.hr","sameAs":["http:\/\/likemetkovic.hr"],"url":"https:\/\/likemetkovic.hr\/portal\/author\/likemetkovic-hr\/"}]}},"_links":{"self":[{"href":"https:\/\/likemetkovic.hr\/portal\/wp-json\/wp\/v2\/posts\/9125","targetHints":{"allow":["GET"]}}],"collection":[{"href":"https:\/\/likemetkovic.hr\/portal\/wp-json\/wp\/v2\/posts"}],"about":[{"href":"https:\/\/likemetkovic.hr\/portal\/wp-json\/wp\/v2\/types\/post"}],"author":[{"embeddable":true,"href":"https:\/\/likemetkovic.hr\/portal\/wp-json\/wp\/v2\/users\/7"}],"replies":[{"embeddable":true,"href":"https:\/\/likemetkovic.hr\/portal\/wp-json\/wp\/v2\/comments?post=9125"}],"version-history":[{"count":0,"href":"https:\/\/likemetkovic.hr\/portal\/wp-json\/wp\/v2\/posts\/9125\/revisions"}],"wp:featuredmedia":[{"embeddable":true,"href":"https:\/\/likemetkovic.hr\/portal\/wp-json\/wp\/v2\/media\/9133"}],"wp:attachment":[{"href":"https:\/\/likemetkovic.hr\/portal\/wp-json\/wp\/v2\/media?parent=9125"}],"wp:term":[{"taxonomy":"category","embeddable":true,"href":"https:\/\/likemetkovic.hr\/portal\/wp-json\/wp\/v2\/categories?post=9125"},{"taxonomy":"post_tag","embeddable":true,"href":"https:\/\/likemetkovic.hr\/portal\/wp-json\/wp\/v2\/tags?post=9125"}],"curies":[{"name":"wp","href":"https:\/\/api.w.org\/{rel}","templated":true}]}}