{"id":9268,"date":"2015-09-13T07:00:40","date_gmt":"2015-09-13T05:00:40","guid":{"rendered":"http:\/\/likemetkovic.hr\/?p=9268"},"modified":"2015-09-13T09:19:23","modified_gmt":"2015-09-13T07:19:23","slug":"ante-zivkovic-prvi-u-italiji-danas-nova-utrka","status":"publish","type":"post","link":"https:\/\/likemetkovic.hr\/portal\/ante-zivkovic-prvi-u-italiji-danas-nova-utrka\/","title":{"rendered":"Ante \u017divkovi\u0107 prvi u Italiji!"},"content":{"rendered":"<p>U subotu,\u00a012.9. u Briotti-u, talijanskoj pokrajini Valtellina odr\u017ean je 2. LA MEZZA DELL&#8217;ACQUA polumaraton.<\/p>\n<div class=\"text_exposed_show\">Ovo 6. godina za organizatore, ali je druga godina kako organiziraju polumaraton. Va\u017eno je spomeniti da je start i cilj utrke iznad 1000 m n\/v, te to predstavlja jos ve\u0107i izazov za sve trka\u010de. U utrci je udjelovalo oko 400 trka\u010da, a jedan od njih je bio i Ante \u017divkovic, te je na polumaratonu upisao svoj novi osobni rekord, 1:23:27, \u0161to mu je bilo dovoljno za 7. mjesto ukupno i <strong>prvo mjesto u kategoriji seniora<\/strong>. &#8220;Zadovoljan sam utrkom, iako sam ponovno brzo startao, ipak se treba izma\u0107i iz te cijele gu\u017eve na startu. Moj tre\u0107i polumaraton i ujedno najljep\u0161i sto se ti\u010de okru\u017eenja, prirode, uz to je organiziran popodne kada vi\u0161e volim tr\u010dati. \u0160to se ti\u010de same staze, mo\u017eda je i teza od Dubrova\u010dkog i Sui\u010dkog polumaratona jer se tr\u010di po makadamu, \u0161to dosta usporava, uz to i nadmorska visina je preko 1000 m, a po\u010detni uspon i uspon na 16-om kilometru su bili za mnoge trka\u010de pogubni. Da utrka bude zanimljivija organizator se pobrinuo tako sto je staza prolazila kroz tunele kojima je nekada prolazio vlak; ti tuneli su nas pratili 4 kilometra, te nije bilo ni malo ugodno tr\u010dati kroz njih, prvo zbog mraka, a drugo zbog podloge koja je bila jos te\u017ea. Na kraju mogu re\u0107i da sam zadovoljan organizacijom i utrkom, te ako budem u mogu\u0107nosti i idu\u0107e godine, sigurno \u0107u posjetiti utrku.&#8221;<\/div>\n<div class=\"text_exposed_show\">Ina\u010de, pobjednik utrke je Talijan Giovanni Arduini.<\/div>\n","protected":false},"excerpt":{"rendered":"<p>U subotu,\u00a012.9. u Briotti-u, talijanskoj pokrajini Valtellina odr\u017ean je 2. LA MEZZA DELL&#8217;ACQUA polumaraton. Ovo 6. godina za organizatore, ali je druga godina kako organiziraju polumaraton. Va\u017eno je spomeniti da je start i cilj utrke iznad 1000 m n\/v, te to predstavlja jos ve\u0107i izazov za sve trka\u010de. U utrci je udjelovalo oko 400 trka\u010da, [&hellip;]<\/p>\n","protected":false},"author":7,"featured_media":9269,"comment_status":"closed","ping_status":"closed","sticky":false,"template":"","format":"standard","meta":{"footnotes":""},"categories":[10],"tags":[],"class_list":{"0":"post-9268","1":"post","2":"type-post","3":"status-publish","4":"format-standard","5":"has-post-thumbnail","7":"category-sport"},"yoast_head":"<!-- This site is optimized with the Yoast SEO plugin v25.2 - https:\/\/yoast.com\/wordpress\/plugins\/seo\/ -->\n<title>Ante \u017divkovi\u0107 prvi u Italiji!<\/title>\n<meta name=\"robots\" content=\"index, follow, max-snippet:-1, max-image-preview:large, max-video-preview:-1\" \/>\n<link rel=\"canonical\" href=\"https:\/\/likemetkovic.hr\/ante-zivkovic-prvi-u-italiji-danas-nova-utrka\/\" \/>\n<meta property=\"og:locale\" content=\"hr_HR\" \/>\n<meta property=\"og:type\" content=\"article\" \/>\n<meta property=\"og:title\" content=\"Ante \u017divkovi\u0107 prvi u Italiji!\" \/>\n<meta property=\"og:description\" content=\"U subotu,\u00a012.9. u Briotti-u, talijanskoj pokrajini Valtellina odr\u017ean je 2. LA MEZZA DELL&#8217;ACQUA polumaraton. Ovo 6. godina za organizatore, ali je druga godina kako organiziraju polumaraton. Va\u017eno je spomeniti da je start i cilj utrke iznad 1000 m n\/v, te to predstavlja jos ve\u0107i izazov za sve trka\u010de. U utrci je udjelovalo oko 400 trka\u010da, [&hellip;]\" \/>\n<meta property=\"og:url\" content=\"https:\/\/likemetkovic.hr\/ante-zivkovic-prvi-u-italiji-danas-nova-utrka\/\" \/>\n<meta property=\"og:site_name\" content=\"likemetkovic.hr\" \/>\n<meta property=\"article:publisher\" content=\"https:\/\/www.facebook.com\/likemetkovic.hr\/\" \/>\n<meta property=\"article:published_time\" content=\"2015-09-13T05:00:40+00:00\" \/>\n<meta property=\"article:modified_time\" content=\"2015-09-13T07:19:23+00:00\" \/>\n<meta property=\"og:image\" content=\"https:\/\/likemetkovic.hr\/wp-content\/uploads\/2015\/09\/ante-\u017eivkovic_1.jpg\" \/>\n\t<meta property=\"og:image:width\" content=\"791\" \/>\n\t<meta property=\"og:image:height\" content=\"600\" \/>\n\t<meta property=\"og:image:type\" content=\"image\/jpeg\" \/>\n<meta name=\"author\" content=\"LIKEmetkovic.hr\" \/>\n<meta name=\"twitter:card\" content=\"summary_large_image\" \/>\n<meta name=\"twitter:label1\" content=\"Napisao\/la\" \/>\n\t<meta name=\"twitter:data1\" content=\"LIKEmetkovic.hr\" \/>\n\t<meta name=\"twitter:label2\" content=\"Procijenjeno vrijeme \u010ditanja\" \/>\n\t<meta name=\"twitter:data2\" content=\"1 minuta\" \/>\n<script type=\"application\/ld+json\" class=\"yoast-schema-graph\">{\"@context\":\"https:\/\/schema.org\",\"@graph\":[{\"@type\":\"WebPage\",\"@id\":\"https:\/\/likemetkovic.hr\/ante-zivkovic-prvi-u-italiji-danas-nova-utrka\/\",\"url\":\"https:\/\/likemetkovic.hr\/ante-zivkovic-prvi-u-italiji-danas-nova-utrka\/\",\"name\":\"Ante \u017divkovi\u0107 prvi u Italiji!\",\"isPartOf\":{\"@id\":\"https:\/\/likemetkovic.hr\/#website\"},\"primaryImageOfPage\":{\"@id\":\"https:\/\/likemetkovic.hr\/ante-zivkovic-prvi-u-italiji-danas-nova-utrka\/#primaryimage\"},\"image\":{\"@id\":\"https:\/\/likemetkovic.hr\/ante-zivkovic-prvi-u-italiji-danas-nova-utrka\/#primaryimage\"},\"thumbnailUrl\":\"https:\/\/likemetkovic.hr\/portal\/wp-content\/uploads\/2015\/09\/ante-\u017eivkovic_1.jpg\",\"datePublished\":\"2015-09-13T05:00:40+00:00\",\"dateModified\":\"2015-09-13T07:19:23+00:00\",\"author\":{\"@id\":\"https:\/\/likemetkovic.hr\/#\/schema\/person\/a42711f3385a0e2be6f7e0443bfb28f0\"},\"breadcrumb\":{\"@id\":\"https:\/\/likemetkovic.hr\/ante-zivkovic-prvi-u-italiji-danas-nova-utrka\/#breadcrumb\"},\"inLanguage\":\"hr\",\"potentialAction\":[{\"@type\":\"ReadAction\",\"target\":[\"https:\/\/likemetkovic.hr\/ante-zivkovic-prvi-u-italiji-danas-nova-utrka\/\"]}]},{\"@type\":\"ImageObject\",\"inLanguage\":\"hr\",\"@id\":\"https:\/\/likemetkovic.hr\/ante-zivkovic-prvi-u-italiji-danas-nova-utrka\/#primaryimage\",\"url\":\"https:\/\/likemetkovic.hr\/portal\/wp-content\/uploads\/2015\/09\/ante-\u017eivkovic_1.jpg\",\"contentUrl\":\"https:\/\/likemetkovic.hr\/portal\/wp-content\/uploads\/2015\/09\/ante-\u017eivkovic_1.jpg\",\"width\":791,\"height\":600},{\"@type\":\"BreadcrumbList\",\"@id\":\"https:\/\/likemetkovic.hr\/ante-zivkovic-prvi-u-italiji-danas-nova-utrka\/#breadcrumb\",\"itemListElement\":[{\"@type\":\"ListItem\",\"position\":1,\"name\":\"Po\u010detna stranica\",\"item\":\"https:\/\/likemetkovic.hr\/portal\/\"},{\"@type\":\"ListItem\",\"position\":2,\"name\":\"Ante \u017divkovi\u0107 prvi u Italiji!\"}]},{\"@type\":\"WebSite\",\"@id\":\"https:\/\/likemetkovic.hr\/#website\",\"url\":\"https:\/\/likemetkovic.hr\/\",\"name\":\"likemetkovic.hr\",\"description\":\"Misli pozitivno... \u010ditaj LIKE\",\"potentialAction\":[{\"@type\":\"SearchAction\",\"target\":{\"@type\":\"EntryPoint\",\"urlTemplate\":\"https:\/\/likemetkovic.hr\/?s={search_term_string}\"},\"query-input\":{\"@type\":\"PropertyValueSpecification\",\"valueRequired\":true,\"valueName\":\"search_term_string\"}}],\"inLanguage\":\"hr\"},{\"@type\":\"Person\",\"@id\":\"https:\/\/likemetkovic.hr\/#\/schema\/person\/a42711f3385a0e2be6f7e0443bfb28f0\",\"name\":\"LIKEmetkovic.hr\",\"sameAs\":[\"http:\/\/likemetkovic.hr\"],\"url\":\"https:\/\/likemetkovic.hr\/portal\/author\/likemetkovic-hr\/\"}]}<\/script>\n<!-- \/ Yoast SEO plugin. -->","yoast_head_json":{"title":"Ante \u017divkovi\u0107 prvi u Italiji!","robots":{"index":"index","follow":"follow","max-snippet":"max-snippet:-1","max-image-preview":"max-image-preview:large","max-video-preview":"max-video-preview:-1"},"canonical":"https:\/\/likemetkovic.hr\/ante-zivkovic-prvi-u-italiji-danas-nova-utrka\/","og_locale":"hr_HR","og_type":"article","og_title":"Ante \u017divkovi\u0107 prvi u Italiji!","og_description":"U subotu,\u00a012.9. u Briotti-u, talijanskoj pokrajini Valtellina odr\u017ean je 2. LA MEZZA DELL&#8217;ACQUA polumaraton. Ovo 6. godina za organizatore, ali je druga godina kako organiziraju polumaraton. Va\u017eno je spomeniti da je start i cilj utrke iznad 1000 m n\/v, te to predstavlja jos ve\u0107i izazov za sve trka\u010de. U utrci je udjelovalo oko 400 trka\u010da, [&hellip;]","og_url":"https:\/\/likemetkovic.hr\/ante-zivkovic-prvi-u-italiji-danas-nova-utrka\/","og_site_name":"likemetkovic.hr","article_publisher":"https:\/\/www.facebook.com\/likemetkovic.hr\/","article_published_time":"2015-09-13T05:00:40+00:00","article_modified_time":"2015-09-13T07:19:23+00:00","og_image":[{"width":791,"height":600,"url":"https:\/\/likemetkovic.hr\/wp-content\/uploads\/2015\/09\/ante-\u017eivkovic_1.jpg","type":"image\/jpeg"}],"author":"LIKEmetkovic.hr","twitter_card":"summary_large_image","twitter_misc":{"Napisao\/la":"LIKEmetkovic.hr","Procijenjeno vrijeme \u010ditanja":"1 minuta"},"schema":{"@context":"https:\/\/schema.org","@graph":[{"@type":"WebPage","@id":"https:\/\/likemetkovic.hr\/ante-zivkovic-prvi-u-italiji-danas-nova-utrka\/","url":"https:\/\/likemetkovic.hr\/ante-zivkovic-prvi-u-italiji-danas-nova-utrka\/","name":"Ante \u017divkovi\u0107 prvi u Italiji!","isPartOf":{"@id":"https:\/\/likemetkovic.hr\/#website"},"primaryImageOfPage":{"@id":"https:\/\/likemetkovic.hr\/ante-zivkovic-prvi-u-italiji-danas-nova-utrka\/#primaryimage"},"image":{"@id":"https:\/\/likemetkovic.hr\/ante-zivkovic-prvi-u-italiji-danas-nova-utrka\/#primaryimage"},"thumbnailUrl":"https:\/\/likemetkovic.hr\/portal\/wp-content\/uploads\/2015\/09\/ante-\u017eivkovic_1.jpg","datePublished":"2015-09-13T05:00:40+00:00","dateModified":"2015-09-13T07:19:23+00:00","author":{"@id":"https:\/\/likemetkovic.hr\/#\/schema\/person\/a42711f3385a0e2be6f7e0443bfb28f0"},"breadcrumb":{"@id":"https:\/\/likemetkovic.hr\/ante-zivkovic-prvi-u-italiji-danas-nova-utrka\/#breadcrumb"},"inLanguage":"hr","potentialAction":[{"@type":"ReadAction","target":["https:\/\/likemetkovic.hr\/ante-zivkovic-prvi-u-italiji-danas-nova-utrka\/"]}]},{"@type":"ImageObject","inLanguage":"hr","@id":"https:\/\/likemetkovic.hr\/ante-zivkovic-prvi-u-italiji-danas-nova-utrka\/#primaryimage","url":"https:\/\/likemetkovic.hr\/portal\/wp-content\/uploads\/2015\/09\/ante-\u017eivkovic_1.jpg","contentUrl":"https:\/\/likemetkovic.hr\/portal\/wp-content\/uploads\/2015\/09\/ante-\u017eivkovic_1.jpg","width":791,"height":600},{"@type":"BreadcrumbList","@id":"https:\/\/likemetkovic.hr\/ante-zivkovic-prvi-u-italiji-danas-nova-utrka\/#breadcrumb","itemListElement":[{"@type":"ListItem","position":1,"name":"Po\u010detna stranica","item":"https:\/\/likemetkovic.hr\/portal\/"},{"@type":"ListItem","position":2,"name":"Ante \u017divkovi\u0107 prvi u Italiji!"}]},{"@type":"WebSite","@id":"https:\/\/likemetkovic.hr\/#website","url":"https:\/\/likemetkovic.hr\/","name":"likemetkovic.hr","description":"Misli pozitivno... \u010ditaj LIKE","potentialAction":[{"@type":"SearchAction","target":{"@type":"EntryPoint","urlTemplate":"https:\/\/likemetkovic.hr\/?s={search_term_string}"},"query-input":{"@type":"PropertyValueSpecification","valueRequired":true,"valueName":"search_term_string"}}],"inLanguage":"hr"},{"@type":"Person","@id":"https:\/\/likemetkovic.hr\/#\/schema\/person\/a42711f3385a0e2be6f7e0443bfb28f0","name":"LIKEmetkovic.hr","sameAs":["http:\/\/likemetkovic.hr"],"url":"https:\/\/likemetkovic.hr\/portal\/author\/likemetkovic-hr\/"}]}},"_links":{"self":[{"href":"https:\/\/likemetkovic.hr\/portal\/wp-json\/wp\/v2\/posts\/9268","targetHints":{"allow":["GET"]}}],"collection":[{"href":"https:\/\/likemetkovic.hr\/portal\/wp-json\/wp\/v2\/posts"}],"about":[{"href":"https:\/\/likemetkovic.hr\/portal\/wp-json\/wp\/v2\/types\/post"}],"author":[{"embeddable":true,"href":"https:\/\/likemetkovic.hr\/portal\/wp-json\/wp\/v2\/users\/7"}],"replies":[{"embeddable":true,"href":"https:\/\/likemetkovic.hr\/portal\/wp-json\/wp\/v2\/comments?post=9268"}],"version-history":[{"count":0,"href":"https:\/\/likemetkovic.hr\/portal\/wp-json\/wp\/v2\/posts\/9268\/revisions"}],"wp:featuredmedia":[{"embeddable":true,"href":"https:\/\/likemetkovic.hr\/portal\/wp-json\/wp\/v2\/media\/9269"}],"wp:attachment":[{"href":"https:\/\/likemetkovic.hr\/portal\/wp-json\/wp\/v2\/media?parent=9268"}],"wp:term":[{"taxonomy":"category","embeddable":true,"href":"https:\/\/likemetkovic.hr\/portal\/wp-json\/wp\/v2\/categories?post=9268"},{"taxonomy":"post_tag","embeddable":true,"href":"https:\/\/likemetkovic.hr\/portal\/wp-json\/wp\/v2\/tags?post=9268"}],"curies":[{"name":"wp","href":"https:\/\/api.w.org\/{rel}","templated":true}]}}