{"id":92991,"date":"2019-11-23T10:27:08","date_gmt":"2019-11-23T09:27:08","guid":{"rendered":"https:\/\/likemetkovic.hr\/?p=92991"},"modified":"2019-11-23T10:45:50","modified_gmt":"2019-11-23T09:45:50","slug":"obljezena-28-obljetnica-ustrojavanja-116-neretvanske-brigade","status":"publish","type":"post","link":"https:\/\/likemetkovic.hr\/portal\/obljezena-28-obljetnica-ustrojavanja-116-neretvanske-brigade\/","title":{"rendered":"Oblje\u017eena 28. obljetnica ustrojavanja 116. Neretvanske brigade"},"content":{"rendered":"<p>Jutros je kod Spomenika braniteljima na Velikoj rivi u Metkovi\u0107u bilo molitva odrje\u0161enja za poginule hrvatske branitelje koji su bili pripadnici 116. brigade HV-a povodom obilje\u017eavanja <strong>28. obljetnice ustroja brigade<\/strong>. Molitvu je predvodio \u017eupnik fra Ante Bilokapi\u0107.<\/p>\n<p style=\"text-align: left;\"><img decoding=\"async\" class=\"alignnone size-medium wp-image-93014\" src=\"https:\/\/likemetkovic.hr\/wp-content\/uploads\/2019\/11\/PSX_20191123_101847-800x533.jpg\" alt=\"\" width=\"800\" height=\"533\" srcset=\"https:\/\/likemetkovic.hr\/portal\/wp-content\/uploads\/2019\/11\/PSX_20191123_101847.jpg 800w, https:\/\/likemetkovic.hr\/portal\/wp-content\/uploads\/2019\/11\/PSX_20191123_101847-768x512.jpg 768w, https:\/\/likemetkovic.hr\/portal\/wp-content\/uploads\/2019\/11\/PSX_20191123_101847-696x464.jpg 696w, https:\/\/likemetkovic.hr\/portal\/wp-content\/uploads\/2019\/11\/PSX_20191123_101847-630x420.jpg 630w\" sizes=\"(max-width: 800px) 100vw, 800px\" \/><\/p>\n<p style=\"text-align: left;\">Tome je prethodio pozdrav Domovini. Himnu je izvela Gradska glazba.<\/p>\n<p style=\"text-align: left;\"><img decoding=\"async\" class=\"alignnone size-medium wp-image-93015\" src=\"https:\/\/likemetkovic.hr\/wp-content\/uploads\/2019\/11\/PSX_20191123_102006-800x533.jpg\" alt=\"\" width=\"800\" height=\"533\" srcset=\"https:\/\/likemetkovic.hr\/portal\/wp-content\/uploads\/2019\/11\/PSX_20191123_102006.jpg 800w, https:\/\/likemetkovic.hr\/portal\/wp-content\/uploads\/2019\/11\/PSX_20191123_102006-768x512.jpg 768w, https:\/\/likemetkovic.hr\/portal\/wp-content\/uploads\/2019\/11\/PSX_20191123_102006-696x464.jpg 696w, https:\/\/likemetkovic.hr\/portal\/wp-content\/uploads\/2019\/11\/PSX_20191123_102006-630x420.jpg 630w\" sizes=\"(max-width: 800px) 100vw, 800px\" \/><\/p>\n<p style=\"text-align: left;\">Nakon toga su \u010dlanovi obitelji pokojnih branitelja, suborci, predstavnici gradske vlasti, politi\u010dkih stranaka i drugih institucija i udruga polo\u017eili vijence i zapaliti svije\u0107e. Me\u0111u prisutnima su bili potpredsjednik Sabora Bo\u017eo Petrov i gradona\u010delnik Dalibor Milan.<\/p>\n<p><img decoding=\"async\" class=\"alignnone size-medium wp-image-93013\" src=\"https:\/\/likemetkovic.hr\/wp-content\/uploads\/2019\/11\/PSX_20191123_101932-800x533.jpg\" alt=\"\" width=\"800\" height=\"533\" srcset=\"https:\/\/likemetkovic.hr\/portal\/wp-content\/uploads\/2019\/11\/PSX_20191123_101932.jpg 800w, https:\/\/likemetkovic.hr\/portal\/wp-content\/uploads\/2019\/11\/PSX_20191123_101932-768x512.jpg 768w, https:\/\/likemetkovic.hr\/portal\/wp-content\/uploads\/2019\/11\/PSX_20191123_101932-696x464.jpg 696w, https:\/\/likemetkovic.hr\/portal\/wp-content\/uploads\/2019\/11\/PSX_20191123_101932-630x420.jpg 630w\" sizes=\"(max-width: 800px) 100vw, 800px\" \/><\/p>\n<p>Ve\u010deras \u0107e u 18 sati biti slu\u017eena <strong>misa zadu\u0161nica<\/strong> za pokojne hrvatske branitelje.<\/p>\n<p><strong>116. brigada Hrvatske<\/strong> vojske ustrojena je temeljem zapovijedi Ministarstva obrane Republike Hrvatske 17. studenog 1991. godine. Njezinim je formiranjem objedinjena obrana Hrvatske vojske u Donjem Poneretavlju sa sjedi\u0161tem u Metkovi\u0107u u jedinstveno zapovjedni\u0161tvo pod nazivom 116. brigada. Temelj brigade su \u010dinile 1., 2., i 3. bojna.<\/p>\n<p><i><img decoding=\"async\" class=\"alignnone size-medium wp-image-70758\" src=\"https:\/\/likemetkovic.hr\/wp-content\/uploads\/2016\/11\/116.-brigada-800x588.jpg\" alt=\"\" width=\"800\" height=\"588\" srcset=\"https:\/\/likemetkovic.hr\/portal\/wp-content\/uploads\/2016\/11\/116.-brigada-800x588.jpg 800w, https:\/\/likemetkovic.hr\/portal\/wp-content\/uploads\/2016\/11\/116.-brigada-768x564.jpg 768w, https:\/\/likemetkovic.hr\/portal\/wp-content\/uploads\/2016\/11\/116.-brigada-80x60.jpg 80w, https:\/\/likemetkovic.hr\/portal\/wp-content\/uploads\/2016\/11\/116.-brigada-696x511.jpg 696w, https:\/\/likemetkovic.hr\/portal\/wp-content\/uploads\/2016\/11\/116.-brigada-572x420.jpg 572w, https:\/\/likemetkovic.hr\/portal\/wp-content\/uploads\/2016\/11\/116.-brigada-560x411.jpg 560w, https:\/\/likemetkovic.hr\/portal\/wp-content\/uploads\/2016\/11\/116.-brigada.jpg 900w\" sizes=\"(max-width: 800px) 100vw, 800px\" \/><\/i><\/p>\n<p><i>Popis <strong>zapovjedni\u0161tva<\/strong> 116. brigade od studenoga 1991. do 1992. godine<\/i>:<\/p>\n<p>Zapovjednici brigade: Nedjeljko Obradovi\u0107, Ivan Beneta<\/p>\n<p>Na\u010delnici sto\u017eera: Ivica Gabri\u0107 i Zvonko Kaleb<\/p>\n<p>Pomo\u0107nik zapovjednika za PD: Ivan Juri\u0107, Trpimir Juri\u0107<\/p>\n<p>Pomo\u0107nik zapovjednika za SIS: Marko Mari\u0107, Vuko \u0160egav\u010di\u0107 i Zdravko Sr\u0161en<\/p>\n<p>Pomo\u0107nik zapovjednika za logistiku: Stipe Veki\u0107 (Jozo Protrka, Ante Parma\u0107, Ivica Mati\u0107, Drago Sr\u0161en, Zdravko \u010culi\u0107, Ante Kaleb i Niko Ujdur)<\/p>\n<p>Operativci: Dane Renduli\u0107, Mile Mili\u0107, Ivan Vuica, Petar Jelavi\u0107, Vjekoslav Suton, Nedo Dru\u017eijani\u0107, Senad Korjeni\u0107<\/p>\n<p>Na\u010delnik topni\u0161tva: Ante Volarevi\u0107<\/p>\n<p>Na\u010delnik PZO: Nino Kaleb<\/p>\n<p>Na\u010delnik saniteta: dr. Mihovil Jeramaz<\/p>\n<p>Na\u010delnik in\u017eenjerije: Ante Rebac, Branimir Volarevi\u0107<\/p>\n<p>Na\u010delnik veze: Ivan Leko<\/p>\n<p>Pomo\u0107nik za ustroj i popunu: Nikola Ostoji\u0107 i Miljenko Kaleb<\/p>\n<p>Pomo\u0107nik za op\u0107e poslove: Drago Ple\u0107a\u0161, Zdravko Odak, Mi\u0107e Glavini\u0107, Vedrana Rai\u010d, Angela Volarevi\u0107 i Zlatko Vidovi\u0107.<\/p>\n<p>Vojni kapelan je bio don Ljubo Pavi\u0107.<\/p>\n","protected":false},"excerpt":{"rendered":"<p>Jutros je kod Spomenika braniteljima na Velikoj rivi u Metkovi\u0107u bilo molitva odrje\u0161enja za poginule hrvatske branitelje koji su bili pripadnici 116. brigade HV-a povodom obilje\u017eavanja 28. obljetnice ustroja brigade. Molitvu je predvodio \u017eupnik fra Ante Bilokapi\u0107. Tome je prethodio pozdrav Domovini. Himnu je izvela Gradska glazba. Nakon toga su \u010dlanovi obitelji pokojnih branitelja, suborci, [&hellip;]<\/p>\n","protected":false},"author":9,"featured_media":93013,"comment_status":"open","ping_status":"open","sticky":false,"template":"","format":"standard","meta":{"footnotes":""},"categories":[283,11],"tags":[6462,1773,6469],"class_list":{"0":"post-92991","1":"post","2":"type-post","3":"status-publish","4":"format-standard","5":"has-post-thumbnail","7":"category-a","8":"category-metkovic-dolina","9":"tag-116-brigada-hv","10":"tag-domovinski-rat","11":"tag-obljetnica-ustroja"},"yoast_head":"<!-- This site is optimized with the Yoast SEO plugin v25.2 - https:\/\/yoast.com\/wordpress\/plugins\/seo\/ -->\n<title>Oblje\u017eena 28. obljetnica ustrojavanja 116. Neretvanske brigade - likemetkovic.hr<\/title>\n<meta name=\"robots\" content=\"index, follow, max-snippet:-1, max-image-preview:large, max-video-preview:-1\" \/>\n<link rel=\"canonical\" href=\"https:\/\/likemetkovic.hr\/obljezena-28-obljetnica-ustrojavanja-116-neretvanske-brigade\/\" \/>\n<meta property=\"og:locale\" content=\"hr_HR\" \/>\n<meta property=\"og:type\" content=\"article\" \/>\n<meta property=\"og:title\" content=\"Oblje\u017eena 28. obljetnica ustrojavanja 116. Neretvanske brigade - likemetkovic.hr\" \/>\n<meta property=\"og:description\" content=\"Jutros je kod Spomenika braniteljima na Velikoj rivi u Metkovi\u0107u bilo molitva odrje\u0161enja za poginule hrvatske branitelje koji su bili pripadnici 116. brigade HV-a povodom obilje\u017eavanja 28. obljetnice ustroja brigade. Molitvu je predvodio \u017eupnik fra Ante Bilokapi\u0107. Tome je prethodio pozdrav Domovini. Himnu je izvela Gradska glazba. Nakon toga su \u010dlanovi obitelji pokojnih branitelja, suborci, [&hellip;]\" \/>\n<meta property=\"og:url\" content=\"https:\/\/likemetkovic.hr\/obljezena-28-obljetnica-ustrojavanja-116-neretvanske-brigade\/\" \/>\n<meta property=\"og:site_name\" content=\"likemetkovic.hr\" \/>\n<meta property=\"article:publisher\" content=\"https:\/\/www.facebook.com\/likemetkovic.hr\/\" \/>\n<meta property=\"article:published_time\" content=\"2019-11-23T09:27:08+00:00\" \/>\n<meta property=\"article:modified_time\" content=\"2019-11-23T09:45:50+00:00\" \/>\n<meta property=\"og:image\" content=\"https:\/\/likemetkovic.hr\/wp-content\/uploads\/2019\/11\/PSX_20191123_101932.jpg\" \/>\n\t<meta property=\"og:image:width\" content=\"800\" \/>\n\t<meta property=\"og:image:height\" content=\"533\" \/>\n\t<meta property=\"og:image:type\" content=\"image\/jpeg\" \/>\n<meta name=\"author\" content=\"K. J.\" \/>\n<meta name=\"twitter:card\" content=\"summary_large_image\" \/>\n<meta name=\"twitter:label1\" content=\"Napisao\/la\" \/>\n\t<meta name=\"twitter:data1\" content=\"K. J.\" \/>\n\t<meta name=\"twitter:label2\" content=\"Procijenjeno vrijeme \u010ditanja\" \/>\n\t<meta name=\"twitter:data2\" content=\"2 minute\" \/>\n<script type=\"application\/ld+json\" class=\"yoast-schema-graph\">{\"@context\":\"https:\/\/schema.org\",\"@graph\":[{\"@type\":\"WebPage\",\"@id\":\"https:\/\/likemetkovic.hr\/obljezena-28-obljetnica-ustrojavanja-116-neretvanske-brigade\/\",\"url\":\"https:\/\/likemetkovic.hr\/obljezena-28-obljetnica-ustrojavanja-116-neretvanske-brigade\/\",\"name\":\"Oblje\u017eena 28. obljetnica ustrojavanja 116. Neretvanske brigade - likemetkovic.hr\",\"isPartOf\":{\"@id\":\"https:\/\/likemetkovic.hr\/#website\"},\"primaryImageOfPage\":{\"@id\":\"https:\/\/likemetkovic.hr\/obljezena-28-obljetnica-ustrojavanja-116-neretvanske-brigade\/#primaryimage\"},\"image\":{\"@id\":\"https:\/\/likemetkovic.hr\/obljezena-28-obljetnica-ustrojavanja-116-neretvanske-brigade\/#primaryimage\"},\"thumbnailUrl\":\"https:\/\/likemetkovic.hr\/portal\/wp-content\/uploads\/2019\/11\/PSX_20191123_101932.jpg\",\"datePublished\":\"2019-11-23T09:27:08+00:00\",\"dateModified\":\"2019-11-23T09:45:50+00:00\",\"author\":{\"@id\":\"https:\/\/likemetkovic.hr\/#\/schema\/person\/0a8b4ebfdfe1ff01192dccda40c5da0c\"},\"breadcrumb\":{\"@id\":\"https:\/\/likemetkovic.hr\/obljezena-28-obljetnica-ustrojavanja-116-neretvanske-brigade\/#breadcrumb\"},\"inLanguage\":\"hr\",\"potentialAction\":[{\"@type\":\"ReadAction\",\"target\":[\"https:\/\/likemetkovic.hr\/obljezena-28-obljetnica-ustrojavanja-116-neretvanske-brigade\/\"]}]},{\"@type\":\"ImageObject\",\"inLanguage\":\"hr\",\"@id\":\"https:\/\/likemetkovic.hr\/obljezena-28-obljetnica-ustrojavanja-116-neretvanske-brigade\/#primaryimage\",\"url\":\"https:\/\/likemetkovic.hr\/portal\/wp-content\/uploads\/2019\/11\/PSX_20191123_101932.jpg\",\"contentUrl\":\"https:\/\/likemetkovic.hr\/portal\/wp-content\/uploads\/2019\/11\/PSX_20191123_101932.jpg\",\"width\":800,\"height\":533},{\"@type\":\"BreadcrumbList\",\"@id\":\"https:\/\/likemetkovic.hr\/obljezena-28-obljetnica-ustrojavanja-116-neretvanske-brigade\/#breadcrumb\",\"itemListElement\":[{\"@type\":\"ListItem\",\"position\":1,\"name\":\"Po\u010detna stranica\",\"item\":\"https:\/\/likemetkovic.hr\/portal\/\"},{\"@type\":\"ListItem\",\"position\":2,\"name\":\"Oblje\u017eena 28. obljetnica ustrojavanja 116. Neretvanske brigade\"}]},{\"@type\":\"WebSite\",\"@id\":\"https:\/\/likemetkovic.hr\/#website\",\"url\":\"https:\/\/likemetkovic.hr\/\",\"name\":\"likemetkovic.hr\",\"description\":\"Misli pozitivno... \u010ditaj LIKE\",\"potentialAction\":[{\"@type\":\"SearchAction\",\"target\":{\"@type\":\"EntryPoint\",\"urlTemplate\":\"https:\/\/likemetkovic.hr\/?s={search_term_string}\"},\"query-input\":{\"@type\":\"PropertyValueSpecification\",\"valueRequired\":true,\"valueName\":\"search_term_string\"}}],\"inLanguage\":\"hr\"},{\"@type\":\"Person\",\"@id\":\"https:\/\/likemetkovic.hr\/#\/schema\/person\/0a8b4ebfdfe1ff01192dccda40c5da0c\",\"name\":\"K. J.\",\"url\":\"https:\/\/likemetkovic.hr\/portal\/author\/likemetkovic\/\"}]}<\/script>\n<!-- \/ Yoast SEO plugin. -->","yoast_head_json":{"title":"Oblje\u017eena 28. obljetnica ustrojavanja 116. Neretvanske brigade - likemetkovic.hr","robots":{"index":"index","follow":"follow","max-snippet":"max-snippet:-1","max-image-preview":"max-image-preview:large","max-video-preview":"max-video-preview:-1"},"canonical":"https:\/\/likemetkovic.hr\/obljezena-28-obljetnica-ustrojavanja-116-neretvanske-brigade\/","og_locale":"hr_HR","og_type":"article","og_title":"Oblje\u017eena 28. obljetnica ustrojavanja 116. Neretvanske brigade - likemetkovic.hr","og_description":"Jutros je kod Spomenika braniteljima na Velikoj rivi u Metkovi\u0107u bilo molitva odrje\u0161enja za poginule hrvatske branitelje koji su bili pripadnici 116. brigade HV-a povodom obilje\u017eavanja 28. obljetnice ustroja brigade. Molitvu je predvodio \u017eupnik fra Ante Bilokapi\u0107. Tome je prethodio pozdrav Domovini. Himnu je izvela Gradska glazba. Nakon toga su \u010dlanovi obitelji pokojnih branitelja, suborci, [&hellip;]","og_url":"https:\/\/likemetkovic.hr\/obljezena-28-obljetnica-ustrojavanja-116-neretvanske-brigade\/","og_site_name":"likemetkovic.hr","article_publisher":"https:\/\/www.facebook.com\/likemetkovic.hr\/","article_published_time":"2019-11-23T09:27:08+00:00","article_modified_time":"2019-11-23T09:45:50+00:00","og_image":[{"width":800,"height":533,"url":"https:\/\/likemetkovic.hr\/wp-content\/uploads\/2019\/11\/PSX_20191123_101932.jpg","type":"image\/jpeg"}],"author":"K. J.","twitter_card":"summary_large_image","twitter_misc":{"Napisao\/la":"K. J.","Procijenjeno vrijeme \u010ditanja":"2 minute"},"schema":{"@context":"https:\/\/schema.org","@graph":[{"@type":"WebPage","@id":"https:\/\/likemetkovic.hr\/obljezena-28-obljetnica-ustrojavanja-116-neretvanske-brigade\/","url":"https:\/\/likemetkovic.hr\/obljezena-28-obljetnica-ustrojavanja-116-neretvanske-brigade\/","name":"Oblje\u017eena 28. obljetnica ustrojavanja 116. Neretvanske brigade - likemetkovic.hr","isPartOf":{"@id":"https:\/\/likemetkovic.hr\/#website"},"primaryImageOfPage":{"@id":"https:\/\/likemetkovic.hr\/obljezena-28-obljetnica-ustrojavanja-116-neretvanske-brigade\/#primaryimage"},"image":{"@id":"https:\/\/likemetkovic.hr\/obljezena-28-obljetnica-ustrojavanja-116-neretvanske-brigade\/#primaryimage"},"thumbnailUrl":"https:\/\/likemetkovic.hr\/portal\/wp-content\/uploads\/2019\/11\/PSX_20191123_101932.jpg","datePublished":"2019-11-23T09:27:08+00:00","dateModified":"2019-11-23T09:45:50+00:00","author":{"@id":"https:\/\/likemetkovic.hr\/#\/schema\/person\/0a8b4ebfdfe1ff01192dccda40c5da0c"},"breadcrumb":{"@id":"https:\/\/likemetkovic.hr\/obljezena-28-obljetnica-ustrojavanja-116-neretvanske-brigade\/#breadcrumb"},"inLanguage":"hr","potentialAction":[{"@type":"ReadAction","target":["https:\/\/likemetkovic.hr\/obljezena-28-obljetnica-ustrojavanja-116-neretvanske-brigade\/"]}]},{"@type":"ImageObject","inLanguage":"hr","@id":"https:\/\/likemetkovic.hr\/obljezena-28-obljetnica-ustrojavanja-116-neretvanske-brigade\/#primaryimage","url":"https:\/\/likemetkovic.hr\/portal\/wp-content\/uploads\/2019\/11\/PSX_20191123_101932.jpg","contentUrl":"https:\/\/likemetkovic.hr\/portal\/wp-content\/uploads\/2019\/11\/PSX_20191123_101932.jpg","width":800,"height":533},{"@type":"BreadcrumbList","@id":"https:\/\/likemetkovic.hr\/obljezena-28-obljetnica-ustrojavanja-116-neretvanske-brigade\/#breadcrumb","itemListElement":[{"@type":"ListItem","position":1,"name":"Po\u010detna stranica","item":"https:\/\/likemetkovic.hr\/portal\/"},{"@type":"ListItem","position":2,"name":"Oblje\u017eena 28. obljetnica ustrojavanja 116. Neretvanske brigade"}]},{"@type":"WebSite","@id":"https:\/\/likemetkovic.hr\/#website","url":"https:\/\/likemetkovic.hr\/","name":"likemetkovic.hr","description":"Misli pozitivno... \u010ditaj LIKE","potentialAction":[{"@type":"SearchAction","target":{"@type":"EntryPoint","urlTemplate":"https:\/\/likemetkovic.hr\/?s={search_term_string}"},"query-input":{"@type":"PropertyValueSpecification","valueRequired":true,"valueName":"search_term_string"}}],"inLanguage":"hr"},{"@type":"Person","@id":"https:\/\/likemetkovic.hr\/#\/schema\/person\/0a8b4ebfdfe1ff01192dccda40c5da0c","name":"K. J.","url":"https:\/\/likemetkovic.hr\/portal\/author\/likemetkovic\/"}]}},"_links":{"self":[{"href":"https:\/\/likemetkovic.hr\/portal\/wp-json\/wp\/v2\/posts\/92991","targetHints":{"allow":["GET"]}}],"collection":[{"href":"https:\/\/likemetkovic.hr\/portal\/wp-json\/wp\/v2\/posts"}],"about":[{"href":"https:\/\/likemetkovic.hr\/portal\/wp-json\/wp\/v2\/types\/post"}],"author":[{"embeddable":true,"href":"https:\/\/likemetkovic.hr\/portal\/wp-json\/wp\/v2\/users\/9"}],"replies":[{"embeddable":true,"href":"https:\/\/likemetkovic.hr\/portal\/wp-json\/wp\/v2\/comments?post=92991"}],"version-history":[{"count":0,"href":"https:\/\/likemetkovic.hr\/portal\/wp-json\/wp\/v2\/posts\/92991\/revisions"}],"wp:featuredmedia":[{"embeddable":true,"href":"https:\/\/likemetkovic.hr\/portal\/wp-json\/wp\/v2\/media\/93013"}],"wp:attachment":[{"href":"https:\/\/likemetkovic.hr\/portal\/wp-json\/wp\/v2\/media?parent=92991"}],"wp:term":[{"taxonomy":"category","embeddable":true,"href":"https:\/\/likemetkovic.hr\/portal\/wp-json\/wp\/v2\/categories?post=92991"},{"taxonomy":"post_tag","embeddable":true,"href":"https:\/\/likemetkovic.hr\/portal\/wp-json\/wp\/v2\/tags?post=92991"}],"curies":[{"name":"wp","href":"https:\/\/api.w.org\/{rel}","templated":true}]}}