{"id":93203,"date":"2019-11-28T11:26:33","date_gmt":"2019-11-28T10:26:33","guid":{"rendered":"https:\/\/likemetkovic.hr\/?p=93203"},"modified":"2019-11-28T12:07:44","modified_gmt":"2019-11-28T11:07:44","slug":"referendum-ucitelja-u-neretvanskim-skolama-velika-vecina-je-zaokruzila-ne","status":"publish","type":"post","link":"https:\/\/likemetkovic.hr\/portal\/referendum-ucitelja-u-neretvanskim-skolama-velika-vecina-je-zaokruzila-ne\/","title":{"rendered":"REFERENDUM U\u010cITELJA U neretvanskim \u0161kolama velika ve\u0107ina je zaokru\u017eila NE"},"content":{"rendered":"<p>Do kraja dana ili sutra \u0107e biti poznati rezultati <strong>referenduma zaposlenika<\/strong> u osnovnim i srednjim \u0161kolama o prihva\u0107anju ili odbijanju Vladine ponude o pove\u0107anju pla\u0107e kroz kompenzacijske dodatke i pove\u0107anje osnovice koja je ponu\u0111ena svima u javnom i dr\u017eavnom sektoru u etapama do listopada 2020.<\/p>\n<p>Ono \u0161to neslu\u017ebeno znamo, <strong>u neretvanskim \u0161kolama velika ve\u0107ina onih koji su u \u0161trajku zaokru\u017eila je NE<\/strong> na ponudu Vlade, u postotku preko 80%. Isto tako ve\u0107ina njih je za nastavak \u0161trajka do ispunjenja. Takav je stav zaposlenika u osnovnim \u0161kolama S. Radi\u0107a i don. M. Pavlinovi\u0107a, S\u0160 Metkovi\u0107 i Gimnaziji Metkovi\u0107, u S\u0160 Opuzen i O\u0160 Vladimira Nazora u Plo\u010dama. Za ostale \u0161kole u dolini Neretve nemamo informacije.<\/p>\n<p>O tome kako \u0107e se ova situacija razvijati znat \u0107emo nakon rezultata referenduma na razini\u00a0 cijele Hrvatske koji se, kako smo rekli, o\u010dekuju do kraja dana ili sutra. Zbog toga je izgledno je da \u0107e \u0161trajk biti i sutra.<\/p>\n<p><b>U \u010demu je razlika izme\u0111u Vladine ponude i sindikalnoga zahtjeva<\/b>, odnosno koliku bi pla\u0107u prosje\u010dan u\u010ditelj imao da je prihva\u0107ena ponuda Vlade, a koliko da se ispune svi sindikalni zahtjevi, mo\u017eete pro\u010ditati u \u010dlanku kojega je prenio <strong><a href=\"https:\/\/www.tportal.hr\/vijesti\/clanak\/evo-kolike-bi-place-prosjecan-ucitelj-imao-da-je-prihvacena-ponuda-vlade-a-koliko-da-se-ispune-svi-sindikalni-zahtjevi-foto-20191128\" target=\"_blank\" rel=\"noopener noreferrer\">tportal.hr.<\/a><\/strong><\/p>\n<p>Ima jedna nelogi\u010dnost u Vladinoj ponudi. Ako je 10,4% vi\u0161e od 6,11% koliko tra\u017ee u\u010ditelji, za\u0161to se odmah nisu prihvatili zahtjevi sindikata prosvjete? Ipak, nije tako!<\/p>\n","protected":false},"excerpt":{"rendered":"<p>Do kraja dana ili sutra \u0107e biti poznati rezultati referenduma zaposlenika u osnovnim i srednjim \u0161kolama o prihva\u0107anju ili odbijanju Vladine ponude o pove\u0107anju pla\u0107e kroz kompenzacijske dodatke i pove\u0107anje osnovice koja je ponu\u0111ena svima u javnom i dr\u017eavnom sektoru u etapama do listopada 2020. Ono \u0161to neslu\u017ebeno znamo, u neretvanskim \u0161kolama velika ve\u0107ina onih [&hellip;]<\/p>\n","protected":false},"author":9,"featured_media":93207,"comment_status":"open","ping_status":"open","sticky":false,"template":"","format":"standard","meta":{"footnotes":""},"categories":[283,166],"tags":[3151,2432,4189],"class_list":{"0":"post-93203","1":"post","2":"type-post","3":"status-publish","4":"format-standard","5":"has-post-thumbnail","7":"category-a","8":"category-skolstvo","9":"tag-referendum","10":"tag-strajk","11":"tag-ucitelji"},"yoast_head":"<!-- This site is optimized with the Yoast SEO plugin v25.2 - https:\/\/yoast.com\/wordpress\/plugins\/seo\/ -->\n<title>REFERENDUM U\u010cITELJA U neretvanskim \u0161kolama velika ve\u0107ina je zaokru\u017eila NE - likemetkovic.hr<\/title>\n<meta name=\"robots\" content=\"index, follow, max-snippet:-1, max-image-preview:large, max-video-preview:-1\" \/>\n<link rel=\"canonical\" href=\"https:\/\/likemetkovic.hr\/referendum-ucitelja-u-neretvanskim-skolama-velika-vecina-je-zaokruzila-ne\/\" \/>\n<meta property=\"og:locale\" content=\"hr_HR\" \/>\n<meta property=\"og:type\" content=\"article\" \/>\n<meta property=\"og:title\" content=\"REFERENDUM U\u010cITELJA U neretvanskim \u0161kolama velika ve\u0107ina je zaokru\u017eila NE - likemetkovic.hr\" \/>\n<meta property=\"og:description\" content=\"Do kraja dana ili sutra \u0107e biti poznati rezultati referenduma zaposlenika u osnovnim i srednjim \u0161kolama o prihva\u0107anju ili odbijanju Vladine ponude o pove\u0107anju pla\u0107e kroz kompenzacijske dodatke i pove\u0107anje osnovice koja je ponu\u0111ena svima u javnom i dr\u017eavnom sektoru u etapama do listopada 2020. Ono \u0161to neslu\u017ebeno znamo, u neretvanskim \u0161kolama velika ve\u0107ina onih [&hellip;]\" \/>\n<meta property=\"og:url\" content=\"https:\/\/likemetkovic.hr\/referendum-ucitelja-u-neretvanskim-skolama-velika-vecina-je-zaokruzila-ne\/\" \/>\n<meta property=\"og:site_name\" content=\"likemetkovic.hr\" \/>\n<meta property=\"article:publisher\" content=\"https:\/\/www.facebook.com\/likemetkovic.hr\/\" \/>\n<meta property=\"article:published_time\" content=\"2019-11-28T10:26:33+00:00\" \/>\n<meta property=\"article:modified_time\" content=\"2019-11-28T11:07:44+00:00\" \/>\n<meta property=\"og:image\" content=\"https:\/\/likemetkovic.hr\/wp-content\/uploads\/2019\/11\/u\u010ditelji-referendum.jpg\" \/>\n\t<meta property=\"og:image:width\" content=\"758\" \/>\n\t<meta property=\"og:image:height\" content=\"413\" \/>\n\t<meta property=\"og:image:type\" content=\"image\/jpeg\" \/>\n<meta name=\"author\" content=\"K. J.\" \/>\n<meta name=\"twitter:card\" content=\"summary_large_image\" \/>\n<meta name=\"twitter:label1\" content=\"Napisao\/la\" \/>\n\t<meta name=\"twitter:data1\" content=\"K. J.\" \/>\n\t<meta name=\"twitter:label2\" content=\"Procijenjeno vrijeme \u010ditanja\" \/>\n\t<meta name=\"twitter:data2\" content=\"1 minuta\" \/>\n<script type=\"application\/ld+json\" class=\"yoast-schema-graph\">{\"@context\":\"https:\/\/schema.org\",\"@graph\":[{\"@type\":\"WebPage\",\"@id\":\"https:\/\/likemetkovic.hr\/referendum-ucitelja-u-neretvanskim-skolama-velika-vecina-je-zaokruzila-ne\/\",\"url\":\"https:\/\/likemetkovic.hr\/referendum-ucitelja-u-neretvanskim-skolama-velika-vecina-je-zaokruzila-ne\/\",\"name\":\"REFERENDUM U\u010cITELJA U neretvanskim \u0161kolama velika ve\u0107ina je zaokru\u017eila NE - likemetkovic.hr\",\"isPartOf\":{\"@id\":\"https:\/\/likemetkovic.hr\/#website\"},\"primaryImageOfPage\":{\"@id\":\"https:\/\/likemetkovic.hr\/referendum-ucitelja-u-neretvanskim-skolama-velika-vecina-je-zaokruzila-ne\/#primaryimage\"},\"image\":{\"@id\":\"https:\/\/likemetkovic.hr\/referendum-ucitelja-u-neretvanskim-skolama-velika-vecina-je-zaokruzila-ne\/#primaryimage\"},\"thumbnailUrl\":\"https:\/\/likemetkovic.hr\/portal\/wp-content\/uploads\/2019\/11\/u\u010ditelji-referendum.jpg\",\"datePublished\":\"2019-11-28T10:26:33+00:00\",\"dateModified\":\"2019-11-28T11:07:44+00:00\",\"author\":{\"@id\":\"https:\/\/likemetkovic.hr\/#\/schema\/person\/0a8b4ebfdfe1ff01192dccda40c5da0c\"},\"breadcrumb\":{\"@id\":\"https:\/\/likemetkovic.hr\/referendum-ucitelja-u-neretvanskim-skolama-velika-vecina-je-zaokruzila-ne\/#breadcrumb\"},\"inLanguage\":\"hr\",\"potentialAction\":[{\"@type\":\"ReadAction\",\"target\":[\"https:\/\/likemetkovic.hr\/referendum-ucitelja-u-neretvanskim-skolama-velika-vecina-je-zaokruzila-ne\/\"]}]},{\"@type\":\"ImageObject\",\"inLanguage\":\"hr\",\"@id\":\"https:\/\/likemetkovic.hr\/referendum-ucitelja-u-neretvanskim-skolama-velika-vecina-je-zaokruzila-ne\/#primaryimage\",\"url\":\"https:\/\/likemetkovic.hr\/portal\/wp-content\/uploads\/2019\/11\/u\u010ditelji-referendum.jpg\",\"contentUrl\":\"https:\/\/likemetkovic.hr\/portal\/wp-content\/uploads\/2019\/11\/u\u010ditelji-referendum.jpg\",\"width\":758,\"height\":413},{\"@type\":\"BreadcrumbList\",\"@id\":\"https:\/\/likemetkovic.hr\/referendum-ucitelja-u-neretvanskim-skolama-velika-vecina-je-zaokruzila-ne\/#breadcrumb\",\"itemListElement\":[{\"@type\":\"ListItem\",\"position\":1,\"name\":\"Po\u010detna stranica\",\"item\":\"https:\/\/likemetkovic.hr\/portal\/\"},{\"@type\":\"ListItem\",\"position\":2,\"name\":\"REFERENDUM U\u010cITELJA U neretvanskim \u0161kolama velika ve\u0107ina je zaokru\u017eila NE\"}]},{\"@type\":\"WebSite\",\"@id\":\"https:\/\/likemetkovic.hr\/#website\",\"url\":\"https:\/\/likemetkovic.hr\/\",\"name\":\"likemetkovic.hr\",\"description\":\"Misli pozitivno... \u010ditaj LIKE\",\"potentialAction\":[{\"@type\":\"SearchAction\",\"target\":{\"@type\":\"EntryPoint\",\"urlTemplate\":\"https:\/\/likemetkovic.hr\/?s={search_term_string}\"},\"query-input\":{\"@type\":\"PropertyValueSpecification\",\"valueRequired\":true,\"valueName\":\"search_term_string\"}}],\"inLanguage\":\"hr\"},{\"@type\":\"Person\",\"@id\":\"https:\/\/likemetkovic.hr\/#\/schema\/person\/0a8b4ebfdfe1ff01192dccda40c5da0c\",\"name\":\"K. J.\",\"url\":\"https:\/\/likemetkovic.hr\/portal\/author\/likemetkovic\/\"}]}<\/script>\n<!-- \/ Yoast SEO plugin. -->","yoast_head_json":{"title":"REFERENDUM U\u010cITELJA U neretvanskim \u0161kolama velika ve\u0107ina je zaokru\u017eila NE - likemetkovic.hr","robots":{"index":"index","follow":"follow","max-snippet":"max-snippet:-1","max-image-preview":"max-image-preview:large","max-video-preview":"max-video-preview:-1"},"canonical":"https:\/\/likemetkovic.hr\/referendum-ucitelja-u-neretvanskim-skolama-velika-vecina-je-zaokruzila-ne\/","og_locale":"hr_HR","og_type":"article","og_title":"REFERENDUM U\u010cITELJA U neretvanskim \u0161kolama velika ve\u0107ina je zaokru\u017eila NE - likemetkovic.hr","og_description":"Do kraja dana ili sutra \u0107e biti poznati rezultati referenduma zaposlenika u osnovnim i srednjim \u0161kolama o prihva\u0107anju ili odbijanju Vladine ponude o pove\u0107anju pla\u0107e kroz kompenzacijske dodatke i pove\u0107anje osnovice koja je ponu\u0111ena svima u javnom i dr\u017eavnom sektoru u etapama do listopada 2020. Ono \u0161to neslu\u017ebeno znamo, u neretvanskim \u0161kolama velika ve\u0107ina onih [&hellip;]","og_url":"https:\/\/likemetkovic.hr\/referendum-ucitelja-u-neretvanskim-skolama-velika-vecina-je-zaokruzila-ne\/","og_site_name":"likemetkovic.hr","article_publisher":"https:\/\/www.facebook.com\/likemetkovic.hr\/","article_published_time":"2019-11-28T10:26:33+00:00","article_modified_time":"2019-11-28T11:07:44+00:00","og_image":[{"width":758,"height":413,"url":"https:\/\/likemetkovic.hr\/wp-content\/uploads\/2019\/11\/u\u010ditelji-referendum.jpg","type":"image\/jpeg"}],"author":"K. J.","twitter_card":"summary_large_image","twitter_misc":{"Napisao\/la":"K. J.","Procijenjeno vrijeme \u010ditanja":"1 minuta"},"schema":{"@context":"https:\/\/schema.org","@graph":[{"@type":"WebPage","@id":"https:\/\/likemetkovic.hr\/referendum-ucitelja-u-neretvanskim-skolama-velika-vecina-je-zaokruzila-ne\/","url":"https:\/\/likemetkovic.hr\/referendum-ucitelja-u-neretvanskim-skolama-velika-vecina-je-zaokruzila-ne\/","name":"REFERENDUM U\u010cITELJA U neretvanskim \u0161kolama velika ve\u0107ina je zaokru\u017eila NE - likemetkovic.hr","isPartOf":{"@id":"https:\/\/likemetkovic.hr\/#website"},"primaryImageOfPage":{"@id":"https:\/\/likemetkovic.hr\/referendum-ucitelja-u-neretvanskim-skolama-velika-vecina-je-zaokruzila-ne\/#primaryimage"},"image":{"@id":"https:\/\/likemetkovic.hr\/referendum-ucitelja-u-neretvanskim-skolama-velika-vecina-je-zaokruzila-ne\/#primaryimage"},"thumbnailUrl":"https:\/\/likemetkovic.hr\/portal\/wp-content\/uploads\/2019\/11\/u\u010ditelji-referendum.jpg","datePublished":"2019-11-28T10:26:33+00:00","dateModified":"2019-11-28T11:07:44+00:00","author":{"@id":"https:\/\/likemetkovic.hr\/#\/schema\/person\/0a8b4ebfdfe1ff01192dccda40c5da0c"},"breadcrumb":{"@id":"https:\/\/likemetkovic.hr\/referendum-ucitelja-u-neretvanskim-skolama-velika-vecina-je-zaokruzila-ne\/#breadcrumb"},"inLanguage":"hr","potentialAction":[{"@type":"ReadAction","target":["https:\/\/likemetkovic.hr\/referendum-ucitelja-u-neretvanskim-skolama-velika-vecina-je-zaokruzila-ne\/"]}]},{"@type":"ImageObject","inLanguage":"hr","@id":"https:\/\/likemetkovic.hr\/referendum-ucitelja-u-neretvanskim-skolama-velika-vecina-je-zaokruzila-ne\/#primaryimage","url":"https:\/\/likemetkovic.hr\/portal\/wp-content\/uploads\/2019\/11\/u\u010ditelji-referendum.jpg","contentUrl":"https:\/\/likemetkovic.hr\/portal\/wp-content\/uploads\/2019\/11\/u\u010ditelji-referendum.jpg","width":758,"height":413},{"@type":"BreadcrumbList","@id":"https:\/\/likemetkovic.hr\/referendum-ucitelja-u-neretvanskim-skolama-velika-vecina-je-zaokruzila-ne\/#breadcrumb","itemListElement":[{"@type":"ListItem","position":1,"name":"Po\u010detna stranica","item":"https:\/\/likemetkovic.hr\/portal\/"},{"@type":"ListItem","position":2,"name":"REFERENDUM U\u010cITELJA U neretvanskim \u0161kolama velika ve\u0107ina je zaokru\u017eila NE"}]},{"@type":"WebSite","@id":"https:\/\/likemetkovic.hr\/#website","url":"https:\/\/likemetkovic.hr\/","name":"likemetkovic.hr","description":"Misli pozitivno... \u010ditaj LIKE","potentialAction":[{"@type":"SearchAction","target":{"@type":"EntryPoint","urlTemplate":"https:\/\/likemetkovic.hr\/?s={search_term_string}"},"query-input":{"@type":"PropertyValueSpecification","valueRequired":true,"valueName":"search_term_string"}}],"inLanguage":"hr"},{"@type":"Person","@id":"https:\/\/likemetkovic.hr\/#\/schema\/person\/0a8b4ebfdfe1ff01192dccda40c5da0c","name":"K. J.","url":"https:\/\/likemetkovic.hr\/portal\/author\/likemetkovic\/"}]}},"_links":{"self":[{"href":"https:\/\/likemetkovic.hr\/portal\/wp-json\/wp\/v2\/posts\/93203","targetHints":{"allow":["GET"]}}],"collection":[{"href":"https:\/\/likemetkovic.hr\/portal\/wp-json\/wp\/v2\/posts"}],"about":[{"href":"https:\/\/likemetkovic.hr\/portal\/wp-json\/wp\/v2\/types\/post"}],"author":[{"embeddable":true,"href":"https:\/\/likemetkovic.hr\/portal\/wp-json\/wp\/v2\/users\/9"}],"replies":[{"embeddable":true,"href":"https:\/\/likemetkovic.hr\/portal\/wp-json\/wp\/v2\/comments?post=93203"}],"version-history":[{"count":0,"href":"https:\/\/likemetkovic.hr\/portal\/wp-json\/wp\/v2\/posts\/93203\/revisions"}],"wp:featuredmedia":[{"embeddable":true,"href":"https:\/\/likemetkovic.hr\/portal\/wp-json\/wp\/v2\/media\/93207"}],"wp:attachment":[{"href":"https:\/\/likemetkovic.hr\/portal\/wp-json\/wp\/v2\/media?parent=93203"}],"wp:term":[{"taxonomy":"category","embeddable":true,"href":"https:\/\/likemetkovic.hr\/portal\/wp-json\/wp\/v2\/categories?post=93203"},{"taxonomy":"post_tag","embeddable":true,"href":"https:\/\/likemetkovic.hr\/portal\/wp-json\/wp\/v2\/tags?post=93203"}],"curies":[{"name":"wp","href":"https:\/\/api.w.org\/{rel}","templated":true}]}}