{"id":9335,"date":"2015-09-14T23:49:52","date_gmt":"2015-09-14T21:49:52","guid":{"rendered":"http:\/\/likemetkovic.hr\/?p=9335"},"modified":"2015-09-14T23:49:52","modified_gmt":"2015-09-14T21:49:52","slug":"ante-zivkovic-opet-na-postolju","status":"publish","type":"post","link":"https:\/\/likemetkovic.hr\/portal\/ante-zivkovic-opet-na-postolju\/","title":{"rendered":"Ante \u017divkovi\u0107 opet na postolju!"},"content":{"rendered":"<p>U nedjelju,13.9.2015., odr\u017eano je planinsko prvenstvo Talijanske pokrajine Valtellina. Radi se o ve\u0107 tradicionalnoj utrci Fusino-Malghera kojoj je ovo 30-a godina postojanja, te samim time pokazuje kvalitetu utrke odluka da ba\u0161 na ovoj stazi bude odr\u017eano planinsko prvenstvo pokrajine Valtellina. Du\u017eina staze je 11 kilometara, a trka\u010di trebaju svladati 7 kilometara ceste i 4 kilometra makadama s ukupnim usponom od 920 metara. Start utrke je u Fusino-u (1204mnv), a cilj utrke je u selu Malghera (1964mnv). Zadnja 4 kilometra staze su u okru\u017eenju kakvog trka\u010di obo\u017eavaju, \u010dist zrak, \u0161uma, rijeka, pogled na planine i pogled s njih te tako na trenutak i zaboravite na uspon pred vama. Trka\u010di su podjeljeni u dvije grupe, prva grupa atleti\u010dari koji su \u010dlanovi FIDAL-a, te su se natjecali za prvaka pokrajine Valtellina i druga grupa svi ostali. Ante \u017divkovi\u0107 je bio u drugoj grupi koja je startala minutu poslije prve grupe. Ukupno je na startu bilo 110 natjecatelja \u0161to je za ovako zahtjevnu stazu jako pohvalno. Ante \u017divkovi\u0107 je osvojio 3. mjesto u utrci koja nije konkurirala za prvaka Valtelline, dok je ukupno bio 13. s vremenom 1:00:13, dok je prvak Valtelline postao Walter Trentin s vremenom 52:37.<\/p>\n<p>&#8220;Nije ni\u0161ta novo da u dva dana sudjelujem u dvije utrke, pa \u010dak je bilo slu\u010dajeva tri utrke u dva dana ili \u010detiri utrke u 5 dana, ali nikada se nije desilo da sudjelujem u dva dana na dvije ovako zahtjevne utrke te sam time jo\u0161 zadovoljniji s rezultatima. Nakon dva sata sna poslije polumaratona trebalo se ujutro probuditi i dovesti do starta u Fosino-u. Ve\u0107 na startu sam osje\u0107ao umor od polumaratona, ali cilj je bio zavr\u0161iti utrku pa makar i hodaju\u0107i, a vjerujte da je bilo i toga. Najvi\u0161e \u0161to mi je priraslo srcu je okru\u017eenje u kojem se utrke organiziraju i sama organizacija, a lijepo je bilo \u010duti i komentatore kako se mu\u010de izgovaraju\u0107i &#8216;Ante Zivkovic&#8217;, dok naprimjer u Hrvatskoj komentator pri\u010da cijelo vrijeme na mikrofon, a u cilj mu ulazi pobjednik utrke, a on govori &#8220;Ne mogu prona\u0107i u listi, vjerovatno je prijavljen prije samog starta utrke&#8221;, da ne spominjemo o kojoj je utrci rije\u010d. Ovim putem bi \u010destitao i mojoj trka\u010dkoj inspiraciji, Mariji Vraji\u0107, \u010dlanici AK Maksimir, na Svjetskoj bronci i Europskom srebru na ultramaratonu.&#8221;- rekao nam je Ante.<\/p>\n","protected":false},"excerpt":{"rendered":"<p>U nedjelju,13.9.2015., odr\u017eano je planinsko prvenstvo Talijanske pokrajine Valtellina. Radi se o ve\u0107 tradicionalnoj utrci Fusino-Malghera kojoj je ovo 30-a godina postojanja, te samim time pokazuje kvalitetu utrke odluka da ba\u0161 na ovoj stazi bude odr\u017eano planinsko prvenstvo pokrajine Valtellina. Du\u017eina staze je 11 kilometara, a trka\u010di trebaju svladati 7 kilometara ceste i 4 kilometra [&hellip;]<\/p>\n","protected":false},"author":7,"featured_media":9342,"comment_status":"closed","ping_status":"closed","sticky":false,"template":"","format":"standard","meta":{"footnotes":""},"categories":[10],"tags":[],"class_list":{"0":"post-9335","1":"post","2":"type-post","3":"status-publish","4":"format-standard","5":"has-post-thumbnail","7":"category-sport"},"yoast_head":"<!-- This site is optimized with the Yoast SEO plugin v25.2 - https:\/\/yoast.com\/wordpress\/plugins\/seo\/ -->\n<title>Ante \u017divkovi\u0107 opet na postolju!<\/title>\n<meta name=\"robots\" content=\"index, follow, max-snippet:-1, max-image-preview:large, max-video-preview:-1\" \/>\n<link rel=\"canonical\" href=\"https:\/\/likemetkovic.hr\/ante-zivkovic-opet-na-postolju\/\" \/>\n<meta property=\"og:locale\" content=\"hr_HR\" \/>\n<meta property=\"og:type\" content=\"article\" \/>\n<meta property=\"og:title\" content=\"Ante \u017divkovi\u0107 opet na postolju!\" \/>\n<meta property=\"og:description\" content=\"U nedjelju,13.9.2015., odr\u017eano je planinsko prvenstvo Talijanske pokrajine Valtellina. Radi se o ve\u0107 tradicionalnoj utrci Fusino-Malghera kojoj je ovo 30-a godina postojanja, te samim time pokazuje kvalitetu utrke odluka da ba\u0161 na ovoj stazi bude odr\u017eano planinsko prvenstvo pokrajine Valtellina. Du\u017eina staze je 11 kilometara, a trka\u010di trebaju svladati 7 kilometara ceste i 4 kilometra [&hellip;]\" \/>\n<meta property=\"og:url\" content=\"https:\/\/likemetkovic.hr\/ante-zivkovic-opet-na-postolju\/\" \/>\n<meta property=\"og:site_name\" content=\"likemetkovic.hr\" \/>\n<meta property=\"article:publisher\" content=\"https:\/\/www.facebook.com\/likemetkovic.hr\/\" \/>\n<meta property=\"article:published_time\" content=\"2015-09-14T21:49:52+00:00\" \/>\n<meta property=\"og:image\" content=\"https:\/\/likemetkovic.hr\/wp-content\/uploads\/2015\/09\/ante-\u017eivkovi\u01072.jpg\" \/>\n\t<meta property=\"og:image:width\" content=\"800\" \/>\n\t<meta property=\"og:image:height\" content=\"519\" \/>\n\t<meta property=\"og:image:type\" content=\"image\/jpeg\" \/>\n<meta name=\"author\" content=\"LIKEmetkovic.hr\" \/>\n<meta name=\"twitter:card\" content=\"summary_large_image\" \/>\n<meta name=\"twitter:label1\" content=\"Napisao\/la\" \/>\n\t<meta name=\"twitter:data1\" content=\"LIKEmetkovic.hr\" \/>\n\t<meta name=\"twitter:label2\" content=\"Procijenjeno vrijeme \u010ditanja\" \/>\n\t<meta name=\"twitter:data2\" content=\"2 minute\" \/>\n<script type=\"application\/ld+json\" class=\"yoast-schema-graph\">{\"@context\":\"https:\/\/schema.org\",\"@graph\":[{\"@type\":\"WebPage\",\"@id\":\"https:\/\/likemetkovic.hr\/ante-zivkovic-opet-na-postolju\/\",\"url\":\"https:\/\/likemetkovic.hr\/ante-zivkovic-opet-na-postolju\/\",\"name\":\"Ante \u017divkovi\u0107 opet na postolju!\",\"isPartOf\":{\"@id\":\"https:\/\/likemetkovic.hr\/#website\"},\"primaryImageOfPage\":{\"@id\":\"https:\/\/likemetkovic.hr\/ante-zivkovic-opet-na-postolju\/#primaryimage\"},\"image\":{\"@id\":\"https:\/\/likemetkovic.hr\/ante-zivkovic-opet-na-postolju\/#primaryimage\"},\"thumbnailUrl\":\"https:\/\/likemetkovic.hr\/portal\/wp-content\/uploads\/2015\/09\/ante-\u017eivkovi\u01072.jpg\",\"datePublished\":\"2015-09-14T21:49:52+00:00\",\"author\":{\"@id\":\"https:\/\/likemetkovic.hr\/#\/schema\/person\/a42711f3385a0e2be6f7e0443bfb28f0\"},\"breadcrumb\":{\"@id\":\"https:\/\/likemetkovic.hr\/ante-zivkovic-opet-na-postolju\/#breadcrumb\"},\"inLanguage\":\"hr\",\"potentialAction\":[{\"@type\":\"ReadAction\",\"target\":[\"https:\/\/likemetkovic.hr\/ante-zivkovic-opet-na-postolju\/\"]}]},{\"@type\":\"ImageObject\",\"inLanguage\":\"hr\",\"@id\":\"https:\/\/likemetkovic.hr\/ante-zivkovic-opet-na-postolju\/#primaryimage\",\"url\":\"https:\/\/likemetkovic.hr\/portal\/wp-content\/uploads\/2015\/09\/ante-\u017eivkovi\u01072.jpg\",\"contentUrl\":\"https:\/\/likemetkovic.hr\/portal\/wp-content\/uploads\/2015\/09\/ante-\u017eivkovi\u01072.jpg\",\"width\":800,\"height\":519},{\"@type\":\"BreadcrumbList\",\"@id\":\"https:\/\/likemetkovic.hr\/ante-zivkovic-opet-na-postolju\/#breadcrumb\",\"itemListElement\":[{\"@type\":\"ListItem\",\"position\":1,\"name\":\"Po\u010detna stranica\",\"item\":\"https:\/\/likemetkovic.hr\/portal\/\"},{\"@type\":\"ListItem\",\"position\":2,\"name\":\"Ante \u017divkovi\u0107 opet na postolju!\"}]},{\"@type\":\"WebSite\",\"@id\":\"https:\/\/likemetkovic.hr\/#website\",\"url\":\"https:\/\/likemetkovic.hr\/\",\"name\":\"likemetkovic.hr\",\"description\":\"Misli pozitivno... \u010ditaj LIKE\",\"potentialAction\":[{\"@type\":\"SearchAction\",\"target\":{\"@type\":\"EntryPoint\",\"urlTemplate\":\"https:\/\/likemetkovic.hr\/?s={search_term_string}\"},\"query-input\":{\"@type\":\"PropertyValueSpecification\",\"valueRequired\":true,\"valueName\":\"search_term_string\"}}],\"inLanguage\":\"hr\"},{\"@type\":\"Person\",\"@id\":\"https:\/\/likemetkovic.hr\/#\/schema\/person\/a42711f3385a0e2be6f7e0443bfb28f0\",\"name\":\"LIKEmetkovic.hr\",\"sameAs\":[\"http:\/\/likemetkovic.hr\"],\"url\":\"https:\/\/likemetkovic.hr\/portal\/author\/likemetkovic-hr\/\"}]}<\/script>\n<!-- \/ Yoast SEO plugin. -->","yoast_head_json":{"title":"Ante \u017divkovi\u0107 opet na postolju!","robots":{"index":"index","follow":"follow","max-snippet":"max-snippet:-1","max-image-preview":"max-image-preview:large","max-video-preview":"max-video-preview:-1"},"canonical":"https:\/\/likemetkovic.hr\/ante-zivkovic-opet-na-postolju\/","og_locale":"hr_HR","og_type":"article","og_title":"Ante \u017divkovi\u0107 opet na postolju!","og_description":"U nedjelju,13.9.2015., odr\u017eano je planinsko prvenstvo Talijanske pokrajine Valtellina. Radi se o ve\u0107 tradicionalnoj utrci Fusino-Malghera kojoj je ovo 30-a godina postojanja, te samim time pokazuje kvalitetu utrke odluka da ba\u0161 na ovoj stazi bude odr\u017eano planinsko prvenstvo pokrajine Valtellina. Du\u017eina staze je 11 kilometara, a trka\u010di trebaju svladati 7 kilometara ceste i 4 kilometra [&hellip;]","og_url":"https:\/\/likemetkovic.hr\/ante-zivkovic-opet-na-postolju\/","og_site_name":"likemetkovic.hr","article_publisher":"https:\/\/www.facebook.com\/likemetkovic.hr\/","article_published_time":"2015-09-14T21:49:52+00:00","og_image":[{"width":800,"height":519,"url":"https:\/\/likemetkovic.hr\/wp-content\/uploads\/2015\/09\/ante-\u017eivkovi\u01072.jpg","type":"image\/jpeg"}],"author":"LIKEmetkovic.hr","twitter_card":"summary_large_image","twitter_misc":{"Napisao\/la":"LIKEmetkovic.hr","Procijenjeno vrijeme \u010ditanja":"2 minute"},"schema":{"@context":"https:\/\/schema.org","@graph":[{"@type":"WebPage","@id":"https:\/\/likemetkovic.hr\/ante-zivkovic-opet-na-postolju\/","url":"https:\/\/likemetkovic.hr\/ante-zivkovic-opet-na-postolju\/","name":"Ante \u017divkovi\u0107 opet na postolju!","isPartOf":{"@id":"https:\/\/likemetkovic.hr\/#website"},"primaryImageOfPage":{"@id":"https:\/\/likemetkovic.hr\/ante-zivkovic-opet-na-postolju\/#primaryimage"},"image":{"@id":"https:\/\/likemetkovic.hr\/ante-zivkovic-opet-na-postolju\/#primaryimage"},"thumbnailUrl":"https:\/\/likemetkovic.hr\/portal\/wp-content\/uploads\/2015\/09\/ante-\u017eivkovi\u01072.jpg","datePublished":"2015-09-14T21:49:52+00:00","author":{"@id":"https:\/\/likemetkovic.hr\/#\/schema\/person\/a42711f3385a0e2be6f7e0443bfb28f0"},"breadcrumb":{"@id":"https:\/\/likemetkovic.hr\/ante-zivkovic-opet-na-postolju\/#breadcrumb"},"inLanguage":"hr","potentialAction":[{"@type":"ReadAction","target":["https:\/\/likemetkovic.hr\/ante-zivkovic-opet-na-postolju\/"]}]},{"@type":"ImageObject","inLanguage":"hr","@id":"https:\/\/likemetkovic.hr\/ante-zivkovic-opet-na-postolju\/#primaryimage","url":"https:\/\/likemetkovic.hr\/portal\/wp-content\/uploads\/2015\/09\/ante-\u017eivkovi\u01072.jpg","contentUrl":"https:\/\/likemetkovic.hr\/portal\/wp-content\/uploads\/2015\/09\/ante-\u017eivkovi\u01072.jpg","width":800,"height":519},{"@type":"BreadcrumbList","@id":"https:\/\/likemetkovic.hr\/ante-zivkovic-opet-na-postolju\/#breadcrumb","itemListElement":[{"@type":"ListItem","position":1,"name":"Po\u010detna stranica","item":"https:\/\/likemetkovic.hr\/portal\/"},{"@type":"ListItem","position":2,"name":"Ante \u017divkovi\u0107 opet na postolju!"}]},{"@type":"WebSite","@id":"https:\/\/likemetkovic.hr\/#website","url":"https:\/\/likemetkovic.hr\/","name":"likemetkovic.hr","description":"Misli pozitivno... \u010ditaj LIKE","potentialAction":[{"@type":"SearchAction","target":{"@type":"EntryPoint","urlTemplate":"https:\/\/likemetkovic.hr\/?s={search_term_string}"},"query-input":{"@type":"PropertyValueSpecification","valueRequired":true,"valueName":"search_term_string"}}],"inLanguage":"hr"},{"@type":"Person","@id":"https:\/\/likemetkovic.hr\/#\/schema\/person\/a42711f3385a0e2be6f7e0443bfb28f0","name":"LIKEmetkovic.hr","sameAs":["http:\/\/likemetkovic.hr"],"url":"https:\/\/likemetkovic.hr\/portal\/author\/likemetkovic-hr\/"}]}},"_links":{"self":[{"href":"https:\/\/likemetkovic.hr\/portal\/wp-json\/wp\/v2\/posts\/9335","targetHints":{"allow":["GET"]}}],"collection":[{"href":"https:\/\/likemetkovic.hr\/portal\/wp-json\/wp\/v2\/posts"}],"about":[{"href":"https:\/\/likemetkovic.hr\/portal\/wp-json\/wp\/v2\/types\/post"}],"author":[{"embeddable":true,"href":"https:\/\/likemetkovic.hr\/portal\/wp-json\/wp\/v2\/users\/7"}],"replies":[{"embeddable":true,"href":"https:\/\/likemetkovic.hr\/portal\/wp-json\/wp\/v2\/comments?post=9335"}],"version-history":[{"count":0,"href":"https:\/\/likemetkovic.hr\/portal\/wp-json\/wp\/v2\/posts\/9335\/revisions"}],"wp:featuredmedia":[{"embeddable":true,"href":"https:\/\/likemetkovic.hr\/portal\/wp-json\/wp\/v2\/media\/9342"}],"wp:attachment":[{"href":"https:\/\/likemetkovic.hr\/portal\/wp-json\/wp\/v2\/media?parent=9335"}],"wp:term":[{"taxonomy":"category","embeddable":true,"href":"https:\/\/likemetkovic.hr\/portal\/wp-json\/wp\/v2\/categories?post=9335"},{"taxonomy":"post_tag","embeddable":true,"href":"https:\/\/likemetkovic.hr\/portal\/wp-json\/wp\/v2\/tags?post=9335"}],"curies":[{"name":"wp","href":"https:\/\/api.w.org\/{rel}","templated":true}]}}