{"id":9505,"date":"2015-09-20T08:00:07","date_gmt":"2015-09-20T06:00:07","guid":{"rendered":"http:\/\/likemetkovic.hr\/?p=9505"},"modified":"2015-09-20T12:56:39","modified_gmt":"2015-09-20T10:56:39","slug":"vinko-kaleb-tajnik-rk-metkovic-1963-ocekujemo-neizvjesnu-sezonu-samoga-kraja","status":"publish","type":"post","link":"https:\/\/likemetkovic.hr\/portal\/vinko-kaleb-tajnik-rk-metkovic-1963-ocekujemo-neizvjesnu-sezonu-samoga-kraja\/","title":{"rendered":"Vinko Kaleb &#8211; tajnik RK Metkovi\u0107 1963: &#8221; O\u010dekujemo neizvjesnu sezonu do samoga kraja!&#8221;"},"content":{"rendered":"<p>Ovaj vikend zapo\u010dinje nova sezona 1. Hrvatske rukometne lige. Me\u0111u \u010detrnaest ekipa je i na\u0161 RK Metkovi\u0107 1963. Uo\u010di po\u010detka sezone bilo je dosta aktivno u klubu tako da su klub napustili <strong>Karabati\u0107, Mudrinjak, Jelini\u0107, Mati\u0107, Mari\u0107, Ke\u017ei\u0107, Previ\u0161i<\/strong>\u0107 (vratio se u mati\u010dni klub), <strong>D\u017eeba, Kozina, Paponja i Bunti\u0107<\/strong>, dok su prinove u klubu <strong>Bo\u0161kovi\u0107 (KTC), Jari\u0107 (Osijek), Sr\u0161en (Opuzen), Volarevi\u0107 (\u0160kola rukometa), I. Koncul (\u0161kola rukometa Bali\u0107 &#8211; Metli\u010di\u0107), Vu\u010dkovi\u0107 <\/strong>(vratio se u mati\u010dni klub)<strong>, Batinovi\u0107 (Grk Vara\u017edin), V. Koncul<\/strong> (vratio se u mati\u010dni klub), <strong>Vistorop<\/strong> (postao Metkovac, nije vi\u0161e Mostarac), <strong>D. Dodig (Me\u0111ugorje) i Medi\u0107 (iz juniora RK Metkovi\u0107 1963)<\/strong>.<\/p>\n<p>U razgovoru sa<strong> tajnikom kluba Vinkom Kalebom<\/strong>\u00a0osim odlazaka i dolazaka u klub, saznali smo i kakva su o\u010dekivanja kluba: &#8221; Puno je pretendenata na prva dva mjesta koja vode u Premijer ligu a me\u0111u njima smo i mi. Posebno bih izdvojio Bjelovar, Metalac iz Zagreba, Rudar iz Samobora te KTC iz Kri\u017eavaca kao glavne konkurente u borbi za prijelaz u najvi\u0161i rang na\u0161eg rukometa, te o\u010dekujem neizvjesnu borbu do samoga kraja!&#8221;<\/p>\n<p>U nastavku nam je gospodin Kaleb predstavio ekipu s kojom \u0107e poku\u0161ati u\u0107i u Premijer ligu:<\/p>\n<p><strong>Golmani: Bo\u0161kovi\u0107, Jari\u0107 i Jerkovi\u0107<\/strong><\/p>\n<p><strong>Lijeva Krila: N. Dominikovi\u0107 i Maru\u0161i\u0107<\/strong><\/p>\n<p><strong>Vanjski: Andi, I. Koncul, Vistorop, Dodig, Batinovi\u0107, Sr\u0161en, Vu\u010dkovi\u0107 i Medi\u0107<\/strong><\/p>\n<p><strong>Pivoti: Mataga, V. Koncul i Petri\u0107<\/strong><\/p>\n<p><strong>Desna Krila: Volarevi\u0107, Zovko i Vu\u010di\u0107<\/strong><\/p>\n<p>Danas Metkovi\u0107 igra svoju prvu utakmicu sezone protiv Crikvenice, pa smo upitali i za o\u010dekivanja u toj utakmici: &#8221; Budu\u0107i da je Crikvenica zapala u igra\u010dke probleme, te u Metkovi\u0107 dolaze sa pomla\u0111enim sastavom o\u010dekujemo ni\u0161ta drugo nego pobjedu.&#8221;<\/p>\n<p>Pozivamo sve ljubitelje rukometa, a takvih je kod nas puno,\u00a0da do\u0111u na predstavljanje na\u0161e mlade ekipe u novoj sezoni, te da poka\u017eemo svakoj ekipi koja do\u0111e u Metkovi\u0107 da ne treba ra\u010dunati na bodove!<\/p>\n<p>Jadranko Mati\u0107<\/p>\n<p>&nbsp;<\/p>\n<p>&nbsp;<\/p>\n","protected":false},"excerpt":{"rendered":"<p>Ovaj vikend zapo\u010dinje nova sezona 1. Hrvatske rukometne lige. Me\u0111u \u010detrnaest ekipa je i na\u0161 RK Metkovi\u0107 1963. Uo\u010di po\u010detka sezone bilo je dosta aktivno u klubu tako da su klub napustili Karabati\u0107, Mudrinjak, Jelini\u0107, Mati\u0107, Mari\u0107, Ke\u017ei\u0107, Previ\u0161i\u0107 (vratio se u mati\u010dni klub), D\u017eeba, Kozina, Paponja i Bunti\u0107, dok su prinove u klubu Bo\u0161kovi\u0107 [&hellip;]<\/p>\n","protected":false},"author":7,"featured_media":9506,"comment_status":"closed","ping_status":"closed","sticky":false,"template":"","format":"standard","meta":{"footnotes":""},"categories":[31],"tags":[],"class_list":{"0":"post-9505","1":"post","2":"type-post","3":"status-publish","4":"format-standard","5":"has-post-thumbnail","7":"category-rukomet"},"yoast_head":"<!-- This site is optimized with the Yoast SEO plugin v25.2 - https:\/\/yoast.com\/wordpress\/plugins\/seo\/ -->\n<title>Vinko Kaleb - tajnik RK Metkovi\u0107 1963: &quot; O\u010dekujemo neizvjesnu sezonu do samoga kraja!&quot;<\/title>\n<meta name=\"robots\" content=\"index, follow, max-snippet:-1, max-image-preview:large, max-video-preview:-1\" \/>\n<link rel=\"canonical\" href=\"https:\/\/likemetkovic.hr\/vinko-kaleb-tajnik-rk-metkovic-1963-ocekujemo-neizvjesnu-sezonu-samoga-kraja\/\" \/>\n<meta property=\"og:locale\" content=\"hr_HR\" \/>\n<meta property=\"og:type\" content=\"article\" \/>\n<meta property=\"og:title\" content=\"Vinko Kaleb - tajnik RK Metkovi\u0107 1963: &quot; O\u010dekujemo neizvjesnu sezonu do samoga kraja!&quot;\" \/>\n<meta property=\"og:description\" content=\"Ovaj vikend zapo\u010dinje nova sezona 1. Hrvatske rukometne lige. Me\u0111u \u010detrnaest ekipa je i na\u0161 RK Metkovi\u0107 1963. Uo\u010di po\u010detka sezone bilo je dosta aktivno u klubu tako da su klub napustili Karabati\u0107, Mudrinjak, Jelini\u0107, Mati\u0107, Mari\u0107, Ke\u017ei\u0107, Previ\u0161i\u0107 (vratio se u mati\u010dni klub), D\u017eeba, Kozina, Paponja i Bunti\u0107, dok su prinove u klubu Bo\u0161kovi\u0107 [&hellip;]\" \/>\n<meta property=\"og:url\" content=\"https:\/\/likemetkovic.hr\/vinko-kaleb-tajnik-rk-metkovic-1963-ocekujemo-neizvjesnu-sezonu-samoga-kraja\/\" \/>\n<meta property=\"og:site_name\" content=\"likemetkovic.hr\" \/>\n<meta property=\"article:publisher\" content=\"https:\/\/www.facebook.com\/likemetkovic.hr\/\" \/>\n<meta property=\"article:published_time\" content=\"2015-09-20T06:00:07+00:00\" \/>\n<meta property=\"article:modified_time\" content=\"2015-09-20T10:56:39+00:00\" \/>\n<meta property=\"og:image\" content=\"https:\/\/likemetkovic.hr\/wp-content\/uploads\/2015\/09\/vinko-kaleb.jpg\" \/>\n\t<meta property=\"og:image:width\" content=\"800\" \/>\n\t<meta property=\"og:image:height\" content=\"502\" \/>\n\t<meta property=\"og:image:type\" content=\"image\/jpeg\" \/>\n<meta name=\"author\" content=\"LIKEmetkovic.hr\" \/>\n<meta name=\"twitter:card\" content=\"summary_large_image\" \/>\n<meta name=\"twitter:label1\" content=\"Napisao\/la\" \/>\n\t<meta name=\"twitter:data1\" content=\"LIKEmetkovic.hr\" \/>\n\t<meta name=\"twitter:label2\" content=\"Procijenjeno vrijeme \u010ditanja\" \/>\n\t<meta name=\"twitter:data2\" content=\"2 minute\" \/>\n<script type=\"application\/ld+json\" class=\"yoast-schema-graph\">{\"@context\":\"https:\/\/schema.org\",\"@graph\":[{\"@type\":\"WebPage\",\"@id\":\"https:\/\/likemetkovic.hr\/vinko-kaleb-tajnik-rk-metkovic-1963-ocekujemo-neizvjesnu-sezonu-samoga-kraja\/\",\"url\":\"https:\/\/likemetkovic.hr\/vinko-kaleb-tajnik-rk-metkovic-1963-ocekujemo-neizvjesnu-sezonu-samoga-kraja\/\",\"name\":\"Vinko Kaleb - tajnik RK Metkovi\u0107 1963: \\\" O\u010dekujemo neizvjesnu sezonu do samoga kraja!\\\"\",\"isPartOf\":{\"@id\":\"https:\/\/likemetkovic.hr\/#website\"},\"primaryImageOfPage\":{\"@id\":\"https:\/\/likemetkovic.hr\/vinko-kaleb-tajnik-rk-metkovic-1963-ocekujemo-neizvjesnu-sezonu-samoga-kraja\/#primaryimage\"},\"image\":{\"@id\":\"https:\/\/likemetkovic.hr\/vinko-kaleb-tajnik-rk-metkovic-1963-ocekujemo-neizvjesnu-sezonu-samoga-kraja\/#primaryimage\"},\"thumbnailUrl\":\"https:\/\/likemetkovic.hr\/portal\/wp-content\/uploads\/2015\/09\/vinko-kaleb.jpg\",\"datePublished\":\"2015-09-20T06:00:07+00:00\",\"dateModified\":\"2015-09-20T10:56:39+00:00\",\"author\":{\"@id\":\"https:\/\/likemetkovic.hr\/#\/schema\/person\/a42711f3385a0e2be6f7e0443bfb28f0\"},\"breadcrumb\":{\"@id\":\"https:\/\/likemetkovic.hr\/vinko-kaleb-tajnik-rk-metkovic-1963-ocekujemo-neizvjesnu-sezonu-samoga-kraja\/#breadcrumb\"},\"inLanguage\":\"hr\",\"potentialAction\":[{\"@type\":\"ReadAction\",\"target\":[\"https:\/\/likemetkovic.hr\/vinko-kaleb-tajnik-rk-metkovic-1963-ocekujemo-neizvjesnu-sezonu-samoga-kraja\/\"]}]},{\"@type\":\"ImageObject\",\"inLanguage\":\"hr\",\"@id\":\"https:\/\/likemetkovic.hr\/vinko-kaleb-tajnik-rk-metkovic-1963-ocekujemo-neizvjesnu-sezonu-samoga-kraja\/#primaryimage\",\"url\":\"https:\/\/likemetkovic.hr\/portal\/wp-content\/uploads\/2015\/09\/vinko-kaleb.jpg\",\"contentUrl\":\"https:\/\/likemetkovic.hr\/portal\/wp-content\/uploads\/2015\/09\/vinko-kaleb.jpg\",\"width\":800,\"height\":502},{\"@type\":\"BreadcrumbList\",\"@id\":\"https:\/\/likemetkovic.hr\/vinko-kaleb-tajnik-rk-metkovic-1963-ocekujemo-neizvjesnu-sezonu-samoga-kraja\/#breadcrumb\",\"itemListElement\":[{\"@type\":\"ListItem\",\"position\":1,\"name\":\"Po\u010detna stranica\",\"item\":\"https:\/\/likemetkovic.hr\/portal\/\"},{\"@type\":\"ListItem\",\"position\":2,\"name\":\"Vinko Kaleb &#8211; tajnik RK Metkovi\u0107 1963: &#8221; O\u010dekujemo neizvjesnu sezonu do samoga kraja!&#8221;\"}]},{\"@type\":\"WebSite\",\"@id\":\"https:\/\/likemetkovic.hr\/#website\",\"url\":\"https:\/\/likemetkovic.hr\/\",\"name\":\"likemetkovic.hr\",\"description\":\"Misli pozitivno... \u010ditaj LIKE\",\"potentialAction\":[{\"@type\":\"SearchAction\",\"target\":{\"@type\":\"EntryPoint\",\"urlTemplate\":\"https:\/\/likemetkovic.hr\/?s={search_term_string}\"},\"query-input\":{\"@type\":\"PropertyValueSpecification\",\"valueRequired\":true,\"valueName\":\"search_term_string\"}}],\"inLanguage\":\"hr\"},{\"@type\":\"Person\",\"@id\":\"https:\/\/likemetkovic.hr\/#\/schema\/person\/a42711f3385a0e2be6f7e0443bfb28f0\",\"name\":\"LIKEmetkovic.hr\",\"sameAs\":[\"http:\/\/likemetkovic.hr\"],\"url\":\"https:\/\/likemetkovic.hr\/portal\/author\/likemetkovic-hr\/\"}]}<\/script>\n<!-- \/ Yoast SEO plugin. -->","yoast_head_json":{"title":"Vinko Kaleb - tajnik RK Metkovi\u0107 1963: \" O\u010dekujemo neizvjesnu sezonu do samoga kraja!\"","robots":{"index":"index","follow":"follow","max-snippet":"max-snippet:-1","max-image-preview":"max-image-preview:large","max-video-preview":"max-video-preview:-1"},"canonical":"https:\/\/likemetkovic.hr\/vinko-kaleb-tajnik-rk-metkovic-1963-ocekujemo-neizvjesnu-sezonu-samoga-kraja\/","og_locale":"hr_HR","og_type":"article","og_title":"Vinko Kaleb - tajnik RK Metkovi\u0107 1963: \" O\u010dekujemo neizvjesnu sezonu do samoga kraja!\"","og_description":"Ovaj vikend zapo\u010dinje nova sezona 1. Hrvatske rukometne lige. Me\u0111u \u010detrnaest ekipa je i na\u0161 RK Metkovi\u0107 1963. Uo\u010di po\u010detka sezone bilo je dosta aktivno u klubu tako da su klub napustili Karabati\u0107, Mudrinjak, Jelini\u0107, Mati\u0107, Mari\u0107, Ke\u017ei\u0107, Previ\u0161i\u0107 (vratio se u mati\u010dni klub), D\u017eeba, Kozina, Paponja i Bunti\u0107, dok su prinove u klubu Bo\u0161kovi\u0107 [&hellip;]","og_url":"https:\/\/likemetkovic.hr\/vinko-kaleb-tajnik-rk-metkovic-1963-ocekujemo-neizvjesnu-sezonu-samoga-kraja\/","og_site_name":"likemetkovic.hr","article_publisher":"https:\/\/www.facebook.com\/likemetkovic.hr\/","article_published_time":"2015-09-20T06:00:07+00:00","article_modified_time":"2015-09-20T10:56:39+00:00","og_image":[{"width":800,"height":502,"url":"https:\/\/likemetkovic.hr\/wp-content\/uploads\/2015\/09\/vinko-kaleb.jpg","type":"image\/jpeg"}],"author":"LIKEmetkovic.hr","twitter_card":"summary_large_image","twitter_misc":{"Napisao\/la":"LIKEmetkovic.hr","Procijenjeno vrijeme \u010ditanja":"2 minute"},"schema":{"@context":"https:\/\/schema.org","@graph":[{"@type":"WebPage","@id":"https:\/\/likemetkovic.hr\/vinko-kaleb-tajnik-rk-metkovic-1963-ocekujemo-neizvjesnu-sezonu-samoga-kraja\/","url":"https:\/\/likemetkovic.hr\/vinko-kaleb-tajnik-rk-metkovic-1963-ocekujemo-neizvjesnu-sezonu-samoga-kraja\/","name":"Vinko Kaleb - tajnik RK Metkovi\u0107 1963: \" O\u010dekujemo neizvjesnu sezonu do samoga kraja!\"","isPartOf":{"@id":"https:\/\/likemetkovic.hr\/#website"},"primaryImageOfPage":{"@id":"https:\/\/likemetkovic.hr\/vinko-kaleb-tajnik-rk-metkovic-1963-ocekujemo-neizvjesnu-sezonu-samoga-kraja\/#primaryimage"},"image":{"@id":"https:\/\/likemetkovic.hr\/vinko-kaleb-tajnik-rk-metkovic-1963-ocekujemo-neizvjesnu-sezonu-samoga-kraja\/#primaryimage"},"thumbnailUrl":"https:\/\/likemetkovic.hr\/portal\/wp-content\/uploads\/2015\/09\/vinko-kaleb.jpg","datePublished":"2015-09-20T06:00:07+00:00","dateModified":"2015-09-20T10:56:39+00:00","author":{"@id":"https:\/\/likemetkovic.hr\/#\/schema\/person\/a42711f3385a0e2be6f7e0443bfb28f0"},"breadcrumb":{"@id":"https:\/\/likemetkovic.hr\/vinko-kaleb-tajnik-rk-metkovic-1963-ocekujemo-neizvjesnu-sezonu-samoga-kraja\/#breadcrumb"},"inLanguage":"hr","potentialAction":[{"@type":"ReadAction","target":["https:\/\/likemetkovic.hr\/vinko-kaleb-tajnik-rk-metkovic-1963-ocekujemo-neizvjesnu-sezonu-samoga-kraja\/"]}]},{"@type":"ImageObject","inLanguage":"hr","@id":"https:\/\/likemetkovic.hr\/vinko-kaleb-tajnik-rk-metkovic-1963-ocekujemo-neizvjesnu-sezonu-samoga-kraja\/#primaryimage","url":"https:\/\/likemetkovic.hr\/portal\/wp-content\/uploads\/2015\/09\/vinko-kaleb.jpg","contentUrl":"https:\/\/likemetkovic.hr\/portal\/wp-content\/uploads\/2015\/09\/vinko-kaleb.jpg","width":800,"height":502},{"@type":"BreadcrumbList","@id":"https:\/\/likemetkovic.hr\/vinko-kaleb-tajnik-rk-metkovic-1963-ocekujemo-neizvjesnu-sezonu-samoga-kraja\/#breadcrumb","itemListElement":[{"@type":"ListItem","position":1,"name":"Po\u010detna stranica","item":"https:\/\/likemetkovic.hr\/portal\/"},{"@type":"ListItem","position":2,"name":"Vinko Kaleb &#8211; tajnik RK Metkovi\u0107 1963: &#8221; O\u010dekujemo neizvjesnu sezonu do samoga kraja!&#8221;"}]},{"@type":"WebSite","@id":"https:\/\/likemetkovic.hr\/#website","url":"https:\/\/likemetkovic.hr\/","name":"likemetkovic.hr","description":"Misli pozitivno... \u010ditaj LIKE","potentialAction":[{"@type":"SearchAction","target":{"@type":"EntryPoint","urlTemplate":"https:\/\/likemetkovic.hr\/?s={search_term_string}"},"query-input":{"@type":"PropertyValueSpecification","valueRequired":true,"valueName":"search_term_string"}}],"inLanguage":"hr"},{"@type":"Person","@id":"https:\/\/likemetkovic.hr\/#\/schema\/person\/a42711f3385a0e2be6f7e0443bfb28f0","name":"LIKEmetkovic.hr","sameAs":["http:\/\/likemetkovic.hr"],"url":"https:\/\/likemetkovic.hr\/portal\/author\/likemetkovic-hr\/"}]}},"_links":{"self":[{"href":"https:\/\/likemetkovic.hr\/portal\/wp-json\/wp\/v2\/posts\/9505","targetHints":{"allow":["GET"]}}],"collection":[{"href":"https:\/\/likemetkovic.hr\/portal\/wp-json\/wp\/v2\/posts"}],"about":[{"href":"https:\/\/likemetkovic.hr\/portal\/wp-json\/wp\/v2\/types\/post"}],"author":[{"embeddable":true,"href":"https:\/\/likemetkovic.hr\/portal\/wp-json\/wp\/v2\/users\/7"}],"replies":[{"embeddable":true,"href":"https:\/\/likemetkovic.hr\/portal\/wp-json\/wp\/v2\/comments?post=9505"}],"version-history":[{"count":0,"href":"https:\/\/likemetkovic.hr\/portal\/wp-json\/wp\/v2\/posts\/9505\/revisions"}],"wp:featuredmedia":[{"embeddable":true,"href":"https:\/\/likemetkovic.hr\/portal\/wp-json\/wp\/v2\/media\/9506"}],"wp:attachment":[{"href":"https:\/\/likemetkovic.hr\/portal\/wp-json\/wp\/v2\/media?parent=9505"}],"wp:term":[{"taxonomy":"category","embeddable":true,"href":"https:\/\/likemetkovic.hr\/portal\/wp-json\/wp\/v2\/categories?post=9505"},{"taxonomy":"post_tag","embeddable":true,"href":"https:\/\/likemetkovic.hr\/portal\/wp-json\/wp\/v2\/tags?post=9505"}],"curies":[{"name":"wp","href":"https:\/\/api.w.org\/{rel}","templated":true}]}}