{"id":9512,"date":"2015-09-20T15:54:21","date_gmt":"2015-09-20T13:54:21","guid":{"rendered":"http:\/\/likemetkovic.hr\/?p=9512"},"modified":"2015-09-21T02:00:32","modified_gmt":"2015-09-21T00:00:32","slug":"ruder-boskovic-fenomenalni-drugi-u-stonu-ivan-zec-prvi-na-zidinama","status":"publish","type":"post","link":"https:\/\/likemetkovic.hr\/portal\/ruder-boskovic-fenomenalni-drugi-u-stonu-ivan-zec-prvi-na-zidinama\/","title":{"rendered":"Ru\u0111er Bo\u0161kovi\u0107 fenomenalni drugi u Stonu, Ivan Zec prvi na zidinama!"},"content":{"rendered":"<p>Ru\u0111er Bo\u0161kovi\u0107 ostvario je rezultat karijere drugim mjestom na\u00a0STON WALL MARATHONU(42KM) sa vremenom\u00a03h:47min:41sec!<\/p>\n<p>Evo \u0161to je o\u00a0utrci napisao na svom facebook profilu:<\/p>\n<p>Krenulo je sa startom u 07:30h, staza je bila sve samo ne normalna, kad sam do\u0161ao do 10o-og kilometra, shvatio sam da sam vode\u0107i, jer se \u0160panjolac vratio natrag(tr\u010dao lik utrku na 15 km), \u0161to me dodatno motiviralo te sam nadljudskim naporima poku\u0161avao se odlijepit od ostalih pogotovo na najte\u017eim uzbrdicama,a cijelo vrijeme je padala ki\u0161a, na momente vrlo jaka, tako da sam od 18-og do 22-og kilometra imao vrlo velike probleme na nizbrdicama, jer su prakti\u010dki postale klizi\u0161te&#8230;<br \/>\nU Ston na 24om kilometru ulazim kao vode\u0107i sa ne\u0161to vi\u0161e od 4 min prednosti, me\u0111utim tada je slijedio 3kilometarski makadam \u0161to mojoj nozi ovakvoj kakva je, pravilo ogromne probleme da sam u par navrata morao stati, jer su bolovi bili ne izdr\u017eivi i tada na 28-om kilometru me sti\u017ee \u017deljko Bradari\u0107, te me je po\u0161teno namu\u010dio idu\u0107ih 7 kilometra, glava je htjela, ali noge uffff, malo gr\u010devi malo umor od silnog brda, stepenica i svega \u0161to ovaj marathon \u010dini jednim od najte\u017eih u Europi&#8230;<br \/>\nA kad sam do\u0161ao do 35-og kilometra i okreta, rekli su mi da neki Ju\u017enoafrikanac ubrzaje i da je razlika oko 5 minuta, pa zamislite kako sam se osje\u0107ao, do\u0161ao pred &#8220;Rim, a Rima nigdje na vidiku&#8221;,\u00a0stiskam zube i zadnjim atomima snage izvla\u010dim 3km uzbrdice i na zadnjoj okrepnoj stanici pijem izotonik i polijevam se vodom, jer kao da mi nije bilo dovoljno muke, izlazi sunce nakon 3 sata i 15-te konstante ki\u0161e, ooo Bo\u017ee moj, prvi put sam se osmjehnuo tokom maratona kad sam ugledao oznaku 41km, yeeeeees to te ja pitam&#8230; Dolazim u Ston, a u cilju Bilja, Mario, Ante, Zeko, Matko i jo\u0161 brojni, plje\u0161\u0107u i bodre me u znak najve\u0107eg uspjeha otkada tr\u010dim&#8230;<br \/>\nDobio sam staklenu statuu,veliku umjetni\u010dku sliku i brojne poklone od organizatora&#8230;<br \/>\nHvala svima, a posebno Don Ivan Zeko i Drug Wolker \u0161to su pratili utrku i bili mi najve\u0107a podr\u0161ka&#8230;<br \/>\nHvala mojoj Ankici koja me ipak pustila da tr\u010dim, a znam da je bila ipak za mirovanje, s obzirom na stanje s nogom, al \u0161ta \u0107e\u0161 brate -mladost ludost-&#8230;<br \/>\nOdoh sad odmarat, zaslu\u017eio sam&#8230;<\/p>\n<p>Ps:Metkovi\u0107 se lagano ucrtava na trka\u010dkoj karti Hrvatske,u sklopu Marathona tr\u010dala se utrka na 4km zidinama,na kojoj je pobjedio Ivan Zec i tako upotpunio ovaj veliki dan za nas,za Neretva Run,za grad Metkovi\u0107&#8230;&#8221;<\/p>\n<p>Iskrene \u010destitke Ru\u0111i i svima u Neretva run ekipi!<\/p>\n<p>&nbsp;<\/p>\n","protected":false},"excerpt":{"rendered":"<p>Ru\u0111er Bo\u0161kovi\u0107 ostvario je rezultat karijere drugim mjestom na\u00a0STON WALL MARATHONU(42KM) sa vremenom\u00a03h:47min:41sec! Evo \u0161to je o\u00a0utrci napisao na svom facebook profilu: Krenulo je sa startom u 07:30h, staza je bila sve samo ne normalna, kad sam do\u0161ao do 10o-og kilometra, shvatio sam da sam vode\u0107i, jer se \u0160panjolac vratio natrag(tr\u010dao lik utrku na 15 [&hellip;]<\/p>\n","protected":false},"author":7,"featured_media":9513,"comment_status":"closed","ping_status":"closed","sticky":false,"template":"","format":"standard","meta":{"footnotes":""},"categories":[10],"tags":[],"class_list":{"0":"post-9512","1":"post","2":"type-post","3":"status-publish","4":"format-standard","5":"has-post-thumbnail","7":"category-sport"},"yoast_head":"<!-- This site is optimized with the Yoast SEO plugin v25.2 - https:\/\/yoast.com\/wordpress\/plugins\/seo\/ -->\n<title>Ru\u0111er Bo\u0161kovi\u0107 fenomenalni drugi u Stonu, Ivan zec prvi na zidinama!<\/title>\n<meta name=\"robots\" content=\"index, follow, max-snippet:-1, max-image-preview:large, max-video-preview:-1\" \/>\n<link rel=\"canonical\" href=\"https:\/\/likemetkovic.hr\/ruder-boskovic-fenomenalni-drugi-u-stonu-ivan-zec-prvi-na-zidinama\/\" \/>\n<meta property=\"og:locale\" content=\"hr_HR\" \/>\n<meta property=\"og:type\" content=\"article\" \/>\n<meta property=\"og:title\" content=\"Ru\u0111er Bo\u0161kovi\u0107 fenomenalni drugi u Stonu, Ivan zec prvi na zidinama!\" \/>\n<meta property=\"og:description\" content=\"Ru\u0111er Bo\u0161kovi\u0107 ostvario je rezultat karijere drugim mjestom na\u00a0STON WALL MARATHONU(42KM) sa vremenom\u00a03h:47min:41sec! Evo \u0161to je o\u00a0utrci napisao na svom facebook profilu: Krenulo je sa startom u 07:30h, staza je bila sve samo ne normalna, kad sam do\u0161ao do 10o-og kilometra, shvatio sam da sam vode\u0107i, jer se \u0160panjolac vratio natrag(tr\u010dao lik utrku na 15 [&hellip;]\" \/>\n<meta property=\"og:url\" content=\"https:\/\/likemetkovic.hr\/ruder-boskovic-fenomenalni-drugi-u-stonu-ivan-zec-prvi-na-zidinama\/\" \/>\n<meta property=\"og:site_name\" content=\"likemetkovic.hr\" \/>\n<meta property=\"article:publisher\" content=\"https:\/\/www.facebook.com\/likemetkovic.hr\/\" \/>\n<meta property=\"article:published_time\" content=\"2015-09-20T13:54:21+00:00\" \/>\n<meta property=\"article:modified_time\" content=\"2015-09-21T00:00:32+00:00\" \/>\n<meta property=\"og:image\" content=\"https:\/\/likemetkovic.hr\/wp-content\/uploads\/2015\/09\/ru\u0111o-boskovic7.jpg\" \/>\n\t<meta property=\"og:image:width\" content=\"750\" \/>\n\t<meta property=\"og:image:height\" content=\"585\" \/>\n\t<meta property=\"og:image:type\" content=\"image\/jpeg\" \/>\n<meta name=\"author\" content=\"LIKEmetkovic.hr\" \/>\n<meta name=\"twitter:card\" content=\"summary_large_image\" \/>\n<meta name=\"twitter:label1\" content=\"Napisao\/la\" \/>\n\t<meta name=\"twitter:data1\" content=\"LIKEmetkovic.hr\" \/>\n\t<meta name=\"twitter:label2\" content=\"Procijenjeno vrijeme \u010ditanja\" \/>\n\t<meta name=\"twitter:data2\" content=\"2 minute\" \/>\n<script type=\"application\/ld+json\" class=\"yoast-schema-graph\">{\"@context\":\"https:\/\/schema.org\",\"@graph\":[{\"@type\":\"WebPage\",\"@id\":\"https:\/\/likemetkovic.hr\/ruder-boskovic-fenomenalni-drugi-u-stonu-ivan-zec-prvi-na-zidinama\/\",\"url\":\"https:\/\/likemetkovic.hr\/ruder-boskovic-fenomenalni-drugi-u-stonu-ivan-zec-prvi-na-zidinama\/\",\"name\":\"Ru\u0111er Bo\u0161kovi\u0107 fenomenalni drugi u Stonu, Ivan zec prvi na zidinama!\",\"isPartOf\":{\"@id\":\"https:\/\/likemetkovic.hr\/#website\"},\"primaryImageOfPage\":{\"@id\":\"https:\/\/likemetkovic.hr\/ruder-boskovic-fenomenalni-drugi-u-stonu-ivan-zec-prvi-na-zidinama\/#primaryimage\"},\"image\":{\"@id\":\"https:\/\/likemetkovic.hr\/ruder-boskovic-fenomenalni-drugi-u-stonu-ivan-zec-prvi-na-zidinama\/#primaryimage\"},\"thumbnailUrl\":\"https:\/\/likemetkovic.hr\/portal\/wp-content\/uploads\/2015\/09\/ru\u0111o-boskovic7.jpg\",\"datePublished\":\"2015-09-20T13:54:21+00:00\",\"dateModified\":\"2015-09-21T00:00:32+00:00\",\"author\":{\"@id\":\"https:\/\/likemetkovic.hr\/#\/schema\/person\/a42711f3385a0e2be6f7e0443bfb28f0\"},\"breadcrumb\":{\"@id\":\"https:\/\/likemetkovic.hr\/ruder-boskovic-fenomenalni-drugi-u-stonu-ivan-zec-prvi-na-zidinama\/#breadcrumb\"},\"inLanguage\":\"hr\",\"potentialAction\":[{\"@type\":\"ReadAction\",\"target\":[\"https:\/\/likemetkovic.hr\/ruder-boskovic-fenomenalni-drugi-u-stonu-ivan-zec-prvi-na-zidinama\/\"]}]},{\"@type\":\"ImageObject\",\"inLanguage\":\"hr\",\"@id\":\"https:\/\/likemetkovic.hr\/ruder-boskovic-fenomenalni-drugi-u-stonu-ivan-zec-prvi-na-zidinama\/#primaryimage\",\"url\":\"https:\/\/likemetkovic.hr\/portal\/wp-content\/uploads\/2015\/09\/ru\u0111o-boskovic7.jpg\",\"contentUrl\":\"https:\/\/likemetkovic.hr\/portal\/wp-content\/uploads\/2015\/09\/ru\u0111o-boskovic7.jpg\",\"width\":750,\"height\":585},{\"@type\":\"BreadcrumbList\",\"@id\":\"https:\/\/likemetkovic.hr\/ruder-boskovic-fenomenalni-drugi-u-stonu-ivan-zec-prvi-na-zidinama\/#breadcrumb\",\"itemListElement\":[{\"@type\":\"ListItem\",\"position\":1,\"name\":\"Po\u010detna stranica\",\"item\":\"https:\/\/likemetkovic.hr\/portal\/\"},{\"@type\":\"ListItem\",\"position\":2,\"name\":\"Ru\u0111er Bo\u0161kovi\u0107 fenomenalni drugi u Stonu, Ivan Zec prvi na zidinama!\"}]},{\"@type\":\"WebSite\",\"@id\":\"https:\/\/likemetkovic.hr\/#website\",\"url\":\"https:\/\/likemetkovic.hr\/\",\"name\":\"likemetkovic.hr\",\"description\":\"Misli pozitivno... \u010ditaj LIKE\",\"potentialAction\":[{\"@type\":\"SearchAction\",\"target\":{\"@type\":\"EntryPoint\",\"urlTemplate\":\"https:\/\/likemetkovic.hr\/?s={search_term_string}\"},\"query-input\":{\"@type\":\"PropertyValueSpecification\",\"valueRequired\":true,\"valueName\":\"search_term_string\"}}],\"inLanguage\":\"hr\"},{\"@type\":\"Person\",\"@id\":\"https:\/\/likemetkovic.hr\/#\/schema\/person\/a42711f3385a0e2be6f7e0443bfb28f0\",\"name\":\"LIKEmetkovic.hr\",\"sameAs\":[\"http:\/\/likemetkovic.hr\"],\"url\":\"https:\/\/likemetkovic.hr\/portal\/author\/likemetkovic-hr\/\"}]}<\/script>\n<!-- \/ Yoast SEO plugin. -->","yoast_head_json":{"title":"Ru\u0111er Bo\u0161kovi\u0107 fenomenalni drugi u Stonu, Ivan zec prvi na zidinama!","robots":{"index":"index","follow":"follow","max-snippet":"max-snippet:-1","max-image-preview":"max-image-preview:large","max-video-preview":"max-video-preview:-1"},"canonical":"https:\/\/likemetkovic.hr\/ruder-boskovic-fenomenalni-drugi-u-stonu-ivan-zec-prvi-na-zidinama\/","og_locale":"hr_HR","og_type":"article","og_title":"Ru\u0111er Bo\u0161kovi\u0107 fenomenalni drugi u Stonu, Ivan zec prvi na zidinama!","og_description":"Ru\u0111er Bo\u0161kovi\u0107 ostvario je rezultat karijere drugim mjestom na\u00a0STON WALL MARATHONU(42KM) sa vremenom\u00a03h:47min:41sec! Evo \u0161to je o\u00a0utrci napisao na svom facebook profilu: Krenulo je sa startom u 07:30h, staza je bila sve samo ne normalna, kad sam do\u0161ao do 10o-og kilometra, shvatio sam da sam vode\u0107i, jer se \u0160panjolac vratio natrag(tr\u010dao lik utrku na 15 [&hellip;]","og_url":"https:\/\/likemetkovic.hr\/ruder-boskovic-fenomenalni-drugi-u-stonu-ivan-zec-prvi-na-zidinama\/","og_site_name":"likemetkovic.hr","article_publisher":"https:\/\/www.facebook.com\/likemetkovic.hr\/","article_published_time":"2015-09-20T13:54:21+00:00","article_modified_time":"2015-09-21T00:00:32+00:00","og_image":[{"width":750,"height":585,"url":"https:\/\/likemetkovic.hr\/wp-content\/uploads\/2015\/09\/ru\u0111o-boskovic7.jpg","type":"image\/jpeg"}],"author":"LIKEmetkovic.hr","twitter_card":"summary_large_image","twitter_misc":{"Napisao\/la":"LIKEmetkovic.hr","Procijenjeno vrijeme \u010ditanja":"2 minute"},"schema":{"@context":"https:\/\/schema.org","@graph":[{"@type":"WebPage","@id":"https:\/\/likemetkovic.hr\/ruder-boskovic-fenomenalni-drugi-u-stonu-ivan-zec-prvi-na-zidinama\/","url":"https:\/\/likemetkovic.hr\/ruder-boskovic-fenomenalni-drugi-u-stonu-ivan-zec-prvi-na-zidinama\/","name":"Ru\u0111er Bo\u0161kovi\u0107 fenomenalni drugi u Stonu, Ivan zec prvi na zidinama!","isPartOf":{"@id":"https:\/\/likemetkovic.hr\/#website"},"primaryImageOfPage":{"@id":"https:\/\/likemetkovic.hr\/ruder-boskovic-fenomenalni-drugi-u-stonu-ivan-zec-prvi-na-zidinama\/#primaryimage"},"image":{"@id":"https:\/\/likemetkovic.hr\/ruder-boskovic-fenomenalni-drugi-u-stonu-ivan-zec-prvi-na-zidinama\/#primaryimage"},"thumbnailUrl":"https:\/\/likemetkovic.hr\/portal\/wp-content\/uploads\/2015\/09\/ru\u0111o-boskovic7.jpg","datePublished":"2015-09-20T13:54:21+00:00","dateModified":"2015-09-21T00:00:32+00:00","author":{"@id":"https:\/\/likemetkovic.hr\/#\/schema\/person\/a42711f3385a0e2be6f7e0443bfb28f0"},"breadcrumb":{"@id":"https:\/\/likemetkovic.hr\/ruder-boskovic-fenomenalni-drugi-u-stonu-ivan-zec-prvi-na-zidinama\/#breadcrumb"},"inLanguage":"hr","potentialAction":[{"@type":"ReadAction","target":["https:\/\/likemetkovic.hr\/ruder-boskovic-fenomenalni-drugi-u-stonu-ivan-zec-prvi-na-zidinama\/"]}]},{"@type":"ImageObject","inLanguage":"hr","@id":"https:\/\/likemetkovic.hr\/ruder-boskovic-fenomenalni-drugi-u-stonu-ivan-zec-prvi-na-zidinama\/#primaryimage","url":"https:\/\/likemetkovic.hr\/portal\/wp-content\/uploads\/2015\/09\/ru\u0111o-boskovic7.jpg","contentUrl":"https:\/\/likemetkovic.hr\/portal\/wp-content\/uploads\/2015\/09\/ru\u0111o-boskovic7.jpg","width":750,"height":585},{"@type":"BreadcrumbList","@id":"https:\/\/likemetkovic.hr\/ruder-boskovic-fenomenalni-drugi-u-stonu-ivan-zec-prvi-na-zidinama\/#breadcrumb","itemListElement":[{"@type":"ListItem","position":1,"name":"Po\u010detna stranica","item":"https:\/\/likemetkovic.hr\/portal\/"},{"@type":"ListItem","position":2,"name":"Ru\u0111er Bo\u0161kovi\u0107 fenomenalni drugi u Stonu, Ivan Zec prvi na zidinama!"}]},{"@type":"WebSite","@id":"https:\/\/likemetkovic.hr\/#website","url":"https:\/\/likemetkovic.hr\/","name":"likemetkovic.hr","description":"Misli pozitivno... \u010ditaj LIKE","potentialAction":[{"@type":"SearchAction","target":{"@type":"EntryPoint","urlTemplate":"https:\/\/likemetkovic.hr\/?s={search_term_string}"},"query-input":{"@type":"PropertyValueSpecification","valueRequired":true,"valueName":"search_term_string"}}],"inLanguage":"hr"},{"@type":"Person","@id":"https:\/\/likemetkovic.hr\/#\/schema\/person\/a42711f3385a0e2be6f7e0443bfb28f0","name":"LIKEmetkovic.hr","sameAs":["http:\/\/likemetkovic.hr"],"url":"https:\/\/likemetkovic.hr\/portal\/author\/likemetkovic-hr\/"}]}},"_links":{"self":[{"href":"https:\/\/likemetkovic.hr\/portal\/wp-json\/wp\/v2\/posts\/9512","targetHints":{"allow":["GET"]}}],"collection":[{"href":"https:\/\/likemetkovic.hr\/portal\/wp-json\/wp\/v2\/posts"}],"about":[{"href":"https:\/\/likemetkovic.hr\/portal\/wp-json\/wp\/v2\/types\/post"}],"author":[{"embeddable":true,"href":"https:\/\/likemetkovic.hr\/portal\/wp-json\/wp\/v2\/users\/7"}],"replies":[{"embeddable":true,"href":"https:\/\/likemetkovic.hr\/portal\/wp-json\/wp\/v2\/comments?post=9512"}],"version-history":[{"count":0,"href":"https:\/\/likemetkovic.hr\/portal\/wp-json\/wp\/v2\/posts\/9512\/revisions"}],"wp:featuredmedia":[{"embeddable":true,"href":"https:\/\/likemetkovic.hr\/portal\/wp-json\/wp\/v2\/media\/9513"}],"wp:attachment":[{"href":"https:\/\/likemetkovic.hr\/portal\/wp-json\/wp\/v2\/media?parent=9512"}],"wp:term":[{"taxonomy":"category","embeddable":true,"href":"https:\/\/likemetkovic.hr\/portal\/wp-json\/wp\/v2\/categories?post=9512"},{"taxonomy":"post_tag","embeddable":true,"href":"https:\/\/likemetkovic.hr\/portal\/wp-json\/wp\/v2\/tags?post=9512"}],"curies":[{"name":"wp","href":"https:\/\/api.w.org\/{rel}","templated":true}]}}