{"id":95422,"date":"2019-12-22T13:42:10","date_gmt":"2019-12-22T12:42:10","guid":{"rendered":"https:\/\/likemetkovic.hr\/?p=95422"},"modified":"2019-12-22T17:39:52","modified_gmt":"2019-12-22T16:39:52","slug":"jugo-i-plima-podigle-vodostaj-neretve-a-s-njim-i-smece","status":"publish","type":"post","link":"https:\/\/likemetkovic.hr\/portal\/jugo-i-plima-podigle-vodostaj-neretve-a-s-njim-i-smece\/","title":{"rendered":"Jugo i plima podigle vodostaj Neretve, a s njim i sme\u0107e"},"content":{"rendered":"<p>Plima na moru podigla je razinu vode u Neretvi. U 12:00 je visina mora kod ustave na Maloj Neretvi (U\u0161\u0107e) bila 137 cm, \u0161to je pove\u0107anje od 45 cm od 7 sati ujutro. Malo nedostaje da prije\u0111e rub plo\u010danske rive.<\/p>\n<p>U posljednja dva sata vodostaj Neretve u Metkovi\u0107u je tako\u0111er u porastu. U 10:00 je iznosio 173 cm, a u 12:30 206 cm. Pove\u0107anjem vodostaja na povr\u0161inu je isplivalo i sme\u0107e koje se zadr\u017eava u tr\u0161\u0107aku. Ve\u0107 du\u017ee vremena, na akumulacijama uzvodno se kontinuirano ispu\u0161ta voda, uglavnom tijekom no\u0107i.<\/p>\n\r\n                <style type=\"text\/css\">\r\n                    \r\n                    #tdi_1  .td-doubleSlider-2 .td-item1 {\r\n                        background: url(https:\/\/likemetkovic.hr\/portal\/wp-content\/uploads\/2019\/12\/more-plo\u010de-80x60.jpg) 0 0 no-repeat;\r\n                    }\r\n                    #tdi_1  .td-doubleSlider-2 .td-item2 {\r\n                        background: url(https:\/\/likemetkovic.hr\/portal\/wp-content\/uploads\/2019\/12\/20191222-neretva-riva-vodostaj-1-80x60.jpg) 0 0 no-repeat;\r\n                    }\r\n                    #tdi_1  .td-doubleSlider-2 .td-item3 {\r\n                        background: url(https:\/\/likemetkovic.hr\/portal\/wp-content\/uploads\/2019\/12\/20191222-neretva-riva-vodostaj-2-80x60.jpg) 0 0 no-repeat;\r\n                    }\r\n                    #tdi_1  .td-doubleSlider-2 .td-item4 {\r\n                        background: url(https:\/\/likemetkovic.hr\/portal\/wp-content\/uploads\/2019\/12\/20191222-neretva-riva-vodostaj-3-80x60.jpg) 0 0 no-repeat;\r\n                    }\r\n                    #tdi_1  .td-doubleSlider-2 .td-item5 {\r\n                        background: url(https:\/\/likemetkovic.hr\/portal\/wp-content\/uploads\/2019\/12\/20191222-neretva-riva-vodostaj-4-80x60.jpg) 0 0 no-repeat;\r\n                    }\r\n                <\/style>\r\n\r\n                <div id=\"tdi_1\" class=\"td-gallery td-slide-on-2-columns\">\r\n                    <div class=\"post_td_gallery\">\r\n                        <div class=\"td-gallery-slide-top\">\r\n                           <div class=\"td-gallery-title\"><\/div>\r\n\r\n                            <div class=\"td-gallery-controls-wrapper\">\r\n                                <div class=\"td-gallery-slide-count\"><span class=\"td-gallery-slide-item-focus\">1<\/span> of 5<\/div>\r\n                                <div class=\"td-gallery-slide-prev-next-but\">\r\n                                    <i class = \"td-icon-left doubleSliderPrevButton\"><\/i>\r\n                                    <i class = \"td-icon-right doubleSliderNextButton\"><\/i>\r\n                                <\/div>\r\n                            <\/div>\r\n                        <\/div>\r\n\r\n                        <div class = \"td-doubleSlider-1 \">\r\n                            <div class = \"td-slider\">\r\n                                \r\n                    <div class = \"td-slide-item td-item1\">\r\n                        <figure class=\"td-slide-galery-figure td-slide-popup-gallery\">\r\n                            <a class=\"slide-gallery-image-link\" href=\"https:\/\/likemetkovic.hr\/portal\/wp-content\/uploads\/2019\/12\/more-plo\u010de.jpg\" title=\"more plo\u010de\"  data-caption=\"\"  data-description=\"\">\r\n                                <img decoding=\"async\" src=\"https:\/\/likemetkovic.hr\/portal\/wp-content\/uploads\/2019\/12\/more-plo\u010de-560x420.jpg\" srcset=\"https:\/\/likemetkovic.hr\/portal\/wp-content\/uploads\/2019\/12\/more-plo\u010de-560x420.jpg 560w, https:\/\/likemetkovic.hr\/portal\/wp-content\/uploads\/2019\/12\/more-plo\u010de.jpg 800w, https:\/\/likemetkovic.hr\/portal\/wp-content\/uploads\/2019\/12\/more-plo\u010de-768x576.jpg 768w, https:\/\/likemetkovic.hr\/portal\/wp-content\/uploads\/2019\/12\/more-plo\u010de-696x522.jpg 696w, https:\/\/likemetkovic.hr\/portal\/wp-content\/uploads\/2019\/12\/more-plo\u010de-80x60.jpg 80w, https:\/\/likemetkovic.hr\/portal\/wp-content\/uploads\/2019\/12\/more-plo\u010de-265x198.jpg 265w\" sizes=\"(max-width: 560px) 100vw, 560px\" alt=\"\">\r\n                            <\/a>\r\n                            \r\n                        <\/figure>\r\n                    <\/div>\r\n                    <div class = \"td-slide-item td-item2\">\r\n                        <figure class=\"td-slide-galery-figure td-slide-popup-gallery\">\r\n                            <a class=\"slide-gallery-image-link\" href=\"https:\/\/likemetkovic.hr\/portal\/wp-content\/uploads\/2019\/12\/20191222-neretva-riva-vodostaj-1.jpg\" title=\"20191222-neretva riva vodostaj 1\"  data-caption=\"\"  data-description=\"\">\r\n                                <img decoding=\"async\" src=\"https:\/\/likemetkovic.hr\/portal\/wp-content\/uploads\/2019\/12\/20191222-neretva-riva-vodostaj-1-747x420.jpg\" srcset=\"https:\/\/likemetkovic.hr\/portal\/wp-content\/uploads\/2019\/12\/20191222-neretva-riva-vodostaj-1-747x420.jpg 747w, https:\/\/likemetkovic.hr\/portal\/wp-content\/uploads\/2019\/12\/20191222-neretva-riva-vodostaj-1.jpg 800w, https:\/\/likemetkovic.hr\/portal\/wp-content\/uploads\/2019\/12\/20191222-neretva-riva-vodostaj-1-768x432.jpg 768w, https:\/\/likemetkovic.hr\/portal\/wp-content\/uploads\/2019\/12\/20191222-neretva-riva-vodostaj-1-696x392.jpg 696w\" sizes=\"(max-width: 747px) 100vw, 747px\" alt=\"\">\r\n                            <\/a>\r\n                            \r\n                        <\/figure>\r\n                    <\/div>\r\n                    <div class = \"td-slide-item td-item3\">\r\n                        <figure class=\"td-slide-galery-figure td-slide-popup-gallery\">\r\n                            <a class=\"slide-gallery-image-link\" href=\"https:\/\/likemetkovic.hr\/portal\/wp-content\/uploads\/2019\/12\/20191222-neretva-riva-vodostaj-2.jpg\" title=\"20191222-neretva riva vodostaj 2\"  data-caption=\"\"  data-description=\"\">\r\n                                <img decoding=\"async\" src=\"https:\/\/likemetkovic.hr\/portal\/wp-content\/uploads\/2019\/12\/20191222-neretva-riva-vodostaj-2-747x420.jpg\" srcset=\"https:\/\/likemetkovic.hr\/portal\/wp-content\/uploads\/2019\/12\/20191222-neretva-riva-vodostaj-2-747x420.jpg 747w, https:\/\/likemetkovic.hr\/portal\/wp-content\/uploads\/2019\/12\/20191222-neretva-riva-vodostaj-2.jpg 800w, https:\/\/likemetkovic.hr\/portal\/wp-content\/uploads\/2019\/12\/20191222-neretva-riva-vodostaj-2-768x432.jpg 768w, https:\/\/likemetkovic.hr\/portal\/wp-content\/uploads\/2019\/12\/20191222-neretva-riva-vodostaj-2-696x392.jpg 696w\" sizes=\"(max-width: 747px) 100vw, 747px\" alt=\"\">\r\n                            <\/a>\r\n                            \r\n                        <\/figure>\r\n                    <\/div>\r\n                    <div class = \"td-slide-item td-item4\">\r\n                        <figure class=\"td-slide-galery-figure td-slide-popup-gallery\">\r\n                            <a class=\"slide-gallery-image-link\" href=\"https:\/\/likemetkovic.hr\/portal\/wp-content\/uploads\/2019\/12\/20191222-neretva-riva-vodostaj-3.jpg\" title=\"20191222-neretva riva vodostaj 3\"  data-caption=\"\"  data-description=\"\">\r\n                                <img decoding=\"async\" src=\"https:\/\/likemetkovic.hr\/portal\/wp-content\/uploads\/2019\/12\/20191222-neretva-riva-vodostaj-3-747x420.jpg\" srcset=\"https:\/\/likemetkovic.hr\/portal\/wp-content\/uploads\/2019\/12\/20191222-neretva-riva-vodostaj-3-747x420.jpg 747w, https:\/\/likemetkovic.hr\/portal\/wp-content\/uploads\/2019\/12\/20191222-neretva-riva-vodostaj-3.jpg 800w, https:\/\/likemetkovic.hr\/portal\/wp-content\/uploads\/2019\/12\/20191222-neretva-riva-vodostaj-3-768x432.jpg 768w, https:\/\/likemetkovic.hr\/portal\/wp-content\/uploads\/2019\/12\/20191222-neretva-riva-vodostaj-3-696x392.jpg 696w\" sizes=\"(max-width: 747px) 100vw, 747px\" alt=\"\">\r\n                            <\/a>\r\n                            \r\n                        <\/figure>\r\n                    <\/div>\r\n                    <div class = \"td-slide-item td-item5\">\r\n                        <figure class=\"td-slide-galery-figure td-slide-popup-gallery\">\r\n                            <a class=\"slide-gallery-image-link\" href=\"https:\/\/likemetkovic.hr\/portal\/wp-content\/uploads\/2019\/12\/20191222-neretva-riva-vodostaj-4.jpg\" title=\"20191222-neretva riva vodostaj 4\"  data-caption=\"\"  data-description=\"\">\r\n                                <img decoding=\"async\" src=\"https:\/\/likemetkovic.hr\/portal\/wp-content\/uploads\/2019\/12\/20191222-neretva-riva-vodostaj-4-747x420.jpg\" srcset=\"https:\/\/likemetkovic.hr\/portal\/wp-content\/uploads\/2019\/12\/20191222-neretva-riva-vodostaj-4-747x420.jpg 747w, https:\/\/likemetkovic.hr\/portal\/wp-content\/uploads\/2019\/12\/20191222-neretva-riva-vodostaj-4.jpg 800w, https:\/\/likemetkovic.hr\/portal\/wp-content\/uploads\/2019\/12\/20191222-neretva-riva-vodostaj-4-768x432.jpg 768w, https:\/\/likemetkovic.hr\/portal\/wp-content\/uploads\/2019\/12\/20191222-neretva-riva-vodostaj-4-696x392.jpg 696w\" sizes=\"(max-width: 747px) 100vw, 747px\" alt=\"\">\r\n                            <\/a>\r\n                            \r\n                        <\/figure>\r\n                    <\/div>\r\n                            <\/div>\r\n                        <\/div>\r\n\r\n                        <div class = \"td-doubleSlider-2\">\r\n                            <div class = \"td-slider\">\r\n                                \r\n                    <div class = \"td-button td-item1\">\r\n                        <div class = \"td-border\"><\/div>\r\n                    <\/div>\r\n                    <div class = \"td-button td-item2\">\r\n                        <div class = \"td-border\"><\/div>\r\n                    <\/div>\r\n                    <div class = \"td-button td-item3\">\r\n                        <div class = \"td-border\"><\/div>\r\n                    <\/div>\r\n                    <div class = \"td-button td-item4\">\r\n                        <div class = \"td-border\"><\/div>\r\n                    <\/div>\r\n                    <div class = \"td-button td-item5\">\r\n                        <div class = \"td-border\"><\/div>\r\n                    <\/div>\r\n                            <\/div>\r\n                        <\/div>\r\n\r\n                    <\/div>\r\n\r\n                <\/div>\r\n                \n","protected":false},"excerpt":{"rendered":"<p>Plima na moru podigla je razinu vode u Neretvi. U 12:00 je visina mora kod ustave na Maloj Neretvi (U\u0161\u0107e) bila 137 cm, \u0161to je pove\u0107anje od 45 cm od 7 sati ujutro. Malo nedostaje da prije\u0111e rub plo\u010danske rive. U posljednja dva sata vodostaj Neretve u Metkovi\u0107u je tako\u0111er u porastu. U 10:00 je [&hellip;]<\/p>\n","protected":false},"author":9,"featured_media":95425,"comment_status":"open","ping_status":"open","sticky":false,"template":"","format":"standard","meta":{"footnotes":""},"categories":[296,11],"tags":[428,6662,1820,2646],"class_list":{"0":"post-95422","1":"post","2":"type-post","3":"status-publish","4":"format-standard","5":"has-post-thumbnail","7":"category-ab","8":"category-metkovic-dolina","9":"tag-neretva","10":"tag-plima","11":"tag-smece","12":"tag-vodostaj"},"yoast_head":"<!-- This site is optimized with the Yoast SEO plugin v25.2 - https:\/\/yoast.com\/wordpress\/plugins\/seo\/ -->\n<title>Jugo i plima podigle vodostaj Neretve, a s njim i sme\u0107e - likemetkovic.hr<\/title>\n<meta name=\"robots\" content=\"index, follow, max-snippet:-1, max-image-preview:large, max-video-preview:-1\" \/>\n<link rel=\"canonical\" href=\"https:\/\/likemetkovic.hr\/jugo-i-plima-podigle-vodostaj-neretve-a-s-njim-i-smece\/\" \/>\n<meta property=\"og:locale\" content=\"hr_HR\" \/>\n<meta property=\"og:type\" content=\"article\" \/>\n<meta property=\"og:title\" content=\"Jugo i plima podigle vodostaj Neretve, a s njim i sme\u0107e - likemetkovic.hr\" \/>\n<meta property=\"og:description\" content=\"Plima na moru podigla je razinu vode u Neretvi. U 12:00 je visina mora kod ustave na Maloj Neretvi (U\u0161\u0107e) bila 137 cm, \u0161to je pove\u0107anje od 45 cm od 7 sati ujutro. Malo nedostaje da prije\u0111e rub plo\u010danske rive. U posljednja dva sata vodostaj Neretve u Metkovi\u0107u je tako\u0111er u porastu. U 10:00 je [&hellip;]\" \/>\n<meta property=\"og:url\" content=\"https:\/\/likemetkovic.hr\/jugo-i-plima-podigle-vodostaj-neretve-a-s-njim-i-smece\/\" \/>\n<meta property=\"og:site_name\" content=\"likemetkovic.hr\" \/>\n<meta property=\"article:publisher\" content=\"https:\/\/www.facebook.com\/likemetkovic.hr\/\" \/>\n<meta property=\"article:published_time\" content=\"2019-12-22T12:42:10+00:00\" \/>\n<meta property=\"article:modified_time\" content=\"2019-12-22T16:39:52+00:00\" \/>\n<meta property=\"og:image\" content=\"https:\/\/likemetkovic.hr\/wp-content\/uploads\/2019\/12\/20191222-neretva-riva-vodostaj-2.jpg\" \/>\n\t<meta property=\"og:image:width\" content=\"800\" \/>\n\t<meta property=\"og:image:height\" content=\"450\" \/>\n\t<meta property=\"og:image:type\" content=\"image\/jpeg\" \/>\n<meta name=\"author\" content=\"K. J.\" \/>\n<meta name=\"twitter:card\" content=\"summary_large_image\" \/>\n<meta name=\"twitter:label1\" content=\"Napisao\/la\" \/>\n\t<meta name=\"twitter:data1\" content=\"K. J.\" \/>\n\t<meta name=\"twitter:label2\" content=\"Procijenjeno vrijeme \u010ditanja\" \/>\n\t<meta name=\"twitter:data2\" content=\"1 minuta\" \/>\n<script type=\"application\/ld+json\" class=\"yoast-schema-graph\">{\"@context\":\"https:\/\/schema.org\",\"@graph\":[{\"@type\":\"WebPage\",\"@id\":\"https:\/\/likemetkovic.hr\/jugo-i-plima-podigle-vodostaj-neretve-a-s-njim-i-smece\/\",\"url\":\"https:\/\/likemetkovic.hr\/jugo-i-plima-podigle-vodostaj-neretve-a-s-njim-i-smece\/\",\"name\":\"Jugo i plima podigle vodostaj Neretve, a s njim i sme\u0107e - likemetkovic.hr\",\"isPartOf\":{\"@id\":\"https:\/\/likemetkovic.hr\/#website\"},\"primaryImageOfPage\":{\"@id\":\"https:\/\/likemetkovic.hr\/jugo-i-plima-podigle-vodostaj-neretve-a-s-njim-i-smece\/#primaryimage\"},\"image\":{\"@id\":\"https:\/\/likemetkovic.hr\/jugo-i-plima-podigle-vodostaj-neretve-a-s-njim-i-smece\/#primaryimage\"},\"thumbnailUrl\":\"https:\/\/likemetkovic.hr\/portal\/wp-content\/uploads\/2019\/12\/20191222-neretva-riva-vodostaj-2.jpg\",\"datePublished\":\"2019-12-22T12:42:10+00:00\",\"dateModified\":\"2019-12-22T16:39:52+00:00\",\"author\":{\"@id\":\"https:\/\/likemetkovic.hr\/#\/schema\/person\/0a8b4ebfdfe1ff01192dccda40c5da0c\"},\"breadcrumb\":{\"@id\":\"https:\/\/likemetkovic.hr\/jugo-i-plima-podigle-vodostaj-neretve-a-s-njim-i-smece\/#breadcrumb\"},\"inLanguage\":\"hr\",\"potentialAction\":[{\"@type\":\"ReadAction\",\"target\":[\"https:\/\/likemetkovic.hr\/jugo-i-plima-podigle-vodostaj-neretve-a-s-njim-i-smece\/\"]}]},{\"@type\":\"ImageObject\",\"inLanguage\":\"hr\",\"@id\":\"https:\/\/likemetkovic.hr\/jugo-i-plima-podigle-vodostaj-neretve-a-s-njim-i-smece\/#primaryimage\",\"url\":\"https:\/\/likemetkovic.hr\/portal\/wp-content\/uploads\/2019\/12\/20191222-neretva-riva-vodostaj-2.jpg\",\"contentUrl\":\"https:\/\/likemetkovic.hr\/portal\/wp-content\/uploads\/2019\/12\/20191222-neretva-riva-vodostaj-2.jpg\",\"width\":800,\"height\":450},{\"@type\":\"BreadcrumbList\",\"@id\":\"https:\/\/likemetkovic.hr\/jugo-i-plima-podigle-vodostaj-neretve-a-s-njim-i-smece\/#breadcrumb\",\"itemListElement\":[{\"@type\":\"ListItem\",\"position\":1,\"name\":\"Po\u010detna stranica\",\"item\":\"https:\/\/likemetkovic.hr\/portal\/\"},{\"@type\":\"ListItem\",\"position\":2,\"name\":\"Jugo i plima podigle vodostaj Neretve, a s njim i sme\u0107e\"}]},{\"@type\":\"WebSite\",\"@id\":\"https:\/\/likemetkovic.hr\/#website\",\"url\":\"https:\/\/likemetkovic.hr\/\",\"name\":\"likemetkovic.hr\",\"description\":\"Misli pozitivno... \u010ditaj LIKE\",\"potentialAction\":[{\"@type\":\"SearchAction\",\"target\":{\"@type\":\"EntryPoint\",\"urlTemplate\":\"https:\/\/likemetkovic.hr\/?s={search_term_string}\"},\"query-input\":{\"@type\":\"PropertyValueSpecification\",\"valueRequired\":true,\"valueName\":\"search_term_string\"}}],\"inLanguage\":\"hr\"},{\"@type\":\"Person\",\"@id\":\"https:\/\/likemetkovic.hr\/#\/schema\/person\/0a8b4ebfdfe1ff01192dccda40c5da0c\",\"name\":\"K. J.\",\"url\":\"https:\/\/likemetkovic.hr\/portal\/author\/likemetkovic\/\"}]}<\/script>\n<!-- \/ Yoast SEO plugin. -->","yoast_head_json":{"title":"Jugo i plima podigle vodostaj Neretve, a s njim i sme\u0107e - likemetkovic.hr","robots":{"index":"index","follow":"follow","max-snippet":"max-snippet:-1","max-image-preview":"max-image-preview:large","max-video-preview":"max-video-preview:-1"},"canonical":"https:\/\/likemetkovic.hr\/jugo-i-plima-podigle-vodostaj-neretve-a-s-njim-i-smece\/","og_locale":"hr_HR","og_type":"article","og_title":"Jugo i plima podigle vodostaj Neretve, a s njim i sme\u0107e - likemetkovic.hr","og_description":"Plima na moru podigla je razinu vode u Neretvi. U 12:00 je visina mora kod ustave na Maloj Neretvi (U\u0161\u0107e) bila 137 cm, \u0161to je pove\u0107anje od 45 cm od 7 sati ujutro. Malo nedostaje da prije\u0111e rub plo\u010danske rive. U posljednja dva sata vodostaj Neretve u Metkovi\u0107u je tako\u0111er u porastu. U 10:00 je [&hellip;]","og_url":"https:\/\/likemetkovic.hr\/jugo-i-plima-podigle-vodostaj-neretve-a-s-njim-i-smece\/","og_site_name":"likemetkovic.hr","article_publisher":"https:\/\/www.facebook.com\/likemetkovic.hr\/","article_published_time":"2019-12-22T12:42:10+00:00","article_modified_time":"2019-12-22T16:39:52+00:00","og_image":[{"width":800,"height":450,"url":"https:\/\/likemetkovic.hr\/wp-content\/uploads\/2019\/12\/20191222-neretva-riva-vodostaj-2.jpg","type":"image\/jpeg"}],"author":"K. J.","twitter_card":"summary_large_image","twitter_misc":{"Napisao\/la":"K. J.","Procijenjeno vrijeme \u010ditanja":"1 minuta"},"schema":{"@context":"https:\/\/schema.org","@graph":[{"@type":"WebPage","@id":"https:\/\/likemetkovic.hr\/jugo-i-plima-podigle-vodostaj-neretve-a-s-njim-i-smece\/","url":"https:\/\/likemetkovic.hr\/jugo-i-plima-podigle-vodostaj-neretve-a-s-njim-i-smece\/","name":"Jugo i plima podigle vodostaj Neretve, a s njim i sme\u0107e - likemetkovic.hr","isPartOf":{"@id":"https:\/\/likemetkovic.hr\/#website"},"primaryImageOfPage":{"@id":"https:\/\/likemetkovic.hr\/jugo-i-plima-podigle-vodostaj-neretve-a-s-njim-i-smece\/#primaryimage"},"image":{"@id":"https:\/\/likemetkovic.hr\/jugo-i-plima-podigle-vodostaj-neretve-a-s-njim-i-smece\/#primaryimage"},"thumbnailUrl":"https:\/\/likemetkovic.hr\/portal\/wp-content\/uploads\/2019\/12\/20191222-neretva-riva-vodostaj-2.jpg","datePublished":"2019-12-22T12:42:10+00:00","dateModified":"2019-12-22T16:39:52+00:00","author":{"@id":"https:\/\/likemetkovic.hr\/#\/schema\/person\/0a8b4ebfdfe1ff01192dccda40c5da0c"},"breadcrumb":{"@id":"https:\/\/likemetkovic.hr\/jugo-i-plima-podigle-vodostaj-neretve-a-s-njim-i-smece\/#breadcrumb"},"inLanguage":"hr","potentialAction":[{"@type":"ReadAction","target":["https:\/\/likemetkovic.hr\/jugo-i-plima-podigle-vodostaj-neretve-a-s-njim-i-smece\/"]}]},{"@type":"ImageObject","inLanguage":"hr","@id":"https:\/\/likemetkovic.hr\/jugo-i-plima-podigle-vodostaj-neretve-a-s-njim-i-smece\/#primaryimage","url":"https:\/\/likemetkovic.hr\/portal\/wp-content\/uploads\/2019\/12\/20191222-neretva-riva-vodostaj-2.jpg","contentUrl":"https:\/\/likemetkovic.hr\/portal\/wp-content\/uploads\/2019\/12\/20191222-neretva-riva-vodostaj-2.jpg","width":800,"height":450},{"@type":"BreadcrumbList","@id":"https:\/\/likemetkovic.hr\/jugo-i-plima-podigle-vodostaj-neretve-a-s-njim-i-smece\/#breadcrumb","itemListElement":[{"@type":"ListItem","position":1,"name":"Po\u010detna stranica","item":"https:\/\/likemetkovic.hr\/portal\/"},{"@type":"ListItem","position":2,"name":"Jugo i plima podigle vodostaj Neretve, a s njim i sme\u0107e"}]},{"@type":"WebSite","@id":"https:\/\/likemetkovic.hr\/#website","url":"https:\/\/likemetkovic.hr\/","name":"likemetkovic.hr","description":"Misli pozitivno... \u010ditaj LIKE","potentialAction":[{"@type":"SearchAction","target":{"@type":"EntryPoint","urlTemplate":"https:\/\/likemetkovic.hr\/?s={search_term_string}"},"query-input":{"@type":"PropertyValueSpecification","valueRequired":true,"valueName":"search_term_string"}}],"inLanguage":"hr"},{"@type":"Person","@id":"https:\/\/likemetkovic.hr\/#\/schema\/person\/0a8b4ebfdfe1ff01192dccda40c5da0c","name":"K. J.","url":"https:\/\/likemetkovic.hr\/portal\/author\/likemetkovic\/"}]}},"_links":{"self":[{"href":"https:\/\/likemetkovic.hr\/portal\/wp-json\/wp\/v2\/posts\/95422","targetHints":{"allow":["GET"]}}],"collection":[{"href":"https:\/\/likemetkovic.hr\/portal\/wp-json\/wp\/v2\/posts"}],"about":[{"href":"https:\/\/likemetkovic.hr\/portal\/wp-json\/wp\/v2\/types\/post"}],"author":[{"embeddable":true,"href":"https:\/\/likemetkovic.hr\/portal\/wp-json\/wp\/v2\/users\/9"}],"replies":[{"embeddable":true,"href":"https:\/\/likemetkovic.hr\/portal\/wp-json\/wp\/v2\/comments?post=95422"}],"version-history":[{"count":0,"href":"https:\/\/likemetkovic.hr\/portal\/wp-json\/wp\/v2\/posts\/95422\/revisions"}],"wp:featuredmedia":[{"embeddable":true,"href":"https:\/\/likemetkovic.hr\/portal\/wp-json\/wp\/v2\/media\/95425"}],"wp:attachment":[{"href":"https:\/\/likemetkovic.hr\/portal\/wp-json\/wp\/v2\/media?parent=95422"}],"wp:term":[{"taxonomy":"category","embeddable":true,"href":"https:\/\/likemetkovic.hr\/portal\/wp-json\/wp\/v2\/categories?post=95422"},{"taxonomy":"post_tag","embeddable":true,"href":"https:\/\/likemetkovic.hr\/portal\/wp-json\/wp\/v2\/tags?post=95422"}],"curies":[{"name":"wp","href":"https:\/\/api.w.org\/{rel}","templated":true}]}}