{"id":96726,"date":"2020-01-27T17:17:15","date_gmt":"2020-01-27T16:17:15","guid":{"rendered":"https:\/\/likemetkovic.hr\/?p=96726"},"modified":"2020-01-27T17:17:56","modified_gmt":"2020-01-27T16:17:56","slug":"uspjesno-zavrsena-dva-tecaja-prerade-voca-zbog-interesa-moguc-je-i-treci","status":"publish","type":"post","link":"https:\/\/likemetkovic.hr\/portal\/uspjesno-zavrsena-dva-tecaja-prerade-voca-zbog-interesa-moguc-je-i-treci\/","title":{"rendered":"Uspje\u0161no zavr\u0161ena dva te\u010daja prerade vo\u0107a, zbog interesa mogu\u0107 je i tre\u0107i"},"content":{"rendered":"<p>U organizaciji Uprave za stru\u010dnu podr\u0161ku razvoju poljoprivrede i ribarstva, u okviru Mjere 1 <em>Preno\u0161enje znanja i aktivnosti informiranja<\/em> (Programa ruralnog razvoja 2014.- 2020.) u prosincu 2019. u Metkovi\u0107u je organiziran <strong>te\u010daj strukovnog osposobljavanja za poljoprivrednike<\/strong> po programu<em><strong> Prerada vo\u0107a<\/strong><\/em> za 25 polaznika.<\/p>\n<p>Zbog velikog broja zainteresiranih polaznika te\u010daj je za 28 polaznika ponovljen u Metkovi\u0107u od 21. do 24. sije\u010dnja 2020.<\/p>\n<p>Te\u010daj je namijenjen svim zainteresiranim poljoprivrednicima bilo da se ve\u0107 bave preradom vo\u0107a ili to namjeravaju. <strong>Program edukacije<\/strong> sadr\u017ei teme koje obra\u0111uju preradu vo\u0107a u sok, \u0111em, marmeladu, pekmez, kompot, ulje, vo\u0107ni ocat, vo\u0107no vino, vo\u0107ne rakije i su\u0161enje vo\u0107a.<\/p>\n<p><img decoding=\"async\" class=\"alignnone size-medium wp-image-96727\" src=\"https:\/\/likemetkovic.hr\/wp-content\/uploads\/2020\/01\/prerada-vo\u0107a-te\u010daj--800x500.jpg\" alt=\"\" width=\"800\" height=\"500\" srcset=\"https:\/\/likemetkovic.hr\/portal\/wp-content\/uploads\/2020\/01\/prerada-vo\u0107a-te\u010daj-.jpg 800w, https:\/\/likemetkovic.hr\/portal\/wp-content\/uploads\/2020\/01\/prerada-vo\u0107a-te\u010daj--768x480.jpg 768w, https:\/\/likemetkovic.hr\/portal\/wp-content\/uploads\/2020\/01\/prerada-vo\u0107a-te\u010daj--696x435.jpg 696w, https:\/\/likemetkovic.hr\/portal\/wp-content\/uploads\/2020\/01\/prerada-vo\u0107a-te\u010daj--672x420.jpg 672w\" sizes=\"(max-width: 800px) 100vw, 800px\" \/><\/p>\n<p>Sudionicima izobrazbe koji zavr\u0161e program osposobljavanja izdaje se<strong> potvrda o zavr\u0161enom programu<\/strong> <strong>osposobljavanja<\/strong>, koja \u00a0kasnije slu\u017ei za upis dodatnih djelatnosti prerade vo\u0107a na OPG-u, a poha\u0111anje te\u010daja za polaznike je besplatno.<\/p>\n<p>Zbog iznimno velikog interesa za poha\u0111anje ovog te\u010daja, <strong>organizator je voljan isti ponoviti tijekom ove godine<\/strong>. Da bi organizacija i provedba te\u010daja bila \u0161to uspje\u0161nija, pozivamo zainteresirane da iska\u017eu interes na e-mail <a href=\"mailto:zoran.kajic@mps.hr\">zoran.kajic@mps.hr<\/a> ili na mobitel 091\/488-2786, slanjem poruke da \u017eele poha\u0111ati te\u010daj iz prerade vo\u0107a, uz \u0161to \u0107e navesti mati\u010dni broj OPG-a gdje su \u010dlanovi i svoje ime i prezime.<\/p>\n<p>Zainteresirani se tako\u0111er mogu javiti djelatnicima <strong>Uprave za stru\u010dnu podr\u0161ku razvoju poljoprivrede i ribarstva<\/strong> (biv\u0161a Hrvatska poljoprivredno-\u0161umarska savjetodavna slu\u017eba) u Metkovi\u0107u i Opuzenu.<\/p>\n","protected":false},"excerpt":{"rendered":"<p>U organizaciji Uprave za stru\u010dnu podr\u0161ku razvoju poljoprivrede i ribarstva, u okviru Mjere 1 Preno\u0161enje znanja i aktivnosti informiranja (Programa ruralnog razvoja 2014.- 2020.) u prosincu 2019. u Metkovi\u0107u je organiziran te\u010daj strukovnog osposobljavanja za poljoprivrednike po programu Prerada vo\u0107a za 25 polaznika. Zbog velikog broja zainteresiranih polaznika te\u010daj je za 28 polaznika ponovljen u [&hellip;]<\/p>\n","protected":false},"author":9,"featured_media":96727,"comment_status":"open","ping_status":"open","sticky":false,"template":"","format":"standard","meta":{"footnotes":""},"categories":[296,837],"tags":[2802,6571],"class_list":{"0":"post-96726","1":"post","2":"type-post","3":"status-publish","4":"format-standard","5":"has-post-thumbnail","7":"category-ab","8":"category-poljoprivreda","9":"tag-prerada-voca","10":"tag-tecaj"},"yoast_head":"<!-- This site is optimized with the Yoast SEO plugin v25.2 - https:\/\/yoast.com\/wordpress\/plugins\/seo\/ -->\n<title>Uspje\u0161no zavr\u0161ena dva te\u010daja prerade vo\u0107a, zbog interesa mogu\u0107 je i tre\u0107i - likemetkovic.hr<\/title>\n<meta name=\"robots\" content=\"index, follow, max-snippet:-1, max-image-preview:large, max-video-preview:-1\" \/>\n<link rel=\"canonical\" href=\"https:\/\/likemetkovic.hr\/uspjesno-zavrsena-dva-tecaja-prerade-voca-zbog-interesa-moguc-je-i-treci\/\" \/>\n<meta property=\"og:locale\" content=\"hr_HR\" \/>\n<meta property=\"og:type\" content=\"article\" \/>\n<meta property=\"og:title\" content=\"Uspje\u0161no zavr\u0161ena dva te\u010daja prerade vo\u0107a, zbog interesa mogu\u0107 je i tre\u0107i - likemetkovic.hr\" \/>\n<meta property=\"og:description\" content=\"U organizaciji Uprave za stru\u010dnu podr\u0161ku razvoju poljoprivrede i ribarstva, u okviru Mjere 1 Preno\u0161enje znanja i aktivnosti informiranja (Programa ruralnog razvoja 2014.- 2020.) u prosincu 2019. u Metkovi\u0107u je organiziran te\u010daj strukovnog osposobljavanja za poljoprivrednike po programu Prerada vo\u0107a za 25 polaznika. Zbog velikog broja zainteresiranih polaznika te\u010daj je za 28 polaznika ponovljen u [&hellip;]\" \/>\n<meta property=\"og:url\" content=\"https:\/\/likemetkovic.hr\/uspjesno-zavrsena-dva-tecaja-prerade-voca-zbog-interesa-moguc-je-i-treci\/\" \/>\n<meta property=\"og:site_name\" content=\"likemetkovic.hr\" \/>\n<meta property=\"article:publisher\" content=\"https:\/\/www.facebook.com\/likemetkovic.hr\/\" \/>\n<meta property=\"article:published_time\" content=\"2020-01-27T16:17:15+00:00\" \/>\n<meta property=\"article:modified_time\" content=\"2020-01-27T16:17:56+00:00\" \/>\n<meta property=\"og:image\" content=\"https:\/\/likemetkovic.hr\/wp-content\/uploads\/2020\/01\/prerada-vo\u0107a-te\u010daj-.jpg\" \/>\n\t<meta property=\"og:image:width\" content=\"800\" \/>\n\t<meta property=\"og:image:height\" content=\"500\" \/>\n\t<meta property=\"og:image:type\" content=\"image\/jpeg\" \/>\n<meta name=\"author\" content=\"K. J.\" \/>\n<meta name=\"twitter:card\" content=\"summary_large_image\" \/>\n<meta name=\"twitter:label1\" content=\"Napisao\/la\" \/>\n\t<meta name=\"twitter:data1\" content=\"K. J.\" \/>\n\t<meta name=\"twitter:label2\" content=\"Procijenjeno vrijeme \u010ditanja\" \/>\n\t<meta name=\"twitter:data2\" content=\"1 minuta\" \/>\n<script type=\"application\/ld+json\" class=\"yoast-schema-graph\">{\"@context\":\"https:\/\/schema.org\",\"@graph\":[{\"@type\":\"WebPage\",\"@id\":\"https:\/\/likemetkovic.hr\/uspjesno-zavrsena-dva-tecaja-prerade-voca-zbog-interesa-moguc-je-i-treci\/\",\"url\":\"https:\/\/likemetkovic.hr\/uspjesno-zavrsena-dva-tecaja-prerade-voca-zbog-interesa-moguc-je-i-treci\/\",\"name\":\"Uspje\u0161no zavr\u0161ena dva te\u010daja prerade vo\u0107a, zbog interesa mogu\u0107 je i tre\u0107i - likemetkovic.hr\",\"isPartOf\":{\"@id\":\"https:\/\/likemetkovic.hr\/#website\"},\"primaryImageOfPage\":{\"@id\":\"https:\/\/likemetkovic.hr\/uspjesno-zavrsena-dva-tecaja-prerade-voca-zbog-interesa-moguc-je-i-treci\/#primaryimage\"},\"image\":{\"@id\":\"https:\/\/likemetkovic.hr\/uspjesno-zavrsena-dva-tecaja-prerade-voca-zbog-interesa-moguc-je-i-treci\/#primaryimage\"},\"thumbnailUrl\":\"https:\/\/likemetkovic.hr\/portal\/wp-content\/uploads\/2020\/01\/prerada-vo\u0107a-te\u010daj-.jpg\",\"datePublished\":\"2020-01-27T16:17:15+00:00\",\"dateModified\":\"2020-01-27T16:17:56+00:00\",\"author\":{\"@id\":\"https:\/\/likemetkovic.hr\/#\/schema\/person\/0a8b4ebfdfe1ff01192dccda40c5da0c\"},\"breadcrumb\":{\"@id\":\"https:\/\/likemetkovic.hr\/uspjesno-zavrsena-dva-tecaja-prerade-voca-zbog-interesa-moguc-je-i-treci\/#breadcrumb\"},\"inLanguage\":\"hr\",\"potentialAction\":[{\"@type\":\"ReadAction\",\"target\":[\"https:\/\/likemetkovic.hr\/uspjesno-zavrsena-dva-tecaja-prerade-voca-zbog-interesa-moguc-je-i-treci\/\"]}]},{\"@type\":\"ImageObject\",\"inLanguage\":\"hr\",\"@id\":\"https:\/\/likemetkovic.hr\/uspjesno-zavrsena-dva-tecaja-prerade-voca-zbog-interesa-moguc-je-i-treci\/#primaryimage\",\"url\":\"https:\/\/likemetkovic.hr\/portal\/wp-content\/uploads\/2020\/01\/prerada-vo\u0107a-te\u010daj-.jpg\",\"contentUrl\":\"https:\/\/likemetkovic.hr\/portal\/wp-content\/uploads\/2020\/01\/prerada-vo\u0107a-te\u010daj-.jpg\",\"width\":800,\"height\":500},{\"@type\":\"BreadcrumbList\",\"@id\":\"https:\/\/likemetkovic.hr\/uspjesno-zavrsena-dva-tecaja-prerade-voca-zbog-interesa-moguc-je-i-treci\/#breadcrumb\",\"itemListElement\":[{\"@type\":\"ListItem\",\"position\":1,\"name\":\"Po\u010detna stranica\",\"item\":\"https:\/\/likemetkovic.hr\/portal\/\"},{\"@type\":\"ListItem\",\"position\":2,\"name\":\"Uspje\u0161no zavr\u0161ena dva te\u010daja prerade vo\u0107a, zbog interesa mogu\u0107 je i tre\u0107i\"}]},{\"@type\":\"WebSite\",\"@id\":\"https:\/\/likemetkovic.hr\/#website\",\"url\":\"https:\/\/likemetkovic.hr\/\",\"name\":\"likemetkovic.hr\",\"description\":\"Misli pozitivno... \u010ditaj LIKE\",\"potentialAction\":[{\"@type\":\"SearchAction\",\"target\":{\"@type\":\"EntryPoint\",\"urlTemplate\":\"https:\/\/likemetkovic.hr\/?s={search_term_string}\"},\"query-input\":{\"@type\":\"PropertyValueSpecification\",\"valueRequired\":true,\"valueName\":\"search_term_string\"}}],\"inLanguage\":\"hr\"},{\"@type\":\"Person\",\"@id\":\"https:\/\/likemetkovic.hr\/#\/schema\/person\/0a8b4ebfdfe1ff01192dccda40c5da0c\",\"name\":\"K. J.\",\"url\":\"https:\/\/likemetkovic.hr\/portal\/author\/likemetkovic\/\"}]}<\/script>\n<!-- \/ Yoast SEO plugin. -->","yoast_head_json":{"title":"Uspje\u0161no zavr\u0161ena dva te\u010daja prerade vo\u0107a, zbog interesa mogu\u0107 je i tre\u0107i - likemetkovic.hr","robots":{"index":"index","follow":"follow","max-snippet":"max-snippet:-1","max-image-preview":"max-image-preview:large","max-video-preview":"max-video-preview:-1"},"canonical":"https:\/\/likemetkovic.hr\/uspjesno-zavrsena-dva-tecaja-prerade-voca-zbog-interesa-moguc-je-i-treci\/","og_locale":"hr_HR","og_type":"article","og_title":"Uspje\u0161no zavr\u0161ena dva te\u010daja prerade vo\u0107a, zbog interesa mogu\u0107 je i tre\u0107i - likemetkovic.hr","og_description":"U organizaciji Uprave za stru\u010dnu podr\u0161ku razvoju poljoprivrede i ribarstva, u okviru Mjere 1 Preno\u0161enje znanja i aktivnosti informiranja (Programa ruralnog razvoja 2014.- 2020.) u prosincu 2019. u Metkovi\u0107u je organiziran te\u010daj strukovnog osposobljavanja za poljoprivrednike po programu Prerada vo\u0107a za 25 polaznika. Zbog velikog broja zainteresiranih polaznika te\u010daj je za 28 polaznika ponovljen u [&hellip;]","og_url":"https:\/\/likemetkovic.hr\/uspjesno-zavrsena-dva-tecaja-prerade-voca-zbog-interesa-moguc-je-i-treci\/","og_site_name":"likemetkovic.hr","article_publisher":"https:\/\/www.facebook.com\/likemetkovic.hr\/","article_published_time":"2020-01-27T16:17:15+00:00","article_modified_time":"2020-01-27T16:17:56+00:00","og_image":[{"width":800,"height":500,"url":"https:\/\/likemetkovic.hr\/wp-content\/uploads\/2020\/01\/prerada-vo\u0107a-te\u010daj-.jpg","type":"image\/jpeg"}],"author":"K. J.","twitter_card":"summary_large_image","twitter_misc":{"Napisao\/la":"K. J.","Procijenjeno vrijeme \u010ditanja":"1 minuta"},"schema":{"@context":"https:\/\/schema.org","@graph":[{"@type":"WebPage","@id":"https:\/\/likemetkovic.hr\/uspjesno-zavrsena-dva-tecaja-prerade-voca-zbog-interesa-moguc-je-i-treci\/","url":"https:\/\/likemetkovic.hr\/uspjesno-zavrsena-dva-tecaja-prerade-voca-zbog-interesa-moguc-je-i-treci\/","name":"Uspje\u0161no zavr\u0161ena dva te\u010daja prerade vo\u0107a, zbog interesa mogu\u0107 je i tre\u0107i - likemetkovic.hr","isPartOf":{"@id":"https:\/\/likemetkovic.hr\/#website"},"primaryImageOfPage":{"@id":"https:\/\/likemetkovic.hr\/uspjesno-zavrsena-dva-tecaja-prerade-voca-zbog-interesa-moguc-je-i-treci\/#primaryimage"},"image":{"@id":"https:\/\/likemetkovic.hr\/uspjesno-zavrsena-dva-tecaja-prerade-voca-zbog-interesa-moguc-je-i-treci\/#primaryimage"},"thumbnailUrl":"https:\/\/likemetkovic.hr\/portal\/wp-content\/uploads\/2020\/01\/prerada-vo\u0107a-te\u010daj-.jpg","datePublished":"2020-01-27T16:17:15+00:00","dateModified":"2020-01-27T16:17:56+00:00","author":{"@id":"https:\/\/likemetkovic.hr\/#\/schema\/person\/0a8b4ebfdfe1ff01192dccda40c5da0c"},"breadcrumb":{"@id":"https:\/\/likemetkovic.hr\/uspjesno-zavrsena-dva-tecaja-prerade-voca-zbog-interesa-moguc-je-i-treci\/#breadcrumb"},"inLanguage":"hr","potentialAction":[{"@type":"ReadAction","target":["https:\/\/likemetkovic.hr\/uspjesno-zavrsena-dva-tecaja-prerade-voca-zbog-interesa-moguc-je-i-treci\/"]}]},{"@type":"ImageObject","inLanguage":"hr","@id":"https:\/\/likemetkovic.hr\/uspjesno-zavrsena-dva-tecaja-prerade-voca-zbog-interesa-moguc-je-i-treci\/#primaryimage","url":"https:\/\/likemetkovic.hr\/portal\/wp-content\/uploads\/2020\/01\/prerada-vo\u0107a-te\u010daj-.jpg","contentUrl":"https:\/\/likemetkovic.hr\/portal\/wp-content\/uploads\/2020\/01\/prerada-vo\u0107a-te\u010daj-.jpg","width":800,"height":500},{"@type":"BreadcrumbList","@id":"https:\/\/likemetkovic.hr\/uspjesno-zavrsena-dva-tecaja-prerade-voca-zbog-interesa-moguc-je-i-treci\/#breadcrumb","itemListElement":[{"@type":"ListItem","position":1,"name":"Po\u010detna stranica","item":"https:\/\/likemetkovic.hr\/portal\/"},{"@type":"ListItem","position":2,"name":"Uspje\u0161no zavr\u0161ena dva te\u010daja prerade vo\u0107a, zbog interesa mogu\u0107 je i tre\u0107i"}]},{"@type":"WebSite","@id":"https:\/\/likemetkovic.hr\/#website","url":"https:\/\/likemetkovic.hr\/","name":"likemetkovic.hr","description":"Misli pozitivno... \u010ditaj LIKE","potentialAction":[{"@type":"SearchAction","target":{"@type":"EntryPoint","urlTemplate":"https:\/\/likemetkovic.hr\/?s={search_term_string}"},"query-input":{"@type":"PropertyValueSpecification","valueRequired":true,"valueName":"search_term_string"}}],"inLanguage":"hr"},{"@type":"Person","@id":"https:\/\/likemetkovic.hr\/#\/schema\/person\/0a8b4ebfdfe1ff01192dccda40c5da0c","name":"K. J.","url":"https:\/\/likemetkovic.hr\/portal\/author\/likemetkovic\/"}]}},"_links":{"self":[{"href":"https:\/\/likemetkovic.hr\/portal\/wp-json\/wp\/v2\/posts\/96726","targetHints":{"allow":["GET"]}}],"collection":[{"href":"https:\/\/likemetkovic.hr\/portal\/wp-json\/wp\/v2\/posts"}],"about":[{"href":"https:\/\/likemetkovic.hr\/portal\/wp-json\/wp\/v2\/types\/post"}],"author":[{"embeddable":true,"href":"https:\/\/likemetkovic.hr\/portal\/wp-json\/wp\/v2\/users\/9"}],"replies":[{"embeddable":true,"href":"https:\/\/likemetkovic.hr\/portal\/wp-json\/wp\/v2\/comments?post=96726"}],"version-history":[{"count":0,"href":"https:\/\/likemetkovic.hr\/portal\/wp-json\/wp\/v2\/posts\/96726\/revisions"}],"wp:featuredmedia":[{"embeddable":true,"href":"https:\/\/likemetkovic.hr\/portal\/wp-json\/wp\/v2\/media\/96727"}],"wp:attachment":[{"href":"https:\/\/likemetkovic.hr\/portal\/wp-json\/wp\/v2\/media?parent=96726"}],"wp:term":[{"taxonomy":"category","embeddable":true,"href":"https:\/\/likemetkovic.hr\/portal\/wp-json\/wp\/v2\/categories?post=96726"},{"taxonomy":"post_tag","embeddable":true,"href":"https:\/\/likemetkovic.hr\/portal\/wp-json\/wp\/v2\/tags?post=96726"}],"curies":[{"name":"wp","href":"https:\/\/api.w.org\/{rel}","templated":true}]}}