{"id":97122,"date":"2020-02-06T10:48:35","date_gmt":"2020-02-06T09:48:35","guid":{"rendered":"https:\/\/likemetkovic.hr\/?p=97122"},"modified":"2020-02-06T10:48:35","modified_gmt":"2020-02-06T09:48:35","slug":"osumnjiceni-dileri-metkovac-34-i-zupljanin-37-uhiceni-i-privedeni-drzavnom-odvjetniku","status":"publish","type":"post","link":"https:\/\/likemetkovic.hr\/portal\/osumnjiceni-dileri-metkovac-34-i-zupljanin-37-uhiceni-i-privedeni-drzavnom-odvjetniku\/","title":{"rendered":"Osumnji\u010deni dileri, Metkovac (34) i \u017dupljanin (37) uhi\u0107eni i privedeni dr\u017eavnom odvjetniku"},"content":{"rendered":"<p>Kako nam javljaju iz Policijske uprave dubrova\u010dko- neretvanske, nakon pro\u0161lotjedne akcije tijekom koje je uhi\u0107eno ukupno 12 osoba zbog sumnje u krijum\u010darenje i preprodaju amfetamina i kokaina na podru\u010dju na\u0161e \u017eupanije, nastavkom kriminalisti\u010dkog istra\u017eivanja uhi\u0107ene su jo\u0161 dvije mu\u0161ke osobe u dobi od 34 i 37 godina, prenosi <a href=\"https:\/\/dubrovacki.slobodnadalmacija.hr\/vijesti\/crna-kronika\/clanak\/id\/645061\/osumnjiceni-dileri-metkovac34-i-zupljanin37-uhiceni-i-privedeni-drzavnom-odvjetniku\" target=\"_blank\" rel=\"noopener noreferrer\">Dubrova\u010dki vjesnik<\/a>.<\/p>\n<p>Rije\u010d je o dr\u017eavljanima Republike Hrvatske od kojih je prvi osumnji\u010denik (34), ina\u010de Metkovac s privremenom adresom u Dubrovniku, jo\u0161 u ponedjeljak 3. velja\u010de uve\u010der uhi\u0107en na dubrova\u010dkom podru\u010dju. Tada je kod njega prona\u0111eno 103,5 grama amfetamina, koje mu je prodao drugoosumnji\u010denik (37) iz \u017dupe dubrova\u010dke.<\/p>\n<p><img decoding=\"async\" class=\"alignnone size-medium wp-image-97123\" src=\"https:\/\/likemetkovic.hr\/wp-content\/uploads\/2020\/02\/dubrovnik-dileri-800x500.jpg\" alt=\"\" width=\"800\" height=\"500\" srcset=\"https:\/\/likemetkovic.hr\/portal\/wp-content\/uploads\/2020\/02\/dubrovnik-dileri.jpg 800w, https:\/\/likemetkovic.hr\/portal\/wp-content\/uploads\/2020\/02\/dubrovnik-dileri-768x480.jpg 768w, https:\/\/likemetkovic.hr\/portal\/wp-content\/uploads\/2020\/02\/dubrovnik-dileri-696x435.jpg 696w, https:\/\/likemetkovic.hr\/portal\/wp-content\/uploads\/2020\/02\/dubrovnik-dileri-672x420.jpg 672w\" sizes=\"(max-width: 800px) 100vw, 800px\" \/><\/p>\n<p>Tijekom kriminalisti\u010dkog istra\u017eivanja je utvr\u0111eno kako je (34) u razdoblju od kraja studenog pro\u0161le do kraja sije\u010dnja ove godine u vi\u0161e navrata prodavao sintetsku drogu amfetamin &#8220;speed&#8221; u koli\u010dinama od 4 do 10 grama jednom od uhi\u0107enika u pro\u0161lotjednoj akciji.<\/p>\n<p>Recimo i to da je mla\u0111i uhi\u0107enik priveden ju\u010der, a stariji jutros. Zbog opasnosti od bijega i ponavljanja kaznenog djela prvome je uhi\u0107eniku (34) sudac istrage dubrova\u010dkog \u017dupanijskog suda ve\u0107 odredio istra\u017eni zatvor, dok \u0107e stariji uhi\u0107enik (37) nakon privo\u0111enja de\u017eurnom dr\u017eavnom odvjetniku tek biti priveden sucu istrage. O\u010dekuje se da \u0107e i njemu biti odre\u0111en istra\u017eni zatvor.<\/p>\n<p>Podsjetimo kako se 12 uhi\u0107enika, od kojih su dvojica dr\u017eavljani susjedne Bosne i Hercegovine, terete za preprodaju 110 grama kokaina i oko 1,7 kilograma &#8220;speeda&#8221; kojima je tr\u017ei\u0161na vrijednost oko 305 tisu\u0107e kuna odnosno oko 41 tisu\u0107u eura. Kod njih su prona\u0111eni i oru\u017eje, streljivo i novac zara\u0111en preprodajom narkotika, kao i mobiteli s vi\u0161e kartica koje su po potrebi mijenjali zbog me\u0111usobnog komuniciranja.<\/p>\n<p>Pi\u0161e i foto: Ahmet Kalajd\u017ei\u0107\/DV<\/p>\n","protected":false},"excerpt":{"rendered":"<p>Kako nam javljaju iz Policijske uprave dubrova\u010dko- neretvanske, nakon pro\u0161lotjedne akcije tijekom koje je uhi\u0107eno ukupno 12 osoba zbog sumnje u krijum\u010darenje i preprodaju amfetamina i kokaina na podru\u010dju na\u0161e \u017eupanije, nastavkom kriminalisti\u010dkog istra\u017eivanja uhi\u0107ene su jo\u0161 dvije mu\u0161ke osobe u dobi od 34 i 37 godina, prenosi Dubrova\u010dki vjesnik. Rije\u010d je o dr\u017eavljanima Republike [&hellip;]<\/p>\n","protected":false},"author":7,"featured_media":97123,"comment_status":"open","ping_status":"open","sticky":false,"template":"","format":"standard","meta":{"footnotes":""},"categories":[296,305],"tags":[6895,1568,369,6877],"class_list":{"0":"post-97122","1":"post","2":"type-post","3":"status-publish","4":"format-standard","5":"has-post-thumbnail","7":"category-ab","8":"category-crna-kronika","9":"tag-dileri","10":"tag-droga","11":"tag-pu-dubrovacko-neretvanska","12":"tag-uhicenje"},"yoast_head":"<!-- This site is optimized with the Yoast SEO plugin v25.2 - https:\/\/yoast.com\/wordpress\/plugins\/seo\/ -->\n<title>Osumnji\u010deni dileri, Metkovac (34) i \u017dupljanin (37) uhi\u0107eni i privedeni dr\u017eavnom odvjetniku - likemetkovic.hr<\/title>\n<meta name=\"robots\" content=\"index, follow, max-snippet:-1, max-image-preview:large, max-video-preview:-1\" \/>\n<link rel=\"canonical\" href=\"https:\/\/likemetkovic.hr\/osumnjiceni-dileri-metkovac-34-i-zupljanin-37-uhiceni-i-privedeni-drzavnom-odvjetniku\/\" \/>\n<meta property=\"og:locale\" content=\"hr_HR\" \/>\n<meta property=\"og:type\" content=\"article\" \/>\n<meta property=\"og:title\" content=\"Osumnji\u010deni dileri, Metkovac (34) i \u017dupljanin (37) uhi\u0107eni i privedeni dr\u017eavnom odvjetniku - likemetkovic.hr\" \/>\n<meta property=\"og:description\" content=\"Kako nam javljaju iz Policijske uprave dubrova\u010dko- neretvanske, nakon pro\u0161lotjedne akcije tijekom koje je uhi\u0107eno ukupno 12 osoba zbog sumnje u krijum\u010darenje i preprodaju amfetamina i kokaina na podru\u010dju na\u0161e \u017eupanije, nastavkom kriminalisti\u010dkog istra\u017eivanja uhi\u0107ene su jo\u0161 dvije mu\u0161ke osobe u dobi od 34 i 37 godina, prenosi Dubrova\u010dki vjesnik. Rije\u010d je o dr\u017eavljanima Republike [&hellip;]\" \/>\n<meta property=\"og:url\" content=\"https:\/\/likemetkovic.hr\/osumnjiceni-dileri-metkovac-34-i-zupljanin-37-uhiceni-i-privedeni-drzavnom-odvjetniku\/\" \/>\n<meta property=\"og:site_name\" content=\"likemetkovic.hr\" \/>\n<meta property=\"article:publisher\" content=\"https:\/\/www.facebook.com\/likemetkovic.hr\/\" \/>\n<meta property=\"article:published_time\" content=\"2020-02-06T09:48:35+00:00\" \/>\n<meta property=\"og:image\" content=\"https:\/\/likemetkovic.hr\/wp-content\/uploads\/2020\/02\/dubrovnik-dileri.jpg\" \/>\n\t<meta property=\"og:image:width\" content=\"800\" \/>\n\t<meta property=\"og:image:height\" content=\"500\" \/>\n\t<meta property=\"og:image:type\" content=\"image\/jpeg\" \/>\n<meta name=\"author\" content=\"LIKEmetkovic.hr\" \/>\n<meta name=\"twitter:card\" content=\"summary_large_image\" \/>\n<meta name=\"twitter:label1\" content=\"Napisao\/la\" \/>\n\t<meta name=\"twitter:data1\" content=\"LIKEmetkovic.hr\" \/>\n\t<meta name=\"twitter:label2\" content=\"Procijenjeno vrijeme \u010ditanja\" \/>\n\t<meta name=\"twitter:data2\" content=\"2 minute\" \/>\n<script type=\"application\/ld+json\" class=\"yoast-schema-graph\">{\"@context\":\"https:\/\/schema.org\",\"@graph\":[{\"@type\":\"WebPage\",\"@id\":\"https:\/\/likemetkovic.hr\/osumnjiceni-dileri-metkovac-34-i-zupljanin-37-uhiceni-i-privedeni-drzavnom-odvjetniku\/\",\"url\":\"https:\/\/likemetkovic.hr\/osumnjiceni-dileri-metkovac-34-i-zupljanin-37-uhiceni-i-privedeni-drzavnom-odvjetniku\/\",\"name\":\"Osumnji\u010deni dileri, Metkovac (34) i \u017dupljanin (37) uhi\u0107eni i privedeni dr\u017eavnom odvjetniku - likemetkovic.hr\",\"isPartOf\":{\"@id\":\"https:\/\/likemetkovic.hr\/#website\"},\"primaryImageOfPage\":{\"@id\":\"https:\/\/likemetkovic.hr\/osumnjiceni-dileri-metkovac-34-i-zupljanin-37-uhiceni-i-privedeni-drzavnom-odvjetniku\/#primaryimage\"},\"image\":{\"@id\":\"https:\/\/likemetkovic.hr\/osumnjiceni-dileri-metkovac-34-i-zupljanin-37-uhiceni-i-privedeni-drzavnom-odvjetniku\/#primaryimage\"},\"thumbnailUrl\":\"https:\/\/likemetkovic.hr\/portal\/wp-content\/uploads\/2020\/02\/dubrovnik-dileri.jpg\",\"datePublished\":\"2020-02-06T09:48:35+00:00\",\"author\":{\"@id\":\"https:\/\/likemetkovic.hr\/#\/schema\/person\/a42711f3385a0e2be6f7e0443bfb28f0\"},\"breadcrumb\":{\"@id\":\"https:\/\/likemetkovic.hr\/osumnjiceni-dileri-metkovac-34-i-zupljanin-37-uhiceni-i-privedeni-drzavnom-odvjetniku\/#breadcrumb\"},\"inLanguage\":\"hr\",\"potentialAction\":[{\"@type\":\"ReadAction\",\"target\":[\"https:\/\/likemetkovic.hr\/osumnjiceni-dileri-metkovac-34-i-zupljanin-37-uhiceni-i-privedeni-drzavnom-odvjetniku\/\"]}]},{\"@type\":\"ImageObject\",\"inLanguage\":\"hr\",\"@id\":\"https:\/\/likemetkovic.hr\/osumnjiceni-dileri-metkovac-34-i-zupljanin-37-uhiceni-i-privedeni-drzavnom-odvjetniku\/#primaryimage\",\"url\":\"https:\/\/likemetkovic.hr\/portal\/wp-content\/uploads\/2020\/02\/dubrovnik-dileri.jpg\",\"contentUrl\":\"https:\/\/likemetkovic.hr\/portal\/wp-content\/uploads\/2020\/02\/dubrovnik-dileri.jpg\",\"width\":800,\"height\":500},{\"@type\":\"BreadcrumbList\",\"@id\":\"https:\/\/likemetkovic.hr\/osumnjiceni-dileri-metkovac-34-i-zupljanin-37-uhiceni-i-privedeni-drzavnom-odvjetniku\/#breadcrumb\",\"itemListElement\":[{\"@type\":\"ListItem\",\"position\":1,\"name\":\"Po\u010detna stranica\",\"item\":\"https:\/\/likemetkovic.hr\/portal\/\"},{\"@type\":\"ListItem\",\"position\":2,\"name\":\"Osumnji\u010deni dileri, Metkovac (34) i \u017dupljanin (37) uhi\u0107eni i privedeni dr\u017eavnom odvjetniku\"}]},{\"@type\":\"WebSite\",\"@id\":\"https:\/\/likemetkovic.hr\/#website\",\"url\":\"https:\/\/likemetkovic.hr\/\",\"name\":\"likemetkovic.hr\",\"description\":\"Misli pozitivno... \u010ditaj LIKE\",\"potentialAction\":[{\"@type\":\"SearchAction\",\"target\":{\"@type\":\"EntryPoint\",\"urlTemplate\":\"https:\/\/likemetkovic.hr\/?s={search_term_string}\"},\"query-input\":{\"@type\":\"PropertyValueSpecification\",\"valueRequired\":true,\"valueName\":\"search_term_string\"}}],\"inLanguage\":\"hr\"},{\"@type\":\"Person\",\"@id\":\"https:\/\/likemetkovic.hr\/#\/schema\/person\/a42711f3385a0e2be6f7e0443bfb28f0\",\"name\":\"LIKEmetkovic.hr\",\"sameAs\":[\"http:\/\/likemetkovic.hr\"],\"url\":\"https:\/\/likemetkovic.hr\/portal\/author\/likemetkovic-hr\/\"}]}<\/script>\n<!-- \/ Yoast SEO plugin. -->","yoast_head_json":{"title":"Osumnji\u010deni dileri, Metkovac (34) i \u017dupljanin (37) uhi\u0107eni i privedeni dr\u017eavnom odvjetniku - likemetkovic.hr","robots":{"index":"index","follow":"follow","max-snippet":"max-snippet:-1","max-image-preview":"max-image-preview:large","max-video-preview":"max-video-preview:-1"},"canonical":"https:\/\/likemetkovic.hr\/osumnjiceni-dileri-metkovac-34-i-zupljanin-37-uhiceni-i-privedeni-drzavnom-odvjetniku\/","og_locale":"hr_HR","og_type":"article","og_title":"Osumnji\u010deni dileri, Metkovac (34) i \u017dupljanin (37) uhi\u0107eni i privedeni dr\u017eavnom odvjetniku - likemetkovic.hr","og_description":"Kako nam javljaju iz Policijske uprave dubrova\u010dko- neretvanske, nakon pro\u0161lotjedne akcije tijekom koje je uhi\u0107eno ukupno 12 osoba zbog sumnje u krijum\u010darenje i preprodaju amfetamina i kokaina na podru\u010dju na\u0161e \u017eupanije, nastavkom kriminalisti\u010dkog istra\u017eivanja uhi\u0107ene su jo\u0161 dvije mu\u0161ke osobe u dobi od 34 i 37 godina, prenosi Dubrova\u010dki vjesnik. Rije\u010d je o dr\u017eavljanima Republike [&hellip;]","og_url":"https:\/\/likemetkovic.hr\/osumnjiceni-dileri-metkovac-34-i-zupljanin-37-uhiceni-i-privedeni-drzavnom-odvjetniku\/","og_site_name":"likemetkovic.hr","article_publisher":"https:\/\/www.facebook.com\/likemetkovic.hr\/","article_published_time":"2020-02-06T09:48:35+00:00","og_image":[{"width":800,"height":500,"url":"https:\/\/likemetkovic.hr\/wp-content\/uploads\/2020\/02\/dubrovnik-dileri.jpg","type":"image\/jpeg"}],"author":"LIKEmetkovic.hr","twitter_card":"summary_large_image","twitter_misc":{"Napisao\/la":"LIKEmetkovic.hr","Procijenjeno vrijeme \u010ditanja":"2 minute"},"schema":{"@context":"https:\/\/schema.org","@graph":[{"@type":"WebPage","@id":"https:\/\/likemetkovic.hr\/osumnjiceni-dileri-metkovac-34-i-zupljanin-37-uhiceni-i-privedeni-drzavnom-odvjetniku\/","url":"https:\/\/likemetkovic.hr\/osumnjiceni-dileri-metkovac-34-i-zupljanin-37-uhiceni-i-privedeni-drzavnom-odvjetniku\/","name":"Osumnji\u010deni dileri, Metkovac (34) i \u017dupljanin (37) uhi\u0107eni i privedeni dr\u017eavnom odvjetniku - likemetkovic.hr","isPartOf":{"@id":"https:\/\/likemetkovic.hr\/#website"},"primaryImageOfPage":{"@id":"https:\/\/likemetkovic.hr\/osumnjiceni-dileri-metkovac-34-i-zupljanin-37-uhiceni-i-privedeni-drzavnom-odvjetniku\/#primaryimage"},"image":{"@id":"https:\/\/likemetkovic.hr\/osumnjiceni-dileri-metkovac-34-i-zupljanin-37-uhiceni-i-privedeni-drzavnom-odvjetniku\/#primaryimage"},"thumbnailUrl":"https:\/\/likemetkovic.hr\/portal\/wp-content\/uploads\/2020\/02\/dubrovnik-dileri.jpg","datePublished":"2020-02-06T09:48:35+00:00","author":{"@id":"https:\/\/likemetkovic.hr\/#\/schema\/person\/a42711f3385a0e2be6f7e0443bfb28f0"},"breadcrumb":{"@id":"https:\/\/likemetkovic.hr\/osumnjiceni-dileri-metkovac-34-i-zupljanin-37-uhiceni-i-privedeni-drzavnom-odvjetniku\/#breadcrumb"},"inLanguage":"hr","potentialAction":[{"@type":"ReadAction","target":["https:\/\/likemetkovic.hr\/osumnjiceni-dileri-metkovac-34-i-zupljanin-37-uhiceni-i-privedeni-drzavnom-odvjetniku\/"]}]},{"@type":"ImageObject","inLanguage":"hr","@id":"https:\/\/likemetkovic.hr\/osumnjiceni-dileri-metkovac-34-i-zupljanin-37-uhiceni-i-privedeni-drzavnom-odvjetniku\/#primaryimage","url":"https:\/\/likemetkovic.hr\/portal\/wp-content\/uploads\/2020\/02\/dubrovnik-dileri.jpg","contentUrl":"https:\/\/likemetkovic.hr\/portal\/wp-content\/uploads\/2020\/02\/dubrovnik-dileri.jpg","width":800,"height":500},{"@type":"BreadcrumbList","@id":"https:\/\/likemetkovic.hr\/osumnjiceni-dileri-metkovac-34-i-zupljanin-37-uhiceni-i-privedeni-drzavnom-odvjetniku\/#breadcrumb","itemListElement":[{"@type":"ListItem","position":1,"name":"Po\u010detna stranica","item":"https:\/\/likemetkovic.hr\/portal\/"},{"@type":"ListItem","position":2,"name":"Osumnji\u010deni dileri, Metkovac (34) i \u017dupljanin (37) uhi\u0107eni i privedeni dr\u017eavnom odvjetniku"}]},{"@type":"WebSite","@id":"https:\/\/likemetkovic.hr\/#website","url":"https:\/\/likemetkovic.hr\/","name":"likemetkovic.hr","description":"Misli pozitivno... \u010ditaj LIKE","potentialAction":[{"@type":"SearchAction","target":{"@type":"EntryPoint","urlTemplate":"https:\/\/likemetkovic.hr\/?s={search_term_string}"},"query-input":{"@type":"PropertyValueSpecification","valueRequired":true,"valueName":"search_term_string"}}],"inLanguage":"hr"},{"@type":"Person","@id":"https:\/\/likemetkovic.hr\/#\/schema\/person\/a42711f3385a0e2be6f7e0443bfb28f0","name":"LIKEmetkovic.hr","sameAs":["http:\/\/likemetkovic.hr"],"url":"https:\/\/likemetkovic.hr\/portal\/author\/likemetkovic-hr\/"}]}},"_links":{"self":[{"href":"https:\/\/likemetkovic.hr\/portal\/wp-json\/wp\/v2\/posts\/97122","targetHints":{"allow":["GET"]}}],"collection":[{"href":"https:\/\/likemetkovic.hr\/portal\/wp-json\/wp\/v2\/posts"}],"about":[{"href":"https:\/\/likemetkovic.hr\/portal\/wp-json\/wp\/v2\/types\/post"}],"author":[{"embeddable":true,"href":"https:\/\/likemetkovic.hr\/portal\/wp-json\/wp\/v2\/users\/7"}],"replies":[{"embeddable":true,"href":"https:\/\/likemetkovic.hr\/portal\/wp-json\/wp\/v2\/comments?post=97122"}],"version-history":[{"count":0,"href":"https:\/\/likemetkovic.hr\/portal\/wp-json\/wp\/v2\/posts\/97122\/revisions"}],"wp:featuredmedia":[{"embeddable":true,"href":"https:\/\/likemetkovic.hr\/portal\/wp-json\/wp\/v2\/media\/97123"}],"wp:attachment":[{"href":"https:\/\/likemetkovic.hr\/portal\/wp-json\/wp\/v2\/media?parent=97122"}],"wp:term":[{"taxonomy":"category","embeddable":true,"href":"https:\/\/likemetkovic.hr\/portal\/wp-json\/wp\/v2\/categories?post=97122"},{"taxonomy":"post_tag","embeddable":true,"href":"https:\/\/likemetkovic.hr\/portal\/wp-json\/wp\/v2\/tags?post=97122"}],"curies":[{"name":"wp","href":"https:\/\/api.w.org\/{rel}","templated":true}]}}