{"id":97470,"date":"2020-02-15T15:09:07","date_gmt":"2020-02-15T14:09:07","guid":{"rendered":"https:\/\/likemetkovic.hr\/?p=97470"},"modified":"2020-02-15T15:09:07","modified_gmt":"2020-02-15T14:09:07","slug":"meteorolozi-otkrili-da-slijedi-jos-jedan-zimski-val-i-bura-a-onda-je-zima-gotova","status":"publish","type":"post","link":"https:\/\/likemetkovic.hr\/portal\/meteorolozi-otkrili-da-slijedi-jos-jedan-zimski-val-i-bura-a-onda-je-zima-gotova\/","title":{"rendered":"Meteorolozi otkrili da slijedi jo\u0161 jedan zimski val i bura, a onda je zima gotova!"},"content":{"rendered":"<p>Ve\u0107inu Dalmatinaca neugodno je iznenadilo ovako toplo vrijeme u velja\u010di. Temperatura je u nekim dalmatinskim mjestima dostigla rekordne vrijednosti za ovaj dio godine. A evo \u0161to nam o ovom neobi\u010dno toplom vremenu i \u201czimi bez zime\u201d ka\u017eu u Dr\u017eavnom hidrometeorolo\u0161kom zavodu.<\/p>\n<p><strong>Ivani Marinovi\u0107<\/strong>, mag. phys.-geophys., iz Slu\u017ebe za klimatologiju naveli smo da su proteklih dana u Dalmaciji izmjerene temperature od oko 20 \u00b0C, te smo je zamolili da nam temperature iz ovog mjeseca usporedi s proteklim godinama i ka\u017ee nam je li u njima bilo ovako toplih dana u velja\u010di.<\/p>\n<p>\u2013 U ve\u0107ini dana u velja\u010di ove godine srednja dnevna temperatura zraka bila je iznad prosjeka diljem Dalmacije, a u Zadru su \u010dak svi dani u velja\u010di bili natprosje\u010dno topli. Najvi\u0161a dnevna maksimalna temperatura zraka izmjerena je 11. velja\u010de na svim glavnim meteorolo\u0161kim postajama osim u Dubrovniku, gdje je izmjerena dan poslije.<\/p>\n<p>Najtoplije je bilo na Hvaru, gdje je maksimalna dnevna temperatura zraka iznosila 20,4 \u00b0C, \u0161to je za jedan stupanj toplije od apsolutnog maksimuma za velja\u010du u ovom stolje\u0107u.<br \/>\nDruga najtoplija glavna meteorolo\u0161ka postaja bila je Komi\u017ea, koja je s 19,6 \u00b0C za pola stupnja prema\u0161ila apsolutni maksimum za velja\u010du u istom razdoblju. Me\u0111u kopnenim postajama najtoplije je bilo u \u0160ibeniku, 19,3 \u00b0C, a u Zadru je dostignut apsolutni maksimum za velja\u010du u ovom stolje\u0107u od 17,3 \u00b0C.<\/p>\n<p>Iako je prva polovina velja\u010de bila natprosje\u010dno topla, izmjerene dnevne temperature zraka nisu prema\u0161ile apsolutni maksimum dnevne temperature zraka za velja\u010du zabilje\u017een od po\u010detka mjerenja na pojedinoj glavnoj meteorolo\u0161koj postaji. Ho\u0107e li se to ostvariti u drugoj polovini, trebamo pri\u010dekati kraj mjeseca i vidjeti \u010dime \u0107e nas jo\u0161 \u201cvelja\u010da prevrta\u010da\u201d ove godine iznenaditi \u2013 navela nam je Marinovi\u0107.<\/p>\n<p>Prognosti\u010darku dr. sc.\u00a0<strong>Tanju Renko<\/strong>\u00a0upitali smo pak kakvi su izgledi za sljede\u0107i tjedan.<\/p>\n<p>\u2013 Po\u010detak sljede\u0107eg tjedna bit \u0107e uglavnom suh i razmjerno topao. U ve\u0107em \u0107e dijelu Dalmacije prevladavati sun\u010dano vrijeme, no u dijelu sjeverne Dalmacije, posebice na \u0161irem zadarskom podru\u010dju, bit \u0107e povremeno obla\u010dnije uz malo ki\u0161e. Promjenjivije i vjetrovitije uz buru i sjeverni vjetar, te uz blagi pad temperature, bit \u0107e posvuda od \u010detvrtka \u2013 odgovara nam Renko, koju smo upitali je li zima gotova ili mo\u017eemo o\u010dekivati jo\u0161 neke hladne valove.<\/p>\n<p>\u2013 Klimatolo\u0161ki zima zavr\u0161ava krajem velja\u010de, odnosno s 1. o\u017eujka po\u010dinje klimatolo\u0161ko prolje\u0107e. Prave zime gotovo da nije bilo, a mo\u017eemo re\u0107i da du\u017ee razdoblje izra\u017eenijeg hladnijeg vremena nije izgledno. No, uz buru druga polovina sljede\u0107eg tjedna bit \u0107e u skladu s dobom godine, odnosno temperatura zraka bit \u0107e oko o\u010dekivanih, odnosno prosje\u010dnih za doba godine.<br \/>\nIako jo\u0161 idu\u0107ih mjeseci postoji mogu\u0107nost za izra\u017eenije prodore hladnog zraka koji mogu donijeti kra\u0107a hladnija razdoblja, vjerojatnost za hladne valove vrlo je mala \u2013 ka\u017ee Renko, koja nam je odgovorila i na pitanje o izgledima vremena za kraj velja\u010de i po\u010detak o\u017eujka.<\/p>\n<p>\u2013 Za posljednji tjedan u velja\u010di predvi\u0111a se nastavak toplijeg vremena od uobi\u010dajenog, a dosta je izgledan i manjak oborina. Potom se bla\u017ee pozitivno odstupanje od prosjeka nastavlja i po\u010detkom o\u017eujka, posebice na zapadu zemlje, tako\u0111er uz vjerojatnost za manje oborina od uobi\u010dajenog, i to izglednije na Jadranu i podru\u010djima uz njega \u2013 zaklju\u010duje prognosti\u010darka Renko.<\/p>\n<p>Toplo, pa hladno, pa toplo<br \/>\nPrema sedmodnevnoj prognozi modela\u00a0ALADIN, ovakvo nas vrijeme o\u010dekuje za vikend i sljede\u0107eg tjedna.<\/p>\n<div class=\"se-embed se-embed--infobox se-embed--infobox-gray  full-width\">\n<div class=\"se__text\">\n<p><strong>OBALA I OTOCI<\/strong><\/p>\n<p>Tijekom vikenda sun\u010dano i stabilno, najvi\u0161e dnevne temperature oko 15 \u00b0C, a najni\u017ee oko 5 \u00b0C.<\/p>\n<p>Po\u010detkom tjedna tako\u0111er stabilno s hladnim jutrima, ali s najvi\u0161im dnevnim temperaturama do 14 \u00b0C. Krajem tjedna o\u010dekuje se bura i temperatura \u0107e pasti. Uglavnom bez oborina.<\/p>\n<p><strong>ZAGORA<\/strong><\/p>\n<p>U nedjelju \u0107e temperatura tijekom no\u0107i i jutra pasti nekoliko stupnjeva ispod nule. Tijekom vikenda najvi\u0161a dnevna temperatura bit \u0107e oko 11 \u00b0C, a vrijeme \u0107e biti uglavnom sun\u010dano do malo obla\u010dno. Po\u010detkom tjedna bit \u0107e stabilno s hladnim jutrima, ali s najvi\u0161im dnevnim temperaturama do 14 \u00b0C. Krajem tjedna, dakle od \u010detvrtka, zahladnjenje.<\/p>\n<p><strong>ZAGREB I KONTINENT<\/strong><\/p>\n<p>Za vikend ujutro minusi, a dnevne temperature oko 10 \u00b0C. Tijekom nedjelje stabilno i sun\u010dano. Po\u010detkom i sredinom tjedna poluobla\u010dno i ki\u0161ovito, ali bez minusa, dok \u0107e najvi\u0161e dnevne temperature i\u0107i i do 15 \u00b0C. Krajem tjedna manje zahladnjenje.<\/p>\n<\/div>\n<\/div>\n","protected":false},"excerpt":{"rendered":"<p>Ve\u0107inu Dalmatinaca neugodno je iznenadilo ovako toplo vrijeme u velja\u010di. Temperatura je u nekim dalmatinskim mjestima dostigla rekordne vrijednosti za ovaj dio godine. A evo \u0161to nam o ovom neobi\u010dno toplom vremenu i \u201czimi bez zime\u201d ka\u017eu u Dr\u017eavnom hidrometeorolo\u0161kom zavodu. Ivani Marinovi\u0107, mag. phys.-geophys., iz Slu\u017ebe za klimatologiju naveli smo da su proteklih dana [&hellip;]<\/p>\n","protected":false},"author":8,"featured_media":70894,"comment_status":"open","ping_status":"open","sticky":false,"template":"","format":"standard","meta":{"footnotes":""},"categories":[296,1027,1026],"tags":[],"class_list":{"0":"post-97470","1":"post","2":"type-post","3":"status-publish","4":"format-standard","5":"has-post-thumbnail","7":"category-ab","8":"category-hrvatska","9":"category-vijesti"},"yoast_head":"<!-- This site is optimized with the Yoast SEO plugin v25.2 - https:\/\/yoast.com\/wordpress\/plugins\/seo\/ -->\n<title>Meteorolozi otkrili da slijedi jo\u0161 jedan zimski val i bura, a onda je zima gotova! - likemetkovic.hr<\/title>\n<meta name=\"robots\" content=\"index, follow, max-snippet:-1, max-image-preview:large, max-video-preview:-1\" \/>\n<link rel=\"canonical\" href=\"https:\/\/likemetkovic.hr\/meteorolozi-otkrili-da-slijedi-jos-jedan-zimski-val-i-bura-a-onda-je-zima-gotova\/\" \/>\n<meta property=\"og:locale\" content=\"hr_HR\" \/>\n<meta property=\"og:type\" content=\"article\" \/>\n<meta property=\"og:title\" content=\"Meteorolozi otkrili da slijedi jo\u0161 jedan zimski val i bura, a onda je zima gotova! - likemetkovic.hr\" \/>\n<meta property=\"og:description\" content=\"Ve\u0107inu Dalmatinaca neugodno je iznenadilo ovako toplo vrijeme u velja\u010di. Temperatura je u nekim dalmatinskim mjestima dostigla rekordne vrijednosti za ovaj dio godine. A evo \u0161to nam o ovom neobi\u010dno toplom vremenu i \u201czimi bez zime\u201d ka\u017eu u Dr\u017eavnom hidrometeorolo\u0161kom zavodu. Ivani Marinovi\u0107, mag. phys.-geophys., iz Slu\u017ebe za klimatologiju naveli smo da su proteklih dana [&hellip;]\" \/>\n<meta property=\"og:url\" content=\"https:\/\/likemetkovic.hr\/meteorolozi-otkrili-da-slijedi-jos-jedan-zimski-val-i-bura-a-onda-je-zima-gotova\/\" \/>\n<meta property=\"og:site_name\" content=\"likemetkovic.hr\" \/>\n<meta property=\"article:publisher\" content=\"https:\/\/www.facebook.com\/likemetkovic.hr\/\" \/>\n<meta property=\"article:published_time\" content=\"2020-02-15T14:09:07+00:00\" \/>\n<meta property=\"og:image\" content=\"https:\/\/likemetkovic.hr\/wp-content\/uploads\/2018\/11\/mraz-vrijeme.jpg\" \/>\n\t<meta property=\"og:image:width\" content=\"810\" \/>\n\t<meta property=\"og:image:height\" content=\"500\" \/>\n\t<meta property=\"og:image:type\" content=\"image\/jpeg\" \/>\n<meta name=\"author\" content=\"LIKEmetkovic.hr\" \/>\n<meta name=\"twitter:card\" content=\"summary_large_image\" \/>\n<meta name=\"twitter:label1\" content=\"Napisao\/la\" \/>\n\t<meta name=\"twitter:data1\" content=\"LIKEmetkovic.hr\" \/>\n\t<meta name=\"twitter:label2\" content=\"Procijenjeno vrijeme \u010ditanja\" \/>\n\t<meta name=\"twitter:data2\" content=\"4 minute\" \/>\n<script type=\"application\/ld+json\" class=\"yoast-schema-graph\">{\"@context\":\"https:\/\/schema.org\",\"@graph\":[{\"@type\":\"WebPage\",\"@id\":\"https:\/\/likemetkovic.hr\/meteorolozi-otkrili-da-slijedi-jos-jedan-zimski-val-i-bura-a-onda-je-zima-gotova\/\",\"url\":\"https:\/\/likemetkovic.hr\/meteorolozi-otkrili-da-slijedi-jos-jedan-zimski-val-i-bura-a-onda-je-zima-gotova\/\",\"name\":\"Meteorolozi otkrili da slijedi jo\u0161 jedan zimski val i bura, a onda je zima gotova! - likemetkovic.hr\",\"isPartOf\":{\"@id\":\"https:\/\/likemetkovic.hr\/#website\"},\"primaryImageOfPage\":{\"@id\":\"https:\/\/likemetkovic.hr\/meteorolozi-otkrili-da-slijedi-jos-jedan-zimski-val-i-bura-a-onda-je-zima-gotova\/#primaryimage\"},\"image\":{\"@id\":\"https:\/\/likemetkovic.hr\/meteorolozi-otkrili-da-slijedi-jos-jedan-zimski-val-i-bura-a-onda-je-zima-gotova\/#primaryimage\"},\"thumbnailUrl\":\"https:\/\/likemetkovic.hr\/portal\/wp-content\/uploads\/2018\/11\/mraz-vrijeme.jpg\",\"datePublished\":\"2020-02-15T14:09:07+00:00\",\"author\":{\"@id\":\"https:\/\/likemetkovic.hr\/#\/schema\/person\/adba0fd43631b5fc581c97e6ca793693\"},\"breadcrumb\":{\"@id\":\"https:\/\/likemetkovic.hr\/meteorolozi-otkrili-da-slijedi-jos-jedan-zimski-val-i-bura-a-onda-je-zima-gotova\/#breadcrumb\"},\"inLanguage\":\"hr\",\"potentialAction\":[{\"@type\":\"ReadAction\",\"target\":[\"https:\/\/likemetkovic.hr\/meteorolozi-otkrili-da-slijedi-jos-jedan-zimski-val-i-bura-a-onda-je-zima-gotova\/\"]}]},{\"@type\":\"ImageObject\",\"inLanguage\":\"hr\",\"@id\":\"https:\/\/likemetkovic.hr\/meteorolozi-otkrili-da-slijedi-jos-jedan-zimski-val-i-bura-a-onda-je-zima-gotova\/#primaryimage\",\"url\":\"https:\/\/likemetkovic.hr\/portal\/wp-content\/uploads\/2018\/11\/mraz-vrijeme.jpg\",\"contentUrl\":\"https:\/\/likemetkovic.hr\/portal\/wp-content\/uploads\/2018\/11\/mraz-vrijeme.jpg\",\"width\":810,\"height\":500},{\"@type\":\"BreadcrumbList\",\"@id\":\"https:\/\/likemetkovic.hr\/meteorolozi-otkrili-da-slijedi-jos-jedan-zimski-val-i-bura-a-onda-je-zima-gotova\/#breadcrumb\",\"itemListElement\":[{\"@type\":\"ListItem\",\"position\":1,\"name\":\"Po\u010detna stranica\",\"item\":\"https:\/\/likemetkovic.hr\/portal\/\"},{\"@type\":\"ListItem\",\"position\":2,\"name\":\"Meteorolozi otkrili da slijedi jo\u0161 jedan zimski val i bura, a onda je zima gotova!\"}]},{\"@type\":\"WebSite\",\"@id\":\"https:\/\/likemetkovic.hr\/#website\",\"url\":\"https:\/\/likemetkovic.hr\/\",\"name\":\"likemetkovic.hr\",\"description\":\"Misli pozitivno... \u010ditaj LIKE\",\"potentialAction\":[{\"@type\":\"SearchAction\",\"target\":{\"@type\":\"EntryPoint\",\"urlTemplate\":\"https:\/\/likemetkovic.hr\/?s={search_term_string}\"},\"query-input\":{\"@type\":\"PropertyValueSpecification\",\"valueRequired\":true,\"valueName\":\"search_term_string\"}}],\"inLanguage\":\"hr\"},{\"@type\":\"Person\",\"@id\":\"https:\/\/likemetkovic.hr\/#\/schema\/person\/adba0fd43631b5fc581c97e6ca793693\",\"name\":\"LIKEmetkovic.hr\",\"url\":\"https:\/\/likemetkovic.hr\/portal\/author\/marijana\/\"}]}<\/script>\n<!-- \/ Yoast SEO plugin. -->","yoast_head_json":{"title":"Meteorolozi otkrili da slijedi jo\u0161 jedan zimski val i bura, a onda je zima gotova! - likemetkovic.hr","robots":{"index":"index","follow":"follow","max-snippet":"max-snippet:-1","max-image-preview":"max-image-preview:large","max-video-preview":"max-video-preview:-1"},"canonical":"https:\/\/likemetkovic.hr\/meteorolozi-otkrili-da-slijedi-jos-jedan-zimski-val-i-bura-a-onda-je-zima-gotova\/","og_locale":"hr_HR","og_type":"article","og_title":"Meteorolozi otkrili da slijedi jo\u0161 jedan zimski val i bura, a onda je zima gotova! - likemetkovic.hr","og_description":"Ve\u0107inu Dalmatinaca neugodno je iznenadilo ovako toplo vrijeme u velja\u010di. Temperatura je u nekim dalmatinskim mjestima dostigla rekordne vrijednosti za ovaj dio godine. A evo \u0161to nam o ovom neobi\u010dno toplom vremenu i \u201czimi bez zime\u201d ka\u017eu u Dr\u017eavnom hidrometeorolo\u0161kom zavodu. Ivani Marinovi\u0107, mag. phys.-geophys., iz Slu\u017ebe za klimatologiju naveli smo da su proteklih dana [&hellip;]","og_url":"https:\/\/likemetkovic.hr\/meteorolozi-otkrili-da-slijedi-jos-jedan-zimski-val-i-bura-a-onda-je-zima-gotova\/","og_site_name":"likemetkovic.hr","article_publisher":"https:\/\/www.facebook.com\/likemetkovic.hr\/","article_published_time":"2020-02-15T14:09:07+00:00","og_image":[{"width":810,"height":500,"url":"https:\/\/likemetkovic.hr\/wp-content\/uploads\/2018\/11\/mraz-vrijeme.jpg","type":"image\/jpeg"}],"author":"LIKEmetkovic.hr","twitter_card":"summary_large_image","twitter_misc":{"Napisao\/la":"LIKEmetkovic.hr","Procijenjeno vrijeme \u010ditanja":"4 minute"},"schema":{"@context":"https:\/\/schema.org","@graph":[{"@type":"WebPage","@id":"https:\/\/likemetkovic.hr\/meteorolozi-otkrili-da-slijedi-jos-jedan-zimski-val-i-bura-a-onda-je-zima-gotova\/","url":"https:\/\/likemetkovic.hr\/meteorolozi-otkrili-da-slijedi-jos-jedan-zimski-val-i-bura-a-onda-je-zima-gotova\/","name":"Meteorolozi otkrili da slijedi jo\u0161 jedan zimski val i bura, a onda je zima gotova! - likemetkovic.hr","isPartOf":{"@id":"https:\/\/likemetkovic.hr\/#website"},"primaryImageOfPage":{"@id":"https:\/\/likemetkovic.hr\/meteorolozi-otkrili-da-slijedi-jos-jedan-zimski-val-i-bura-a-onda-je-zima-gotova\/#primaryimage"},"image":{"@id":"https:\/\/likemetkovic.hr\/meteorolozi-otkrili-da-slijedi-jos-jedan-zimski-val-i-bura-a-onda-je-zima-gotova\/#primaryimage"},"thumbnailUrl":"https:\/\/likemetkovic.hr\/portal\/wp-content\/uploads\/2018\/11\/mraz-vrijeme.jpg","datePublished":"2020-02-15T14:09:07+00:00","author":{"@id":"https:\/\/likemetkovic.hr\/#\/schema\/person\/adba0fd43631b5fc581c97e6ca793693"},"breadcrumb":{"@id":"https:\/\/likemetkovic.hr\/meteorolozi-otkrili-da-slijedi-jos-jedan-zimski-val-i-bura-a-onda-je-zima-gotova\/#breadcrumb"},"inLanguage":"hr","potentialAction":[{"@type":"ReadAction","target":["https:\/\/likemetkovic.hr\/meteorolozi-otkrili-da-slijedi-jos-jedan-zimski-val-i-bura-a-onda-je-zima-gotova\/"]}]},{"@type":"ImageObject","inLanguage":"hr","@id":"https:\/\/likemetkovic.hr\/meteorolozi-otkrili-da-slijedi-jos-jedan-zimski-val-i-bura-a-onda-je-zima-gotova\/#primaryimage","url":"https:\/\/likemetkovic.hr\/portal\/wp-content\/uploads\/2018\/11\/mraz-vrijeme.jpg","contentUrl":"https:\/\/likemetkovic.hr\/portal\/wp-content\/uploads\/2018\/11\/mraz-vrijeme.jpg","width":810,"height":500},{"@type":"BreadcrumbList","@id":"https:\/\/likemetkovic.hr\/meteorolozi-otkrili-da-slijedi-jos-jedan-zimski-val-i-bura-a-onda-je-zima-gotova\/#breadcrumb","itemListElement":[{"@type":"ListItem","position":1,"name":"Po\u010detna stranica","item":"https:\/\/likemetkovic.hr\/portal\/"},{"@type":"ListItem","position":2,"name":"Meteorolozi otkrili da slijedi jo\u0161 jedan zimski val i bura, a onda je zima gotova!"}]},{"@type":"WebSite","@id":"https:\/\/likemetkovic.hr\/#website","url":"https:\/\/likemetkovic.hr\/","name":"likemetkovic.hr","description":"Misli pozitivno... \u010ditaj LIKE","potentialAction":[{"@type":"SearchAction","target":{"@type":"EntryPoint","urlTemplate":"https:\/\/likemetkovic.hr\/?s={search_term_string}"},"query-input":{"@type":"PropertyValueSpecification","valueRequired":true,"valueName":"search_term_string"}}],"inLanguage":"hr"},{"@type":"Person","@id":"https:\/\/likemetkovic.hr\/#\/schema\/person\/adba0fd43631b5fc581c97e6ca793693","name":"LIKEmetkovic.hr","url":"https:\/\/likemetkovic.hr\/portal\/author\/marijana\/"}]}},"_links":{"self":[{"href":"https:\/\/likemetkovic.hr\/portal\/wp-json\/wp\/v2\/posts\/97470","targetHints":{"allow":["GET"]}}],"collection":[{"href":"https:\/\/likemetkovic.hr\/portal\/wp-json\/wp\/v2\/posts"}],"about":[{"href":"https:\/\/likemetkovic.hr\/portal\/wp-json\/wp\/v2\/types\/post"}],"author":[{"embeddable":true,"href":"https:\/\/likemetkovic.hr\/portal\/wp-json\/wp\/v2\/users\/8"}],"replies":[{"embeddable":true,"href":"https:\/\/likemetkovic.hr\/portal\/wp-json\/wp\/v2\/comments?post=97470"}],"version-history":[{"count":0,"href":"https:\/\/likemetkovic.hr\/portal\/wp-json\/wp\/v2\/posts\/97470\/revisions"}],"wp:featuredmedia":[{"embeddable":true,"href":"https:\/\/likemetkovic.hr\/portal\/wp-json\/wp\/v2\/media\/70894"}],"wp:attachment":[{"href":"https:\/\/likemetkovic.hr\/portal\/wp-json\/wp\/v2\/media?parent=97470"}],"wp:term":[{"taxonomy":"category","embeddable":true,"href":"https:\/\/likemetkovic.hr\/portal\/wp-json\/wp\/v2\/categories?post=97470"},{"taxonomy":"post_tag","embeddable":true,"href":"https:\/\/likemetkovic.hr\/portal\/wp-json\/wp\/v2\/tags?post=97470"}],"curies":[{"name":"wp","href":"https:\/\/api.w.org\/{rel}","templated":true}]}}