{"id":97624,"date":"2020-02-17T15:50:32","date_gmt":"2020-02-17T14:50:32","guid":{"rendered":"https:\/\/likemetkovic.hr\/?p=97624"},"modified":"2020-02-17T15:52:57","modified_gmt":"2020-02-17T14:52:57","slug":"dr-miljenko-ljubic-ocekujemo-skoru-kulminaciju-epidemije-gripe-na-nasem-podrucju","status":"publish","type":"post","link":"https:\/\/likemetkovic.hr\/portal\/dr-miljenko-ljubic-ocekujemo-skoru-kulminaciju-epidemije-gripe-na-nasem-podrucju\/","title":{"rendered":"Dr. Miljenko Ljubi\u0107: O\u010dekujemo skoru kulminaciju epidemije gripe na na\u0161em podru\u010dju"},"content":{"rendered":"<p>Voditelj Slu\u017ebe za mikrobiologiju Zavoda za javno zdravstvo Dubrova\u010dko- neretvanske \u017eupanije, epidemiolog<strong> dr Miljenko Ljubi\u0107<\/strong> isti\u010de kako su do sada laboratorijski potvr\u0111ena 83 slu\u010daja virusa gripe, od \u010dega su 52 slu\u010daja virusa &#8220;tipa A&#8221; i 31 slu\u010daj virusa &#8220;tipa B&#8221;:<\/p>\n<p>&#8211; Slu\u017ebi za epidemiologiju se sve vi\u0161e prijavljuje novih slu\u010dajeva, a pro\u0161li tjedan je stigla \u010dak 121 prijava novooboljelih od gripe. <strong>Do sada je ukupno oboljelo 230 pacijenata<\/strong>, a najvi\u0161e je prijava pristiglo iz Dubrovnika, \u010dak 150, \u0161to je 67 prijava vi\u0161e nego tjedan prije. <strong>Iz Metkovi\u0107a je pristiglo 39 prijava<\/strong> (\u0161to je 17 vi\u0161e), iz Kor\u010dule 22 (16 vi\u0161e nego tjedan prije) te iz Plo\u010da 19 (\u0161to je 13 vi\u0161e nego samo tjedan ranije). Mo\u017eemo re\u0107i kako je epidemija gripe na podru\u010dju na\u0161e \u017eupanije zapo\u010dela- ka\u017ee dr Ljubi\u0107 i dodaje:<\/p>\n<p>&#8211; Mogu\u0107e da je upravo<strong> pro\u0161log tjedna krenula prava epidemija gripe na krajnjem jugu Hrvatske<\/strong> jer smo pro\u0161log tjedna zaprimili najvi\u0161e prijava. Upozoravamo gra\u0111ane na nu\u017eni oprez kao i nu\u017enost da se svojim lije\u010dnicima \u010dim prije jave svi koji uo\u010de simptome bolesti, a u slu\u010daju komplikacija trebaju se svi svakako javiti svojim lije\u010dnicima obiteljske medicine. O\u010dekujuemo skoru kulminaciju epidemije gripe na na\u0161em podru\u010dju. Podsje\u0107am kako je lani zabilje\u017eeno ukupno 1634 slu\u010daja oboljeljenja, a najvi\u0161e oboljelih zabilje\u017eeno je u dobnoj skupini \u0161kolske djece uzrasta osnovnih \u0161kola odnosno izme\u0111u 7 i 14 godina. Zanimkljivo je i to kako je ove godine najmanje oboljelih u najstarijoj dobnoj skupini pacijenata, me\u0111u gra\u0111anima starijim od 65 godina! To samo govori kako su se najstariji sugra\u0111ani naj\u010de\u0161\u0107e cijepili, a dobvra vijest je i \u010dinjenica da ove godine nije bilo ne\u017eeljenih posljedica smrti me\u0111u pacijentima- dodaje na kraju poznati epidemiolog dr Miljenko Ljubi\u0107.<\/p>\n<p>Nekako &#8220;u sjeni&#8221; koronavirusa, ove se godine razvija epidemija gripe. Podsjetimo kako je lani, ali i ove godine po\u010detkom pojave epidemije najvi\u0161e prijavljenih oboljenja od gripe bilo me\u0111u stanovni\u0161tvom doline Neretve. No, ove godine prednja\u010di Dubrovnik. Stru\u010dnjaci isti\u010du kako je uvijek nezahvalno davati procjene o kretanju ovakvih bolesti, ali nagla\u0161avaju kako je javnost u dolini Neretve vjerojatno mnogo vi\u0161e senzibilizirana u odnosu na pro\u0161lu godinu, \u010demu je vjerojatno doprinjela i smrt dje\u010daka dje\u010daka u Metkovi\u0107u te su se gra\u0111ani vi\u0161e pazili i javljali lije\u010dniku \u010dim bi uo\u010dili sumnjive simptome.<\/p>\n<p>Pi\u0161e: Ahmet Kalajd\u017ei\u0107\/DV<\/p>\n","protected":false},"excerpt":{"rendered":"<p>Voditelj Slu\u017ebe za mikrobiologiju Zavoda za javno zdravstvo Dubrova\u010dko- neretvanske \u017eupanije, epidemiolog dr Miljenko Ljubi\u0107 isti\u010de kako su do sada laboratorijski potvr\u0111ena 83 slu\u010daja virusa gripe, od \u010dega su 52 slu\u010daja virusa &#8220;tipa A&#8221; i 31 slu\u010daj virusa &#8220;tipa B&#8221;: &#8211; Slu\u017ebi za epidemiologiju se sve vi\u0161e prijavljuje novih slu\u010dajeva, a pro\u0161li tjedan je stigla [&hellip;]<\/p>\n","protected":false},"author":7,"featured_media":73483,"comment_status":"open","ping_status":"open","sticky":false,"template":"","format":"standard","meta":{"footnotes":""},"categories":[283,300],"tags":[6964,726,1763],"class_list":{"0":"post-97624","1":"post","2":"type-post","3":"status-publish","4":"format-standard","5":"has-post-thumbnail","7":"category-a","8":"category-zupanija","9":"tag-dr-miljenko-ljubic","10":"tag-dubrovacko-neretvanska-zupanija","11":"tag-gripa"},"yoast_head":"<!-- This site is optimized with the Yoast SEO plugin v25.2 - https:\/\/yoast.com\/wordpress\/plugins\/seo\/ -->\n<title>Dr. Miljenko Ljubi\u0107: O\u010dekujemo skoru kulminaciju epidemije gripe na na\u0161em podru\u010dju - likemetkovic.hr<\/title>\n<meta name=\"robots\" content=\"index, follow, max-snippet:-1, max-image-preview:large, max-video-preview:-1\" \/>\n<link rel=\"canonical\" href=\"https:\/\/likemetkovic.hr\/dr-miljenko-ljubic-ocekujemo-skoru-kulminaciju-epidemije-gripe-na-nasem-podrucju\/\" \/>\n<meta property=\"og:locale\" content=\"hr_HR\" \/>\n<meta property=\"og:type\" content=\"article\" \/>\n<meta property=\"og:title\" content=\"Dr. Miljenko Ljubi\u0107: O\u010dekujemo skoru kulminaciju epidemije gripe na na\u0161em podru\u010dju - likemetkovic.hr\" \/>\n<meta property=\"og:description\" content=\"Voditelj Slu\u017ebe za mikrobiologiju Zavoda za javno zdravstvo Dubrova\u010dko- neretvanske \u017eupanije, epidemiolog dr Miljenko Ljubi\u0107 isti\u010de kako su do sada laboratorijski potvr\u0111ena 83 slu\u010daja virusa gripe, od \u010dega su 52 slu\u010daja virusa &#8220;tipa A&#8221; i 31 slu\u010daj virusa &#8220;tipa B&#8221;: &#8211; Slu\u017ebi za epidemiologiju se sve vi\u0161e prijavljuje novih slu\u010dajeva, a pro\u0161li tjedan je stigla [&hellip;]\" \/>\n<meta property=\"og:url\" content=\"https:\/\/likemetkovic.hr\/dr-miljenko-ljubic-ocekujemo-skoru-kulminaciju-epidemije-gripe-na-nasem-podrucju\/\" \/>\n<meta property=\"og:site_name\" content=\"likemetkovic.hr\" \/>\n<meta property=\"article:publisher\" content=\"https:\/\/www.facebook.com\/likemetkovic.hr\/\" \/>\n<meta property=\"article:published_time\" content=\"2020-02-17T14:50:32+00:00\" \/>\n<meta property=\"article:modified_time\" content=\"2020-02-17T14:52:57+00:00\" \/>\n<meta property=\"og:image\" content=\"https:\/\/likemetkovic.hr\/wp-content\/uploads\/2019\/01\/gripa.jpg\" \/>\n\t<meta property=\"og:image:width\" content=\"500\" \/>\n\t<meta property=\"og:image:height\" content=\"308\" \/>\n\t<meta property=\"og:image:type\" content=\"image\/jpeg\" \/>\n<meta name=\"author\" content=\"LIKEmetkovic.hr\" \/>\n<meta name=\"twitter:card\" content=\"summary_large_image\" \/>\n<meta name=\"twitter:label1\" content=\"Napisao\/la\" \/>\n\t<meta name=\"twitter:data1\" content=\"LIKEmetkovic.hr\" \/>\n\t<meta name=\"twitter:label2\" content=\"Procijenjeno vrijeme \u010ditanja\" \/>\n\t<meta name=\"twitter:data2\" content=\"2 minute\" \/>\n<script type=\"application\/ld+json\" class=\"yoast-schema-graph\">{\"@context\":\"https:\/\/schema.org\",\"@graph\":[{\"@type\":\"WebPage\",\"@id\":\"https:\/\/likemetkovic.hr\/dr-miljenko-ljubic-ocekujemo-skoru-kulminaciju-epidemije-gripe-na-nasem-podrucju\/\",\"url\":\"https:\/\/likemetkovic.hr\/dr-miljenko-ljubic-ocekujemo-skoru-kulminaciju-epidemije-gripe-na-nasem-podrucju\/\",\"name\":\"Dr. Miljenko Ljubi\u0107: O\u010dekujemo skoru kulminaciju epidemije gripe na na\u0161em podru\u010dju - likemetkovic.hr\",\"isPartOf\":{\"@id\":\"https:\/\/likemetkovic.hr\/#website\"},\"primaryImageOfPage\":{\"@id\":\"https:\/\/likemetkovic.hr\/dr-miljenko-ljubic-ocekujemo-skoru-kulminaciju-epidemije-gripe-na-nasem-podrucju\/#primaryimage\"},\"image\":{\"@id\":\"https:\/\/likemetkovic.hr\/dr-miljenko-ljubic-ocekujemo-skoru-kulminaciju-epidemije-gripe-na-nasem-podrucju\/#primaryimage\"},\"thumbnailUrl\":\"https:\/\/likemetkovic.hr\/portal\/wp-content\/uploads\/2019\/01\/gripa.jpg\",\"datePublished\":\"2020-02-17T14:50:32+00:00\",\"dateModified\":\"2020-02-17T14:52:57+00:00\",\"author\":{\"@id\":\"https:\/\/likemetkovic.hr\/#\/schema\/person\/a42711f3385a0e2be6f7e0443bfb28f0\"},\"breadcrumb\":{\"@id\":\"https:\/\/likemetkovic.hr\/dr-miljenko-ljubic-ocekujemo-skoru-kulminaciju-epidemije-gripe-na-nasem-podrucju\/#breadcrumb\"},\"inLanguage\":\"hr\",\"potentialAction\":[{\"@type\":\"ReadAction\",\"target\":[\"https:\/\/likemetkovic.hr\/dr-miljenko-ljubic-ocekujemo-skoru-kulminaciju-epidemije-gripe-na-nasem-podrucju\/\"]}]},{\"@type\":\"ImageObject\",\"inLanguage\":\"hr\",\"@id\":\"https:\/\/likemetkovic.hr\/dr-miljenko-ljubic-ocekujemo-skoru-kulminaciju-epidemije-gripe-na-nasem-podrucju\/#primaryimage\",\"url\":\"https:\/\/likemetkovic.hr\/portal\/wp-content\/uploads\/2019\/01\/gripa.jpg\",\"contentUrl\":\"https:\/\/likemetkovic.hr\/portal\/wp-content\/uploads\/2019\/01\/gripa.jpg\",\"width\":500,\"height\":308},{\"@type\":\"BreadcrumbList\",\"@id\":\"https:\/\/likemetkovic.hr\/dr-miljenko-ljubic-ocekujemo-skoru-kulminaciju-epidemije-gripe-na-nasem-podrucju\/#breadcrumb\",\"itemListElement\":[{\"@type\":\"ListItem\",\"position\":1,\"name\":\"Po\u010detna stranica\",\"item\":\"https:\/\/likemetkovic.hr\/portal\/\"},{\"@type\":\"ListItem\",\"position\":2,\"name\":\"Dr. Miljenko Ljubi\u0107: O\u010dekujemo skoru kulminaciju epidemije gripe na na\u0161em podru\u010dju\"}]},{\"@type\":\"WebSite\",\"@id\":\"https:\/\/likemetkovic.hr\/#website\",\"url\":\"https:\/\/likemetkovic.hr\/\",\"name\":\"likemetkovic.hr\",\"description\":\"Misli pozitivno... \u010ditaj LIKE\",\"potentialAction\":[{\"@type\":\"SearchAction\",\"target\":{\"@type\":\"EntryPoint\",\"urlTemplate\":\"https:\/\/likemetkovic.hr\/?s={search_term_string}\"},\"query-input\":{\"@type\":\"PropertyValueSpecification\",\"valueRequired\":true,\"valueName\":\"search_term_string\"}}],\"inLanguage\":\"hr\"},{\"@type\":\"Person\",\"@id\":\"https:\/\/likemetkovic.hr\/#\/schema\/person\/a42711f3385a0e2be6f7e0443bfb28f0\",\"name\":\"LIKEmetkovic.hr\",\"sameAs\":[\"http:\/\/likemetkovic.hr\"],\"url\":\"https:\/\/likemetkovic.hr\/portal\/author\/likemetkovic-hr\/\"}]}<\/script>\n<!-- \/ Yoast SEO plugin. -->","yoast_head_json":{"title":"Dr. Miljenko Ljubi\u0107: O\u010dekujemo skoru kulminaciju epidemije gripe na na\u0161em podru\u010dju - likemetkovic.hr","robots":{"index":"index","follow":"follow","max-snippet":"max-snippet:-1","max-image-preview":"max-image-preview:large","max-video-preview":"max-video-preview:-1"},"canonical":"https:\/\/likemetkovic.hr\/dr-miljenko-ljubic-ocekujemo-skoru-kulminaciju-epidemije-gripe-na-nasem-podrucju\/","og_locale":"hr_HR","og_type":"article","og_title":"Dr. Miljenko Ljubi\u0107: O\u010dekujemo skoru kulminaciju epidemije gripe na na\u0161em podru\u010dju - likemetkovic.hr","og_description":"Voditelj Slu\u017ebe za mikrobiologiju Zavoda za javno zdravstvo Dubrova\u010dko- neretvanske \u017eupanije, epidemiolog dr Miljenko Ljubi\u0107 isti\u010de kako su do sada laboratorijski potvr\u0111ena 83 slu\u010daja virusa gripe, od \u010dega su 52 slu\u010daja virusa &#8220;tipa A&#8221; i 31 slu\u010daj virusa &#8220;tipa B&#8221;: &#8211; Slu\u017ebi za epidemiologiju se sve vi\u0161e prijavljuje novih slu\u010dajeva, a pro\u0161li tjedan je stigla [&hellip;]","og_url":"https:\/\/likemetkovic.hr\/dr-miljenko-ljubic-ocekujemo-skoru-kulminaciju-epidemije-gripe-na-nasem-podrucju\/","og_site_name":"likemetkovic.hr","article_publisher":"https:\/\/www.facebook.com\/likemetkovic.hr\/","article_published_time":"2020-02-17T14:50:32+00:00","article_modified_time":"2020-02-17T14:52:57+00:00","og_image":[{"width":500,"height":308,"url":"https:\/\/likemetkovic.hr\/wp-content\/uploads\/2019\/01\/gripa.jpg","type":"image\/jpeg"}],"author":"LIKEmetkovic.hr","twitter_card":"summary_large_image","twitter_misc":{"Napisao\/la":"LIKEmetkovic.hr","Procijenjeno vrijeme \u010ditanja":"2 minute"},"schema":{"@context":"https:\/\/schema.org","@graph":[{"@type":"WebPage","@id":"https:\/\/likemetkovic.hr\/dr-miljenko-ljubic-ocekujemo-skoru-kulminaciju-epidemije-gripe-na-nasem-podrucju\/","url":"https:\/\/likemetkovic.hr\/dr-miljenko-ljubic-ocekujemo-skoru-kulminaciju-epidemije-gripe-na-nasem-podrucju\/","name":"Dr. Miljenko Ljubi\u0107: O\u010dekujemo skoru kulminaciju epidemije gripe na na\u0161em podru\u010dju - likemetkovic.hr","isPartOf":{"@id":"https:\/\/likemetkovic.hr\/#website"},"primaryImageOfPage":{"@id":"https:\/\/likemetkovic.hr\/dr-miljenko-ljubic-ocekujemo-skoru-kulminaciju-epidemije-gripe-na-nasem-podrucju\/#primaryimage"},"image":{"@id":"https:\/\/likemetkovic.hr\/dr-miljenko-ljubic-ocekujemo-skoru-kulminaciju-epidemije-gripe-na-nasem-podrucju\/#primaryimage"},"thumbnailUrl":"https:\/\/likemetkovic.hr\/portal\/wp-content\/uploads\/2019\/01\/gripa.jpg","datePublished":"2020-02-17T14:50:32+00:00","dateModified":"2020-02-17T14:52:57+00:00","author":{"@id":"https:\/\/likemetkovic.hr\/#\/schema\/person\/a42711f3385a0e2be6f7e0443bfb28f0"},"breadcrumb":{"@id":"https:\/\/likemetkovic.hr\/dr-miljenko-ljubic-ocekujemo-skoru-kulminaciju-epidemije-gripe-na-nasem-podrucju\/#breadcrumb"},"inLanguage":"hr","potentialAction":[{"@type":"ReadAction","target":["https:\/\/likemetkovic.hr\/dr-miljenko-ljubic-ocekujemo-skoru-kulminaciju-epidemije-gripe-na-nasem-podrucju\/"]}]},{"@type":"ImageObject","inLanguage":"hr","@id":"https:\/\/likemetkovic.hr\/dr-miljenko-ljubic-ocekujemo-skoru-kulminaciju-epidemije-gripe-na-nasem-podrucju\/#primaryimage","url":"https:\/\/likemetkovic.hr\/portal\/wp-content\/uploads\/2019\/01\/gripa.jpg","contentUrl":"https:\/\/likemetkovic.hr\/portal\/wp-content\/uploads\/2019\/01\/gripa.jpg","width":500,"height":308},{"@type":"BreadcrumbList","@id":"https:\/\/likemetkovic.hr\/dr-miljenko-ljubic-ocekujemo-skoru-kulminaciju-epidemije-gripe-na-nasem-podrucju\/#breadcrumb","itemListElement":[{"@type":"ListItem","position":1,"name":"Po\u010detna stranica","item":"https:\/\/likemetkovic.hr\/portal\/"},{"@type":"ListItem","position":2,"name":"Dr. Miljenko Ljubi\u0107: O\u010dekujemo skoru kulminaciju epidemije gripe na na\u0161em podru\u010dju"}]},{"@type":"WebSite","@id":"https:\/\/likemetkovic.hr\/#website","url":"https:\/\/likemetkovic.hr\/","name":"likemetkovic.hr","description":"Misli pozitivno... \u010ditaj LIKE","potentialAction":[{"@type":"SearchAction","target":{"@type":"EntryPoint","urlTemplate":"https:\/\/likemetkovic.hr\/?s={search_term_string}"},"query-input":{"@type":"PropertyValueSpecification","valueRequired":true,"valueName":"search_term_string"}}],"inLanguage":"hr"},{"@type":"Person","@id":"https:\/\/likemetkovic.hr\/#\/schema\/person\/a42711f3385a0e2be6f7e0443bfb28f0","name":"LIKEmetkovic.hr","sameAs":["http:\/\/likemetkovic.hr"],"url":"https:\/\/likemetkovic.hr\/portal\/author\/likemetkovic-hr\/"}]}},"_links":{"self":[{"href":"https:\/\/likemetkovic.hr\/portal\/wp-json\/wp\/v2\/posts\/97624","targetHints":{"allow":["GET"]}}],"collection":[{"href":"https:\/\/likemetkovic.hr\/portal\/wp-json\/wp\/v2\/posts"}],"about":[{"href":"https:\/\/likemetkovic.hr\/portal\/wp-json\/wp\/v2\/types\/post"}],"author":[{"embeddable":true,"href":"https:\/\/likemetkovic.hr\/portal\/wp-json\/wp\/v2\/users\/7"}],"replies":[{"embeddable":true,"href":"https:\/\/likemetkovic.hr\/portal\/wp-json\/wp\/v2\/comments?post=97624"}],"version-history":[{"count":0,"href":"https:\/\/likemetkovic.hr\/portal\/wp-json\/wp\/v2\/posts\/97624\/revisions"}],"wp:featuredmedia":[{"embeddable":true,"href":"https:\/\/likemetkovic.hr\/portal\/wp-json\/wp\/v2\/media\/73483"}],"wp:attachment":[{"href":"https:\/\/likemetkovic.hr\/portal\/wp-json\/wp\/v2\/media?parent=97624"}],"wp:term":[{"taxonomy":"category","embeddable":true,"href":"https:\/\/likemetkovic.hr\/portal\/wp-json\/wp\/v2\/categories?post=97624"},{"taxonomy":"post_tag","embeddable":true,"href":"https:\/\/likemetkovic.hr\/portal\/wp-json\/wp\/v2\/tags?post=97624"}],"curies":[{"name":"wp","href":"https:\/\/api.w.org\/{rel}","templated":true}]}}