{"id":98193,"date":"2020-02-26T16:28:18","date_gmt":"2020-02-26T15:28:18","guid":{"rendered":"https:\/\/likemetkovic.hr\/?p=98193"},"modified":"2020-02-26T16:28:18","modified_gmt":"2020-02-26T15:28:18","slug":"zupanijski-stozer-civilne-zastite-razmatra-nekoliko-lokacija-za-karantenu","status":"publish","type":"post","link":"https:\/\/likemetkovic.hr\/portal\/zupanijski-stozer-civilne-zastite-razmatra-nekoliko-lokacija-za-karantenu\/","title":{"rendered":"\u017dupanijski sto\u017eer Civilne za\u0161tite razmatra nekoliko lokacija za karantenu"},"content":{"rendered":"<p>Na\u010delnik Sto\u017eera Civilne za\u0161tite Dubrova\u010dko-neretvanske \u017eupanije, zamjenik \u017eupana <strong>Jo\u0161ko Cebalo<\/strong> sudjelovao je u srijedu na sastanku s na\u010delnicima ostalih \u017eupanijskih Sto\u017eera u Ravnateljstvu civilne za\u0161tite u Zagrebu, a na temu sprje\u010davanja mogu\u0107eg \u0161irenja COVID-19 odnosno<strong> koronavirusa<\/strong>.<\/p>\n<p>Na sastanku su na\u010delnici Sto\u017eera<strong> upoznati s mjerama prevencije i opreza<\/strong> koji se provode sukladno Strategiji sprje\u010davanja mogu\u0107eg \u0161irenja COVID-19.<\/p>\n<p>Zamjenik na\u010delnika Sto\u017eera civilne za\u0161tite Dubrova\u010dko-neretvanske \u017eupanije je<strong> Maro Ha\u0111ija<\/strong>. Razmatra se <strong>nekoliko lokacija za uspostavljanje eventualne karantene<\/strong>, a ista \u0107e biti odre\u0111ena po potrebi, odnosno pojavi koronavirusa u Dubrova\u010dko-neretvanskoj \u017eupaniji.<\/p>\n<p><a href=\"https:\/\/www.hzjz.hr\/sluzba-epidemiologija-zarazne-bolesti\/pitanja-i-odgovori-o-novom-koronavirusu-2019-ncov\/\">Hrvatskim dr\u017eavljanima preporu\u010duje se pridr\u017eavanje preporuka Hrvatskog zavoda za javno zdravstvo.<\/a><\/p>\n<p>Svi gra\u0111ani koji imaju simptome prehlade, a nisu bili u talijanskim pokrajinama Lombardiji i Venetu unazad 14 dana ne trebaju se javljati lije\u010dnicima-epidemiolozima, ve\u0107 mogu kontaktirati svog lije\u010dnika obiteljske medicine.<\/p>\n<p><strong>Osobe koje su unazad 14 dana boravile u spomenutim talijanskim regijama<\/strong>, a ne ka\u0161lju, nemaju povi\u0161enu temperaturu ili druge znakove prehlade, trebaju se javiti nadle\u017enom lije\u010dniku-epidemiologu \u010diji broj mogu dobiti preko \u017eupanijskih centara 112.<\/p>\n<p>Osobe koje ka\u0161lju i imaju povi\u0161enu temperaturu i druge znakove prehlade, a boravile su unutar 14 dana u gore spomenutim talijanskim regijama, imaju <strong>obvezu javiti se nadle\u017enom lije\u010dniku-epidemiologu radi daljnjih uputa<\/strong>.<\/p>\n<p>Zbog pove\u0107anog interesa javnosti i medija, Ministarstvo zdravstva i Hrvatski zavod za javno zdravstvo svakoga dana u 15 sati na svojim mre\u017enim stranicama objavljuju najnovija saznanja o novom koronavirusu.<\/p>\n<p>Upite vezane uz pra\u0107enje stanja novog koronavirusa na podru\u010dju Republike Hrvatske mo\u017eete slati na e-mail adresu: stozercz@mup.hr<\/p>\n<p><strong>Sto\u017eer civilne za\u0161tite Republike Hrvatske \u0107e kontinuirano pratiti daljnji razvoj situacije<\/strong> te u skladu s tim poduzimati odgovaraju\u0107e mjere, s naglaskom na analize potreba i utvr\u0111ivanje aktivnosti u narednom razdoblju.<\/p>\n","protected":false},"excerpt":{"rendered":"<p>Na\u010delnik Sto\u017eera Civilne za\u0161tite Dubrova\u010dko-neretvanske \u017eupanije, zamjenik \u017eupana Jo\u0161ko Cebalo sudjelovao je u srijedu na sastanku s na\u010delnicima ostalih \u017eupanijskih Sto\u017eera u Ravnateljstvu civilne za\u0161tite u Zagrebu, a na temu sprje\u010davanja mogu\u0107eg \u0161irenja COVID-19 odnosno koronavirusa. Na sastanku su na\u010delnici Sto\u017eera upoznati s mjerama prevencije i opreza koji se provode sukladno Strategiji sprje\u010davanja mogu\u0107eg \u0161irenja [&hellip;]<\/p>\n","protected":false},"author":7,"featured_media":98076,"comment_status":"open","ping_status":"open","sticky":false,"template":"","format":"standard","meta":{"footnotes":""},"categories":[296,300],"tags":[6820,7032],"class_list":{"0":"post-98193","1":"post","2":"type-post","3":"status-publish","4":"format-standard","5":"has-post-thumbnail","7":"category-ab","8":"category-zupanija","9":"tag-koronavirus","10":"tag-stoze-civilne-zastite-dnz"},"yoast_head":"<!-- This site is optimized with the Yoast SEO plugin v25.2 - https:\/\/yoast.com\/wordpress\/plugins\/seo\/ -->\n<title>\u017dupanijski sto\u017eer Civilne za\u0161tite razmatra nekoliko lokacija za karantenu - likemetkovic.hr<\/title>\n<meta name=\"robots\" content=\"index, follow, max-snippet:-1, max-image-preview:large, max-video-preview:-1\" \/>\n<link rel=\"canonical\" href=\"https:\/\/likemetkovic.hr\/zupanijski-stozer-civilne-zastite-razmatra-nekoliko-lokacija-za-karantenu\/\" \/>\n<meta property=\"og:locale\" content=\"hr_HR\" \/>\n<meta property=\"og:type\" content=\"article\" \/>\n<meta property=\"og:title\" content=\"\u017dupanijski sto\u017eer Civilne za\u0161tite razmatra nekoliko lokacija za karantenu - likemetkovic.hr\" \/>\n<meta property=\"og:description\" content=\"Na\u010delnik Sto\u017eera Civilne za\u0161tite Dubrova\u010dko-neretvanske \u017eupanije, zamjenik \u017eupana Jo\u0161ko Cebalo sudjelovao je u srijedu na sastanku s na\u010delnicima ostalih \u017eupanijskih Sto\u017eera u Ravnateljstvu civilne za\u0161tite u Zagrebu, a na temu sprje\u010davanja mogu\u0107eg \u0161irenja COVID-19 odnosno koronavirusa. Na sastanku su na\u010delnici Sto\u017eera upoznati s mjerama prevencije i opreza koji se provode sukladno Strategiji sprje\u010davanja mogu\u0107eg \u0161irenja [&hellip;]\" \/>\n<meta property=\"og:url\" content=\"https:\/\/likemetkovic.hr\/zupanijski-stozer-civilne-zastite-razmatra-nekoliko-lokacija-za-karantenu\/\" \/>\n<meta property=\"og:site_name\" content=\"likemetkovic.hr\" \/>\n<meta property=\"article:publisher\" content=\"https:\/\/www.facebook.com\/likemetkovic.hr\/\" \/>\n<meta property=\"article:published_time\" content=\"2020-02-26T15:28:18+00:00\" \/>\n<meta property=\"og:image\" content=\"https:\/\/likemetkovic.hr\/wp-content\/uploads\/2020\/02\/koronavirus-nadzor.jpeg\" \/>\n\t<meta property=\"og:image:width\" content=\"800\" \/>\n\t<meta property=\"og:image:height\" content=\"600\" \/>\n\t<meta property=\"og:image:type\" content=\"image\/jpeg\" \/>\n<meta name=\"author\" content=\"LIKEmetkovic.hr\" \/>\n<meta name=\"twitter:card\" content=\"summary_large_image\" \/>\n<meta name=\"twitter:label1\" content=\"Napisao\/la\" \/>\n\t<meta name=\"twitter:data1\" content=\"LIKEmetkovic.hr\" \/>\n\t<meta name=\"twitter:label2\" content=\"Procijenjeno vrijeme \u010ditanja\" \/>\n\t<meta name=\"twitter:data2\" content=\"2 minute\" \/>\n<script type=\"application\/ld+json\" class=\"yoast-schema-graph\">{\"@context\":\"https:\/\/schema.org\",\"@graph\":[{\"@type\":\"WebPage\",\"@id\":\"https:\/\/likemetkovic.hr\/zupanijski-stozer-civilne-zastite-razmatra-nekoliko-lokacija-za-karantenu\/\",\"url\":\"https:\/\/likemetkovic.hr\/zupanijski-stozer-civilne-zastite-razmatra-nekoliko-lokacija-za-karantenu\/\",\"name\":\"\u017dupanijski sto\u017eer Civilne za\u0161tite razmatra nekoliko lokacija za karantenu - likemetkovic.hr\",\"isPartOf\":{\"@id\":\"https:\/\/likemetkovic.hr\/#website\"},\"primaryImageOfPage\":{\"@id\":\"https:\/\/likemetkovic.hr\/zupanijski-stozer-civilne-zastite-razmatra-nekoliko-lokacija-za-karantenu\/#primaryimage\"},\"image\":{\"@id\":\"https:\/\/likemetkovic.hr\/zupanijski-stozer-civilne-zastite-razmatra-nekoliko-lokacija-za-karantenu\/#primaryimage\"},\"thumbnailUrl\":\"https:\/\/likemetkovic.hr\/portal\/wp-content\/uploads\/2020\/02\/koronavirus-nadzor.jpeg\",\"datePublished\":\"2020-02-26T15:28:18+00:00\",\"author\":{\"@id\":\"https:\/\/likemetkovic.hr\/#\/schema\/person\/a42711f3385a0e2be6f7e0443bfb28f0\"},\"breadcrumb\":{\"@id\":\"https:\/\/likemetkovic.hr\/zupanijski-stozer-civilne-zastite-razmatra-nekoliko-lokacija-za-karantenu\/#breadcrumb\"},\"inLanguage\":\"hr\",\"potentialAction\":[{\"@type\":\"ReadAction\",\"target\":[\"https:\/\/likemetkovic.hr\/zupanijski-stozer-civilne-zastite-razmatra-nekoliko-lokacija-za-karantenu\/\"]}]},{\"@type\":\"ImageObject\",\"inLanguage\":\"hr\",\"@id\":\"https:\/\/likemetkovic.hr\/zupanijski-stozer-civilne-zastite-razmatra-nekoliko-lokacija-za-karantenu\/#primaryimage\",\"url\":\"https:\/\/likemetkovic.hr\/portal\/wp-content\/uploads\/2020\/02\/koronavirus-nadzor.jpeg\",\"contentUrl\":\"https:\/\/likemetkovic.hr\/portal\/wp-content\/uploads\/2020\/02\/koronavirus-nadzor.jpeg\",\"width\":800,\"height\":600},{\"@type\":\"BreadcrumbList\",\"@id\":\"https:\/\/likemetkovic.hr\/zupanijski-stozer-civilne-zastite-razmatra-nekoliko-lokacija-za-karantenu\/#breadcrumb\",\"itemListElement\":[{\"@type\":\"ListItem\",\"position\":1,\"name\":\"Po\u010detna stranica\",\"item\":\"https:\/\/likemetkovic.hr\/portal\/\"},{\"@type\":\"ListItem\",\"position\":2,\"name\":\"\u017dupanijski sto\u017eer Civilne za\u0161tite razmatra nekoliko lokacija za karantenu\"}]},{\"@type\":\"WebSite\",\"@id\":\"https:\/\/likemetkovic.hr\/#website\",\"url\":\"https:\/\/likemetkovic.hr\/\",\"name\":\"likemetkovic.hr\",\"description\":\"Misli pozitivno... \u010ditaj LIKE\",\"potentialAction\":[{\"@type\":\"SearchAction\",\"target\":{\"@type\":\"EntryPoint\",\"urlTemplate\":\"https:\/\/likemetkovic.hr\/?s={search_term_string}\"},\"query-input\":{\"@type\":\"PropertyValueSpecification\",\"valueRequired\":true,\"valueName\":\"search_term_string\"}}],\"inLanguage\":\"hr\"},{\"@type\":\"Person\",\"@id\":\"https:\/\/likemetkovic.hr\/#\/schema\/person\/a42711f3385a0e2be6f7e0443bfb28f0\",\"name\":\"LIKEmetkovic.hr\",\"sameAs\":[\"http:\/\/likemetkovic.hr\"],\"url\":\"https:\/\/likemetkovic.hr\/portal\/author\/likemetkovic-hr\/\"}]}<\/script>\n<!-- \/ Yoast SEO plugin. -->","yoast_head_json":{"title":"\u017dupanijski sto\u017eer Civilne za\u0161tite razmatra nekoliko lokacija za karantenu - likemetkovic.hr","robots":{"index":"index","follow":"follow","max-snippet":"max-snippet:-1","max-image-preview":"max-image-preview:large","max-video-preview":"max-video-preview:-1"},"canonical":"https:\/\/likemetkovic.hr\/zupanijski-stozer-civilne-zastite-razmatra-nekoliko-lokacija-za-karantenu\/","og_locale":"hr_HR","og_type":"article","og_title":"\u017dupanijski sto\u017eer Civilne za\u0161tite razmatra nekoliko lokacija za karantenu - likemetkovic.hr","og_description":"Na\u010delnik Sto\u017eera Civilne za\u0161tite Dubrova\u010dko-neretvanske \u017eupanije, zamjenik \u017eupana Jo\u0161ko Cebalo sudjelovao je u srijedu na sastanku s na\u010delnicima ostalih \u017eupanijskih Sto\u017eera u Ravnateljstvu civilne za\u0161tite u Zagrebu, a na temu sprje\u010davanja mogu\u0107eg \u0161irenja COVID-19 odnosno koronavirusa. Na sastanku su na\u010delnici Sto\u017eera upoznati s mjerama prevencije i opreza koji se provode sukladno Strategiji sprje\u010davanja mogu\u0107eg \u0161irenja [&hellip;]","og_url":"https:\/\/likemetkovic.hr\/zupanijski-stozer-civilne-zastite-razmatra-nekoliko-lokacija-za-karantenu\/","og_site_name":"likemetkovic.hr","article_publisher":"https:\/\/www.facebook.com\/likemetkovic.hr\/","article_published_time":"2020-02-26T15:28:18+00:00","og_image":[{"width":800,"height":600,"url":"https:\/\/likemetkovic.hr\/wp-content\/uploads\/2020\/02\/koronavirus-nadzor.jpeg","type":"image\/jpeg"}],"author":"LIKEmetkovic.hr","twitter_card":"summary_large_image","twitter_misc":{"Napisao\/la":"LIKEmetkovic.hr","Procijenjeno vrijeme \u010ditanja":"2 minute"},"schema":{"@context":"https:\/\/schema.org","@graph":[{"@type":"WebPage","@id":"https:\/\/likemetkovic.hr\/zupanijski-stozer-civilne-zastite-razmatra-nekoliko-lokacija-za-karantenu\/","url":"https:\/\/likemetkovic.hr\/zupanijski-stozer-civilne-zastite-razmatra-nekoliko-lokacija-za-karantenu\/","name":"\u017dupanijski sto\u017eer Civilne za\u0161tite razmatra nekoliko lokacija za karantenu - likemetkovic.hr","isPartOf":{"@id":"https:\/\/likemetkovic.hr\/#website"},"primaryImageOfPage":{"@id":"https:\/\/likemetkovic.hr\/zupanijski-stozer-civilne-zastite-razmatra-nekoliko-lokacija-za-karantenu\/#primaryimage"},"image":{"@id":"https:\/\/likemetkovic.hr\/zupanijski-stozer-civilne-zastite-razmatra-nekoliko-lokacija-za-karantenu\/#primaryimage"},"thumbnailUrl":"https:\/\/likemetkovic.hr\/portal\/wp-content\/uploads\/2020\/02\/koronavirus-nadzor.jpeg","datePublished":"2020-02-26T15:28:18+00:00","author":{"@id":"https:\/\/likemetkovic.hr\/#\/schema\/person\/a42711f3385a0e2be6f7e0443bfb28f0"},"breadcrumb":{"@id":"https:\/\/likemetkovic.hr\/zupanijski-stozer-civilne-zastite-razmatra-nekoliko-lokacija-za-karantenu\/#breadcrumb"},"inLanguage":"hr","potentialAction":[{"@type":"ReadAction","target":["https:\/\/likemetkovic.hr\/zupanijski-stozer-civilne-zastite-razmatra-nekoliko-lokacija-za-karantenu\/"]}]},{"@type":"ImageObject","inLanguage":"hr","@id":"https:\/\/likemetkovic.hr\/zupanijski-stozer-civilne-zastite-razmatra-nekoliko-lokacija-za-karantenu\/#primaryimage","url":"https:\/\/likemetkovic.hr\/portal\/wp-content\/uploads\/2020\/02\/koronavirus-nadzor.jpeg","contentUrl":"https:\/\/likemetkovic.hr\/portal\/wp-content\/uploads\/2020\/02\/koronavirus-nadzor.jpeg","width":800,"height":600},{"@type":"BreadcrumbList","@id":"https:\/\/likemetkovic.hr\/zupanijski-stozer-civilne-zastite-razmatra-nekoliko-lokacija-za-karantenu\/#breadcrumb","itemListElement":[{"@type":"ListItem","position":1,"name":"Po\u010detna stranica","item":"https:\/\/likemetkovic.hr\/portal\/"},{"@type":"ListItem","position":2,"name":"\u017dupanijski sto\u017eer Civilne za\u0161tite razmatra nekoliko lokacija za karantenu"}]},{"@type":"WebSite","@id":"https:\/\/likemetkovic.hr\/#website","url":"https:\/\/likemetkovic.hr\/","name":"likemetkovic.hr","description":"Misli pozitivno... \u010ditaj LIKE","potentialAction":[{"@type":"SearchAction","target":{"@type":"EntryPoint","urlTemplate":"https:\/\/likemetkovic.hr\/?s={search_term_string}"},"query-input":{"@type":"PropertyValueSpecification","valueRequired":true,"valueName":"search_term_string"}}],"inLanguage":"hr"},{"@type":"Person","@id":"https:\/\/likemetkovic.hr\/#\/schema\/person\/a42711f3385a0e2be6f7e0443bfb28f0","name":"LIKEmetkovic.hr","sameAs":["http:\/\/likemetkovic.hr"],"url":"https:\/\/likemetkovic.hr\/portal\/author\/likemetkovic-hr\/"}]}},"_links":{"self":[{"href":"https:\/\/likemetkovic.hr\/portal\/wp-json\/wp\/v2\/posts\/98193","targetHints":{"allow":["GET"]}}],"collection":[{"href":"https:\/\/likemetkovic.hr\/portal\/wp-json\/wp\/v2\/posts"}],"about":[{"href":"https:\/\/likemetkovic.hr\/portal\/wp-json\/wp\/v2\/types\/post"}],"author":[{"embeddable":true,"href":"https:\/\/likemetkovic.hr\/portal\/wp-json\/wp\/v2\/users\/7"}],"replies":[{"embeddable":true,"href":"https:\/\/likemetkovic.hr\/portal\/wp-json\/wp\/v2\/comments?post=98193"}],"version-history":[{"count":0,"href":"https:\/\/likemetkovic.hr\/portal\/wp-json\/wp\/v2\/posts\/98193\/revisions"}],"wp:featuredmedia":[{"embeddable":true,"href":"https:\/\/likemetkovic.hr\/portal\/wp-json\/wp\/v2\/media\/98076"}],"wp:attachment":[{"href":"https:\/\/likemetkovic.hr\/portal\/wp-json\/wp\/v2\/media?parent=98193"}],"wp:term":[{"taxonomy":"category","embeddable":true,"href":"https:\/\/likemetkovic.hr\/portal\/wp-json\/wp\/v2\/categories?post=98193"},{"taxonomy":"post_tag","embeddable":true,"href":"https:\/\/likemetkovic.hr\/portal\/wp-json\/wp\/v2\/tags?post=98193"}],"curies":[{"name":"wp","href":"https:\/\/api.w.org\/{rel}","templated":true}]}}