{"id":98440,"date":"2020-03-04T09:51:49","date_gmt":"2020-03-04T08:51:49","guid":{"rendered":"https:\/\/likemetkovic.hr\/?p=98440"},"modified":"2020-03-04T13:17:55","modified_gmt":"2020-03-04T12:17:55","slug":"jucer-je-iznenadnom-smrcu-preminuo-fra-petar-vrljicak-nekadasnji-kapelan-u-metkovicu","status":"publish","type":"post","link":"https:\/\/likemetkovic.hr\/portal\/jucer-je-iznenadnom-smrcu-preminuo-fra-petar-vrljicak-nekadasnji-kapelan-u-metkovicu\/","title":{"rendered":"Ju\u010der je iznenadnom smr\u0107u preminuo fra Petar Vrlji\u010dak, nekada\u0161nji kapelan u Metkovi\u0107u"},"content":{"rendered":"<p style=\"text-align: left;\">Ju\u010der je u Ba\u0161koj Vodi iznenadnom smr\u0107u preminuo <strong>fra Petar<\/strong>\u00a0<strong>Vrlji\u010dak<\/strong> u 60. godini \u017eivota, 41. redovni\u0161tva i 33. sve\u0107eni\u0161tva, \u017eupnik \u017eupe Uznesenja BDM u Ba\u0161koj Vodi. Fra Petar je svoju sve\u0107eni\u010dku slu\u017ebu po\u010deo u \u017eupi sv. Ilije proroka u Metkovi\u0107u (1987.-1991.) kao \u017eupni vikar u vrijeme \u017eupnika pok. fra Mirka Buljca.<\/p>\n<p>Ro\u0111en je 1960. u Krivodilu, nakon osnovne \u0161kole srednjo\u0161kolsko obrazovanje je nastavio u Franjeva\u010dkoj klasi\u010dnoj gimnaziji u Sinju, a studij filozofije i teologije u Makarskoj i Zagrebu. Nakon slu\u017ebe u Metkovi\u0107u, obna\u0161ao je du\u017enost odgojitelja u Sinju, a potom je bio \u017eupnik Vrlici, Runovi\u0107u, Vrgorcu i Ba\u0161koj Vodi.<\/p>\n<p>U petak 6. o\u017eujka 2020. u 11 sati u \u017eupnoj crkvi u Ba\u0161koj Vodi slavit \u0107e se sv. misa za pok. fra Petra, a nakon mise bit \u0107e ispra\u0107aj u Imotski.<\/p>\n<p>Misa zadu\u0161nica slavit \u0107e se u crkvi sv. Frane u Imotskom\u00a0<strong>u subotu 7. o\u017eujka 2020. u 15 sati.<\/strong>\u00a0Nakon mise bit \u0107e sprovodni obredi na groblju Gospe od An\u0111ela u Imotskom.<\/p>\n","protected":false},"excerpt":{"rendered":"<p>Ju\u010der je u Ba\u0161koj Vodi iznenadnom smr\u0107u preminuo fra Petar\u00a0Vrlji\u010dak u 60. godini \u017eivota, 41. redovni\u0161tva i 33. sve\u0107eni\u0161tva, \u017eupnik \u017eupe Uznesenja BDM u Ba\u0161koj Vodi. Fra Petar je svoju sve\u0107eni\u010dku slu\u017ebu po\u010deo u \u017eupi sv. Ilije proroka u Metkovi\u0107u (1987.-1991.) kao \u017eupni vikar u vrijeme \u017eupnika pok. fra Mirka Buljca. Ro\u0111en je 1960. u [&hellip;]<\/p>\n","protected":false},"author":9,"featured_media":98457,"comment_status":"open","ping_status":"open","sticky":false,"template":"","format":"standard","meta":{"footnotes":""},"categories":[296,27],"tags":[7062],"class_list":{"0":"post-98440","1":"post","2":"type-post","3":"status-publish","4":"format-standard","5":"has-post-thumbnail","7":"category-ab","8":"category-vjera-i-zivot","9":"tag-fra-petar-vrljicak"},"yoast_head":"<!-- This site is optimized with the Yoast SEO plugin v25.2 - https:\/\/yoast.com\/wordpress\/plugins\/seo\/ -->\n<title>Ju\u010der je iznenadnom smr\u0107u preminuo fra Petar Vrlji\u010dak, nekada\u0161nji kapelan u Metkovi\u0107u - likemetkovic.hr<\/title>\n<meta name=\"robots\" content=\"index, follow, max-snippet:-1, max-image-preview:large, max-video-preview:-1\" \/>\n<link rel=\"canonical\" href=\"https:\/\/likemetkovic.hr\/jucer-je-iznenadnom-smrcu-preminuo-fra-petar-vrljicak-nekadasnji-kapelan-u-metkovicu\/\" \/>\n<meta property=\"og:locale\" content=\"hr_HR\" \/>\n<meta property=\"og:type\" content=\"article\" \/>\n<meta property=\"og:title\" content=\"Ju\u010der je iznenadnom smr\u0107u preminuo fra Petar Vrlji\u010dak, nekada\u0161nji kapelan u Metkovi\u0107u - likemetkovic.hr\" \/>\n<meta property=\"og:description\" content=\"Ju\u010der je u Ba\u0161koj Vodi iznenadnom smr\u0107u preminuo fra Petar\u00a0Vrlji\u010dak u 60. godini \u017eivota, 41. redovni\u0161tva i 33. sve\u0107eni\u0161tva, \u017eupnik \u017eupe Uznesenja BDM u Ba\u0161koj Vodi. Fra Petar je svoju sve\u0107eni\u010dku slu\u017ebu po\u010deo u \u017eupi sv. Ilije proroka u Metkovi\u0107u (1987.-1991.) kao \u017eupni vikar u vrijeme \u017eupnika pok. fra Mirka Buljca. Ro\u0111en je 1960. u [&hellip;]\" \/>\n<meta property=\"og:url\" content=\"https:\/\/likemetkovic.hr\/jucer-je-iznenadnom-smrcu-preminuo-fra-petar-vrljicak-nekadasnji-kapelan-u-metkovicu\/\" \/>\n<meta property=\"og:site_name\" content=\"likemetkovic.hr\" \/>\n<meta property=\"article:publisher\" content=\"https:\/\/www.facebook.com\/likemetkovic.hr\/\" \/>\n<meta property=\"article:published_time\" content=\"2020-03-04T08:51:49+00:00\" \/>\n<meta property=\"article:modified_time\" content=\"2020-03-04T12:17:55+00:00\" \/>\n<meta property=\"og:image\" content=\"https:\/\/likemetkovic.hr\/wp-content\/uploads\/2020\/03\/fra-petar-vrljicak.jpg\" \/>\n\t<meta property=\"og:image:width\" content=\"800\" \/>\n\t<meta property=\"og:image:height\" content=\"533\" \/>\n\t<meta property=\"og:image:type\" content=\"image\/jpeg\" \/>\n<meta name=\"author\" content=\"K. J.\" \/>\n<meta name=\"twitter:card\" content=\"summary_large_image\" \/>\n<meta name=\"twitter:label1\" content=\"Napisao\/la\" \/>\n\t<meta name=\"twitter:data1\" content=\"K. J.\" \/>\n\t<meta name=\"twitter:label2\" content=\"Procijenjeno vrijeme \u010ditanja\" \/>\n\t<meta name=\"twitter:data2\" content=\"1 minuta\" \/>\n<script type=\"application\/ld+json\" class=\"yoast-schema-graph\">{\"@context\":\"https:\/\/schema.org\",\"@graph\":[{\"@type\":\"WebPage\",\"@id\":\"https:\/\/likemetkovic.hr\/jucer-je-iznenadnom-smrcu-preminuo-fra-petar-vrljicak-nekadasnji-kapelan-u-metkovicu\/\",\"url\":\"https:\/\/likemetkovic.hr\/jucer-je-iznenadnom-smrcu-preminuo-fra-petar-vrljicak-nekadasnji-kapelan-u-metkovicu\/\",\"name\":\"Ju\u010der je iznenadnom smr\u0107u preminuo fra Petar Vrlji\u010dak, nekada\u0161nji kapelan u Metkovi\u0107u - likemetkovic.hr\",\"isPartOf\":{\"@id\":\"https:\/\/likemetkovic.hr\/#website\"},\"primaryImageOfPage\":{\"@id\":\"https:\/\/likemetkovic.hr\/jucer-je-iznenadnom-smrcu-preminuo-fra-petar-vrljicak-nekadasnji-kapelan-u-metkovicu\/#primaryimage\"},\"image\":{\"@id\":\"https:\/\/likemetkovic.hr\/jucer-je-iznenadnom-smrcu-preminuo-fra-petar-vrljicak-nekadasnji-kapelan-u-metkovicu\/#primaryimage\"},\"thumbnailUrl\":\"https:\/\/likemetkovic.hr\/portal\/wp-content\/uploads\/2020\/03\/fra-petar-vrljicak.jpg\",\"datePublished\":\"2020-03-04T08:51:49+00:00\",\"dateModified\":\"2020-03-04T12:17:55+00:00\",\"author\":{\"@id\":\"https:\/\/likemetkovic.hr\/#\/schema\/person\/0a8b4ebfdfe1ff01192dccda40c5da0c\"},\"breadcrumb\":{\"@id\":\"https:\/\/likemetkovic.hr\/jucer-je-iznenadnom-smrcu-preminuo-fra-petar-vrljicak-nekadasnji-kapelan-u-metkovicu\/#breadcrumb\"},\"inLanguage\":\"hr\",\"potentialAction\":[{\"@type\":\"ReadAction\",\"target\":[\"https:\/\/likemetkovic.hr\/jucer-je-iznenadnom-smrcu-preminuo-fra-petar-vrljicak-nekadasnji-kapelan-u-metkovicu\/\"]}]},{\"@type\":\"ImageObject\",\"inLanguage\":\"hr\",\"@id\":\"https:\/\/likemetkovic.hr\/jucer-je-iznenadnom-smrcu-preminuo-fra-petar-vrljicak-nekadasnji-kapelan-u-metkovicu\/#primaryimage\",\"url\":\"https:\/\/likemetkovic.hr\/portal\/wp-content\/uploads\/2020\/03\/fra-petar-vrljicak.jpg\",\"contentUrl\":\"https:\/\/likemetkovic.hr\/portal\/wp-content\/uploads\/2020\/03\/fra-petar-vrljicak.jpg\",\"width\":800,\"height\":533},{\"@type\":\"BreadcrumbList\",\"@id\":\"https:\/\/likemetkovic.hr\/jucer-je-iznenadnom-smrcu-preminuo-fra-petar-vrljicak-nekadasnji-kapelan-u-metkovicu\/#breadcrumb\",\"itemListElement\":[{\"@type\":\"ListItem\",\"position\":1,\"name\":\"Po\u010detna stranica\",\"item\":\"https:\/\/likemetkovic.hr\/portal\/\"},{\"@type\":\"ListItem\",\"position\":2,\"name\":\"Ju\u010der je iznenadnom smr\u0107u preminuo fra Petar Vrlji\u010dak, nekada\u0161nji kapelan u Metkovi\u0107u\"}]},{\"@type\":\"WebSite\",\"@id\":\"https:\/\/likemetkovic.hr\/#website\",\"url\":\"https:\/\/likemetkovic.hr\/\",\"name\":\"likemetkovic.hr\",\"description\":\"Misli pozitivno... \u010ditaj LIKE\",\"potentialAction\":[{\"@type\":\"SearchAction\",\"target\":{\"@type\":\"EntryPoint\",\"urlTemplate\":\"https:\/\/likemetkovic.hr\/?s={search_term_string}\"},\"query-input\":{\"@type\":\"PropertyValueSpecification\",\"valueRequired\":true,\"valueName\":\"search_term_string\"}}],\"inLanguage\":\"hr\"},{\"@type\":\"Person\",\"@id\":\"https:\/\/likemetkovic.hr\/#\/schema\/person\/0a8b4ebfdfe1ff01192dccda40c5da0c\",\"name\":\"K. J.\",\"url\":\"https:\/\/likemetkovic.hr\/portal\/author\/likemetkovic\/\"}]}<\/script>\n<!-- \/ Yoast SEO plugin. -->","yoast_head_json":{"title":"Ju\u010der je iznenadnom smr\u0107u preminuo fra Petar Vrlji\u010dak, nekada\u0161nji kapelan u Metkovi\u0107u - likemetkovic.hr","robots":{"index":"index","follow":"follow","max-snippet":"max-snippet:-1","max-image-preview":"max-image-preview:large","max-video-preview":"max-video-preview:-1"},"canonical":"https:\/\/likemetkovic.hr\/jucer-je-iznenadnom-smrcu-preminuo-fra-petar-vrljicak-nekadasnji-kapelan-u-metkovicu\/","og_locale":"hr_HR","og_type":"article","og_title":"Ju\u010der je iznenadnom smr\u0107u preminuo fra Petar Vrlji\u010dak, nekada\u0161nji kapelan u Metkovi\u0107u - likemetkovic.hr","og_description":"Ju\u010der je u Ba\u0161koj Vodi iznenadnom smr\u0107u preminuo fra Petar\u00a0Vrlji\u010dak u 60. godini \u017eivota, 41. redovni\u0161tva i 33. sve\u0107eni\u0161tva, \u017eupnik \u017eupe Uznesenja BDM u Ba\u0161koj Vodi. Fra Petar je svoju sve\u0107eni\u010dku slu\u017ebu po\u010deo u \u017eupi sv. Ilije proroka u Metkovi\u0107u (1987.-1991.) kao \u017eupni vikar u vrijeme \u017eupnika pok. fra Mirka Buljca. Ro\u0111en je 1960. u [&hellip;]","og_url":"https:\/\/likemetkovic.hr\/jucer-je-iznenadnom-smrcu-preminuo-fra-petar-vrljicak-nekadasnji-kapelan-u-metkovicu\/","og_site_name":"likemetkovic.hr","article_publisher":"https:\/\/www.facebook.com\/likemetkovic.hr\/","article_published_time":"2020-03-04T08:51:49+00:00","article_modified_time":"2020-03-04T12:17:55+00:00","og_image":[{"width":800,"height":533,"url":"https:\/\/likemetkovic.hr\/wp-content\/uploads\/2020\/03\/fra-petar-vrljicak.jpg","type":"image\/jpeg"}],"author":"K. J.","twitter_card":"summary_large_image","twitter_misc":{"Napisao\/la":"K. J.","Procijenjeno vrijeme \u010ditanja":"1 minuta"},"schema":{"@context":"https:\/\/schema.org","@graph":[{"@type":"WebPage","@id":"https:\/\/likemetkovic.hr\/jucer-je-iznenadnom-smrcu-preminuo-fra-petar-vrljicak-nekadasnji-kapelan-u-metkovicu\/","url":"https:\/\/likemetkovic.hr\/jucer-je-iznenadnom-smrcu-preminuo-fra-petar-vrljicak-nekadasnji-kapelan-u-metkovicu\/","name":"Ju\u010der je iznenadnom smr\u0107u preminuo fra Petar Vrlji\u010dak, nekada\u0161nji kapelan u Metkovi\u0107u - likemetkovic.hr","isPartOf":{"@id":"https:\/\/likemetkovic.hr\/#website"},"primaryImageOfPage":{"@id":"https:\/\/likemetkovic.hr\/jucer-je-iznenadnom-smrcu-preminuo-fra-petar-vrljicak-nekadasnji-kapelan-u-metkovicu\/#primaryimage"},"image":{"@id":"https:\/\/likemetkovic.hr\/jucer-je-iznenadnom-smrcu-preminuo-fra-petar-vrljicak-nekadasnji-kapelan-u-metkovicu\/#primaryimage"},"thumbnailUrl":"https:\/\/likemetkovic.hr\/portal\/wp-content\/uploads\/2020\/03\/fra-petar-vrljicak.jpg","datePublished":"2020-03-04T08:51:49+00:00","dateModified":"2020-03-04T12:17:55+00:00","author":{"@id":"https:\/\/likemetkovic.hr\/#\/schema\/person\/0a8b4ebfdfe1ff01192dccda40c5da0c"},"breadcrumb":{"@id":"https:\/\/likemetkovic.hr\/jucer-je-iznenadnom-smrcu-preminuo-fra-petar-vrljicak-nekadasnji-kapelan-u-metkovicu\/#breadcrumb"},"inLanguage":"hr","potentialAction":[{"@type":"ReadAction","target":["https:\/\/likemetkovic.hr\/jucer-je-iznenadnom-smrcu-preminuo-fra-petar-vrljicak-nekadasnji-kapelan-u-metkovicu\/"]}]},{"@type":"ImageObject","inLanguage":"hr","@id":"https:\/\/likemetkovic.hr\/jucer-je-iznenadnom-smrcu-preminuo-fra-petar-vrljicak-nekadasnji-kapelan-u-metkovicu\/#primaryimage","url":"https:\/\/likemetkovic.hr\/portal\/wp-content\/uploads\/2020\/03\/fra-petar-vrljicak.jpg","contentUrl":"https:\/\/likemetkovic.hr\/portal\/wp-content\/uploads\/2020\/03\/fra-petar-vrljicak.jpg","width":800,"height":533},{"@type":"BreadcrumbList","@id":"https:\/\/likemetkovic.hr\/jucer-je-iznenadnom-smrcu-preminuo-fra-petar-vrljicak-nekadasnji-kapelan-u-metkovicu\/#breadcrumb","itemListElement":[{"@type":"ListItem","position":1,"name":"Po\u010detna stranica","item":"https:\/\/likemetkovic.hr\/portal\/"},{"@type":"ListItem","position":2,"name":"Ju\u010der je iznenadnom smr\u0107u preminuo fra Petar Vrlji\u010dak, nekada\u0161nji kapelan u Metkovi\u0107u"}]},{"@type":"WebSite","@id":"https:\/\/likemetkovic.hr\/#website","url":"https:\/\/likemetkovic.hr\/","name":"likemetkovic.hr","description":"Misli pozitivno... \u010ditaj LIKE","potentialAction":[{"@type":"SearchAction","target":{"@type":"EntryPoint","urlTemplate":"https:\/\/likemetkovic.hr\/?s={search_term_string}"},"query-input":{"@type":"PropertyValueSpecification","valueRequired":true,"valueName":"search_term_string"}}],"inLanguage":"hr"},{"@type":"Person","@id":"https:\/\/likemetkovic.hr\/#\/schema\/person\/0a8b4ebfdfe1ff01192dccda40c5da0c","name":"K. J.","url":"https:\/\/likemetkovic.hr\/portal\/author\/likemetkovic\/"}]}},"_links":{"self":[{"href":"https:\/\/likemetkovic.hr\/portal\/wp-json\/wp\/v2\/posts\/98440","targetHints":{"allow":["GET"]}}],"collection":[{"href":"https:\/\/likemetkovic.hr\/portal\/wp-json\/wp\/v2\/posts"}],"about":[{"href":"https:\/\/likemetkovic.hr\/portal\/wp-json\/wp\/v2\/types\/post"}],"author":[{"embeddable":true,"href":"https:\/\/likemetkovic.hr\/portal\/wp-json\/wp\/v2\/users\/9"}],"replies":[{"embeddable":true,"href":"https:\/\/likemetkovic.hr\/portal\/wp-json\/wp\/v2\/comments?post=98440"}],"version-history":[{"count":0,"href":"https:\/\/likemetkovic.hr\/portal\/wp-json\/wp\/v2\/posts\/98440\/revisions"}],"wp:featuredmedia":[{"embeddable":true,"href":"https:\/\/likemetkovic.hr\/portal\/wp-json\/wp\/v2\/media\/98457"}],"wp:attachment":[{"href":"https:\/\/likemetkovic.hr\/portal\/wp-json\/wp\/v2\/media?parent=98440"}],"wp:term":[{"taxonomy":"category","embeddable":true,"href":"https:\/\/likemetkovic.hr\/portal\/wp-json\/wp\/v2\/categories?post=98440"},{"taxonomy":"post_tag","embeddable":true,"href":"https:\/\/likemetkovic.hr\/portal\/wp-json\/wp\/v2\/tags?post=98440"}],"curies":[{"name":"wp","href":"https:\/\/api.w.org\/{rel}","templated":true}]}}