{"id":98503,"date":"2020-03-05T08:57:21","date_gmt":"2020-03-05T07:57:21","guid":{"rendered":"https:\/\/likemetkovic.hr\/?p=98503"},"modified":"2020-03-05T09:05:47","modified_gmt":"2020-03-05T08:05:47","slug":"kako-se-zoves-domagoj-vidovic-je-istrazio-najcesca-imena-novorodenih-u-2019-u-nasoj-zupaniji","status":"publish","type":"post","link":"https:\/\/likemetkovic.hr\/portal\/kako-se-zoves-domagoj-vidovic-je-istrazio-najcesca-imena-novorodenih-u-2019-u-nasoj-zupaniji\/","title":{"rendered":"KAKO SE ZOVE\u0160? Domagoj Vidovi\u0107 je istra\u017eio naj\u010de\u0161\u0107a imena novoro\u0111enih u 2019. u na\u0161oj \u017dupaniji"},"content":{"rendered":"<p><strong>Popis naj\u010de\u0161\u0107ih osobnih imena novoro\u0111enih 2019.<\/strong> u Dubrova\u010dko-neretvanskoj \u017eupaniji potvr\u0111uje pretpostavku kako su u posljednja dva desetlje\u0107a promjene u njihovu inventaru sve br\u017ee.<\/p>\n<h4>Vremeplov<\/h4>\n<p>Sve se do kasnoga srednjovjekovlja u osobnim imenima zrcalila isprva <strong>jezi\u010dna i etni\u010dka pripadnost<\/strong> (otud stara hrvatska imena Cvijeta, Dobra, Dragobrat, Milohna, Radogost, ali i Hrvatin i Hrvoje s jedne te romanska imena Engleza, Orsat, Lampridije, Roman i sl. s druge strane), zatim pripadnost odre\u0111enoj vjerskoj zajednici (isprva su kr\u0161\u0107anska imena nosili Romani, ali su ih postupno svojemu jeziku prilago\u0111ivali i po\u010deli nadijevati i sami Hrvati, npr. Sr\u0111, Vlaho te D\u017eivo, \u0110urica, Kate, Mare, Maroje, Nikoleta i sl.), a u posljednjemu stolje\u0107u i nagla\u0161ivanje ili maskiranje narodnosne pripadnosti (otud izrazito \u010desto nadijevanje osobnih <strong>imena hrvatskih narodnih vla<\/strong>dara 70-ih i 90-ih godina, ali i narodnih imena koja nisu sna\u017eno obilje\u017eena kao \u0161to su Damir, Dragan, Jadranka, Mirjana, Nada, Sanja, Snje\u017eana, Vesna, Zoran i \u017deljko).<\/p>\n<p>Od 1970-ih godina sve se \u010de\u0161\u0107e nadijevaju<strong> strana imena<\/strong> (npr. Andrea, Anita, Mario, Nikolina, Sandra), od kojih su neka srodna tradicionalnima (usp. Matea i Mateo s Matija i Mate\/Mato, Antonio s Ante, Marijana s Marija i Ana). 80-ih se i 90-ih godina u modu se vra\u0107aju i neka <strong>kr\u0161\u0107anska imena<\/strong> kao \u0161to su Ivana, Kristina i Josip, a nakon 2000. i Martina.<\/p>\n<p>Od 2000. u nadijevanju se osobnih imena <strong>sve vi\u0161e te\u017ei za individalizacijom<\/strong> te se fond osobnih imena znatno pro\u0161irio. Posebno je to o\u010dito u \u017eena.<\/p>\n<h4>\u017denska imena \u2013 neka raste tisu\u0107u cvjetova<\/h4>\n<p>Unutar deset su naj\u010de\u0161\u0107ih imena stanovnica Dubrova\u010dko-neretvanske \u017eupanije ro\u0111enih<strong> do 1930.<\/strong> Marija (1.), Mara (2.) i Mare (4.), Ane (3.) i Ane (7.) te Kate (5.) i Kata (6.), dakle tri temeljna imena s ukupno sedam ina\u010dica. Godine 2019. samo je jedan par takvih imena bio me\u0111u prvih deset: Mara i Marija (na diobi 9. mjesta).<\/p>\n<p>Treba napomenuti kako se na dubrova\u010dkome podru\u010dju (ali i po otocima) osobno ime Mara (s kratkim a) izvodilo od Margarita, a Mare je bila izvedenica od Marija. Tijekom 30-ih je i 40-ih godina bilo vrlo ra\u0161ireno osobno ime Anka, ina\u010dica osobnoga imena Ana. Izvedeno ime Katica ra\u0161irilo se 40-ih godina, a temeljno ime Katarina (od kojega potje\u010du pokra\u0107ena imena Kata i Kate) po\u010delo se \u010de\u0161\u0107e nadijevati nakon 1970. Od 60-ih godina sve su \u010de\u0161\u0107e ina\u010dice osobnoga imena Ivana, isprva Ivanka, zatim Ivana (koje je bilo naj\u010d\u0161\u0107e \u017eensko ime od 1970. do 1999.), a u najnovije vrijeme Iva.<\/p>\n<p><strong>Me\u0111u deset su naj\u010de\u0161\u0107ih \u017eenskih imena 2019. Mia, Marta, Maris i Ema<\/strong>, \u017eenska imena koja ni u jednome me\u0111upopisnome razdoblju nakon 1930. nisu bila me\u0111u prvih deset, a i \u017eenska imena Laura, Lea, Lana, Elena, Karla, Klara i Luce sve do 2000. nisu bila osobito \u010desta.<\/p>\n<p>Mogli bismo re\u0107i da stanovnice Dubrova\u010dko-neretvanske \u017eupanije<strong> sve \u010de\u0161\u0107e nose kratka i\/ili strana<\/strong> (Mia, Lea, Ema, Elena, Karla, Lana, Maris, Nika), a da \u017eensko ime Luce brani \u010dast starih pokra\u0107enih tvorba na -e na dubrova\u010dkome podru\u010dju i otocima (uz Mare, Ane i Kate jo\u0161 je i osobno ime Jele do 1929. bilo me\u0111u prvih 10).<\/p>\n<p>Kako bismo predo\u010dili razmjere promjena u odnosu na ranija razdoblja, vratimo se u XIV. stolje\u0107u kad su naj\u010de\u0161\u0107a \u017eenska imena me\u0111u dubrova\u010dkim vlastelinkama bila Margarita (usp. Mara), Ana, Nikoleta, Frana, Jele, Marija, Desislava, Dobroslava, Kata, Radoslava i Stane. Danas je stanje znatno druk\u010dije jer su se \u017eenska imena znatno pribli\u017eila hrvatskomu prosjeku.<\/p>\n<p>Posebnost je na\u0161e \u017eupanije u 2019. u odnosu na stanje u cjelokupnoj Hrvatskoj <strong>ve\u0107a \u010disto\u0107a \u017eenskih imena Maris, Mara i Marija<\/strong>, ali i \u010dinjenica da \u017eenska imena Sara i Rita nisu me\u0111u deset naj\u010de\u0161\u0107ih.<\/p>\n<h4>Mu\u0161ka imena \u2013 srce \u0107a\u0107ino i djedovo<\/h4>\n<p>Kad je rije\u010d o mu\u0161kim imenima, napomenimo da su me\u0111u prvih deset mu\u0161kih imena me\u0111u ro\u0111enima do 1929. tako\u0111er bile \u010deste ina\u010dice istoga osobnog imena: Ivan (1.) i Ivo (2.), Antun (3.) i Ante (6.), Petar (4.) i Pero (9.) te Nikola (5.) i Niko (8.). Takvih parova vi\u0161e me\u0111u deset najbrojnijih mu\u0161kih imena nema, a me\u0111u 20 je samo jedan \u2013 Niko (4.) i Nikola (15.).<\/p>\n<p>Treba napomenuti i kako su od 50-ih do 80-ih godina bila izrazito omiljena izvedena imena <strong>Ivica i Nik\u0161a<\/strong>, ina\u010dice kr\u0161\u0107anskih imena Ivan i Nikola. Mu\u0161ka su imena ne\u0161to tradicionalnija. Tako su u XIV. stolje\u0107u naj\u010de\u0161\u0107a mu\u0161ka imena dubrova\u010dkih vlastelina bila Marin, Nikola, Ivan, Matej\/Matija, Petar, Mihael\/Mihajlo, Junije\/D\u017eono, Vlaho, Andrija i Bartul. Od njih je samo osobno ime D\u017eono ve\u0107 stotinjak godina gotovo nepoznato, ali se odrazilo u istozvu\u010dnome prezimenu u isto\u010dnoj Hercegovini.<\/p>\n<p><strong>Me\u0111u 10 naj\u010de\u0161\u0107ih imena u 2019.<\/strong> samo se tri u me\u0111upopisnim razdobljima nakon 1930. nisu pojavljivala me\u0111u deset naj\u010de\u0161\u0107ih: <strong>Matej, Jakov i Karlo. <\/strong>Ipak, i ta se mu\u0161ka imena (osim donekle Karla) mogu smatrati tradicionalnim (Matej i Mateo novije su ina\u010dice starijega imena Mate\/Mato) kao i osobna imena<strong> Lovro, Toma i Mihael<\/strong> (starije su temeljne ina\u010dice Mihovil i Mihajlo), razmjerno \u010desta u mati\u010dnim knjigama ve\u0107 nekoliko stolje\u0107a, a danas me\u0111u 20 naj\u010de\u0161\u0107ih.<\/p>\n<p>Novim se mu\u0161kim imenima mogu smatrati strana imena<strong> Noa, Leon i Matija<\/strong> s tim da je Matija do 1929. bilo deseto \u017eensko ime po \u010desto\u0107i i nije se nadijevalo mu\u0161karcima. Iz podataka je razvidno kako se postupno gube podru\u010dne razlike.<\/p>\n<p>Tako je lik <strong>Mato<\/strong> bio temeljni na kopnu isto\u010dno od Neretve, na istoku Pelje\u0161ca i Elafitima, a <strong>Mate<\/strong> zapadno od Neretve te na zapadu Pelje\u0161ca i Kor\u010duli. Danas ih u velikoj mjeri zamjenjuju imena Matej, Mateo i Matija. Lik je Mihajlo bio \u010dest na istoku Pelje\u0161ca i me\u0111u Hrvatima u isto\u010dnoj Hercegovini, a u srednjovjekovlju i u samome Gradu.<\/p>\n<p>Uz njega je bio ra\u0161iren i lik Mihovil te pokra\u0107ena imena<strong> Miho<\/strong> (dubrova\u010dko podru\u010dje i isto\u010dna Hercegovina) te <strong>Mijo<\/strong> (zapadnoneretvansko). Tih osobnih imena vi\u0161e nema me\u0111u \u010de\u0161\u0107ima, a ni imena mjesnih svetaca kao \u0161to su Todor (Kor\u010dula), Damjan (Lastovo) ili Sr\u0111 (Dubrovnik).<\/p>\n<p>Na otocima i u Neretvanskoj krajini ne\u0161to su \u010de\u0161\u0107a imena<strong> Roko i Ante<\/strong> nego u dubrova\u010dkome dijelu s tim da je osobno ime Ante neko\u0107 bilo \u010de\u0161\u0107e u franjeva\u010dkim \u017eupama. I mu\u0161ka su se imena znatno pribli\u017eila hrvatskomu prosjeku.<\/p>\n<p>U odnosu na hrvatski prosjek <strong>u na\u0161oj su \u017eupaniji znatnije zastupljena mu\u0161ka imena Niko, Marin i Marko<\/strong>, a osobna imena David i Borna te Mateo, za razliku od ostatka Hrvatske, nisu me\u0111u deset naj\u010de\u0161\u0107ih.<\/p>\n<p>Osobno je ime Mateo, dodu\u0161e, prvo ispod crte (11.), a treba istaknuti da je osobno ime <strong>David<\/strong> u srednjemu vijeku bilo izrazitije potvr\u0111eno samo u Dubrovniku i Kotoru (kao i ime Juda koje tako\u0111er vi\u0161e nije omiljeno). Mode se o\u010dito mijenjaju kao i podru\u010dja koja ih zahva\u0107aju.<\/p>\n<h4>Sve manje je jug Hrvatske prepoznatljiv po osobnim imenima<\/h4>\n<p>Ukratko, osobna se imena u posljednjih dvadesetak godina sve vi\u0161e individualiziraju i sve br\u017ee mijenjaju. Pomalo je neobi\u010dno ipak to da individualizacija i brze promjene osobnoimenski fond na\u0161e \u017eupanije sve vi\u0161e uprosje\u010duju, pa smo od \u017eupanije koja je donedavna poprili\u010dno odstupala od hrvatskoga prosjeka, <strong>u posljednjih dvadesetak godina postali znatno manje prepoznatljivi. <\/strong><\/p>\n<p>Na to su sigurno utjecale i demografske promjene, tj. znatno iseljavanje iz pasivnih krajeva, a useljavanja u gradove, posebno Dubrovnik, \u010dije je osobnoimenski fond do po\u010detka XX. stolje\u0107a bio izrazito prepoznatljiv. Promjene bi u osobnoimenskome fondu bile i znatno vidljivije da se danas ne ra\u0111a gotovo triput manje djece nego uo\u010di Drugoga svjetskog rata.<\/p>\n","protected":false},"excerpt":{"rendered":"<p>Popis naj\u010de\u0161\u0107ih osobnih imena novoro\u0111enih 2019. u Dubrova\u010dko-neretvanskoj \u017eupaniji potvr\u0111uje pretpostavku kako su u posljednja dva desetlje\u0107a promjene u njihovu inventaru sve br\u017ee. Vremeplov Sve se do kasnoga srednjovjekovlja u osobnim imenima zrcalila isprva jezi\u010dna i etni\u010dka pripadnost (otud stara hrvatska imena Cvijeta, Dobra, Dragobrat, Milohna, Radogost, ali i Hrvatin i Hrvoje s jedne te [&hellip;]<\/p>\n","protected":false},"author":7,"featured_media":98504,"comment_status":"open","ping_status":"open","sticky":false,"template":"","format":"standard","meta":{"footnotes":""},"categories":[283,5,300],"tags":[479,726,7066],"class_list":{"0":"post-98503","1":"post","2":"type-post","3":"status-publish","4":"format-standard","5":"has-post-thumbnail","7":"category-a","8":"category-kolumne","9":"category-zupanija","10":"tag-domagoj-vidovic","11":"tag-dubrovacko-neretvanska-zupanija","12":"tag-osobno-ime"},"yoast_head":"<!-- This site is optimized with the Yoast SEO plugin v25.2 - https:\/\/yoast.com\/wordpress\/plugins\/seo\/ -->\n<title>KAKO SE ZOVE\u0160? Domagoj Vidovi\u0107 je istra\u017eio naj\u010de\u0161\u0107a imena novoro\u0111enih u 2019. u na\u0161oj \u017dupaniji - likemetkovic.hr<\/title>\n<meta name=\"robots\" content=\"index, follow, max-snippet:-1, max-image-preview:large, max-video-preview:-1\" \/>\n<link rel=\"canonical\" href=\"https:\/\/likemetkovic.hr\/kako-se-zoves-domagoj-vidovic-je-istrazio-najcesca-imena-novorodenih-u-2019-u-nasoj-zupaniji\/\" \/>\n<meta property=\"og:locale\" content=\"hr_HR\" \/>\n<meta property=\"og:type\" content=\"article\" \/>\n<meta property=\"og:title\" content=\"KAKO SE ZOVE\u0160? Domagoj Vidovi\u0107 je istra\u017eio naj\u010de\u0161\u0107a imena novoro\u0111enih u 2019. u na\u0161oj \u017dupaniji - likemetkovic.hr\" \/>\n<meta property=\"og:description\" content=\"Popis naj\u010de\u0161\u0107ih osobnih imena novoro\u0111enih 2019. u Dubrova\u010dko-neretvanskoj \u017eupaniji potvr\u0111uje pretpostavku kako su u posljednja dva desetlje\u0107a promjene u njihovu inventaru sve br\u017ee. Vremeplov Sve se do kasnoga srednjovjekovlja u osobnim imenima zrcalila isprva jezi\u010dna i etni\u010dka pripadnost (otud stara hrvatska imena Cvijeta, Dobra, Dragobrat, Milohna, Radogost, ali i Hrvatin i Hrvoje s jedne te [&hellip;]\" \/>\n<meta property=\"og:url\" content=\"https:\/\/likemetkovic.hr\/kako-se-zoves-domagoj-vidovic-je-istrazio-najcesca-imena-novorodenih-u-2019-u-nasoj-zupaniji\/\" \/>\n<meta property=\"og:site_name\" content=\"likemetkovic.hr\" \/>\n<meta property=\"article:publisher\" content=\"https:\/\/www.facebook.com\/likemetkovic.hr\/\" \/>\n<meta property=\"article:published_time\" content=\"2020-03-05T07:57:21+00:00\" \/>\n<meta property=\"article:modified_time\" content=\"2020-03-05T08:05:47+00:00\" \/>\n<meta property=\"og:image\" content=\"https:\/\/likemetkovic.hr\/wp-content\/uploads\/2020\/03\/bebe_edited.jpg\" \/>\n\t<meta property=\"og:image:width\" content=\"800\" \/>\n\t<meta property=\"og:image:height\" content=\"490\" \/>\n\t<meta property=\"og:image:type\" content=\"image\/jpeg\" \/>\n<meta name=\"author\" content=\"LIKEmetkovic.hr\" \/>\n<meta name=\"twitter:card\" content=\"summary_large_image\" \/>\n<meta name=\"twitter:label1\" content=\"Napisao\/la\" \/>\n\t<meta name=\"twitter:data1\" content=\"LIKEmetkovic.hr\" \/>\n\t<meta name=\"twitter:label2\" content=\"Procijenjeno vrijeme \u010ditanja\" \/>\n\t<meta name=\"twitter:data2\" content=\"7 minuta\" \/>\n<script type=\"application\/ld+json\" class=\"yoast-schema-graph\">{\"@context\":\"https:\/\/schema.org\",\"@graph\":[{\"@type\":\"WebPage\",\"@id\":\"https:\/\/likemetkovic.hr\/kako-se-zoves-domagoj-vidovic-je-istrazio-najcesca-imena-novorodenih-u-2019-u-nasoj-zupaniji\/\",\"url\":\"https:\/\/likemetkovic.hr\/kako-se-zoves-domagoj-vidovic-je-istrazio-najcesca-imena-novorodenih-u-2019-u-nasoj-zupaniji\/\",\"name\":\"KAKO SE ZOVE\u0160? Domagoj Vidovi\u0107 je istra\u017eio naj\u010de\u0161\u0107a imena novoro\u0111enih u 2019. u na\u0161oj \u017dupaniji - likemetkovic.hr\",\"isPartOf\":{\"@id\":\"https:\/\/likemetkovic.hr\/#website\"},\"primaryImageOfPage\":{\"@id\":\"https:\/\/likemetkovic.hr\/kako-se-zoves-domagoj-vidovic-je-istrazio-najcesca-imena-novorodenih-u-2019-u-nasoj-zupaniji\/#primaryimage\"},\"image\":{\"@id\":\"https:\/\/likemetkovic.hr\/kako-se-zoves-domagoj-vidovic-je-istrazio-najcesca-imena-novorodenih-u-2019-u-nasoj-zupaniji\/#primaryimage\"},\"thumbnailUrl\":\"https:\/\/likemetkovic.hr\/portal\/wp-content\/uploads\/2020\/03\/bebe_edited.jpg\",\"datePublished\":\"2020-03-05T07:57:21+00:00\",\"dateModified\":\"2020-03-05T08:05:47+00:00\",\"author\":{\"@id\":\"https:\/\/likemetkovic.hr\/#\/schema\/person\/a42711f3385a0e2be6f7e0443bfb28f0\"},\"breadcrumb\":{\"@id\":\"https:\/\/likemetkovic.hr\/kako-se-zoves-domagoj-vidovic-je-istrazio-najcesca-imena-novorodenih-u-2019-u-nasoj-zupaniji\/#breadcrumb\"},\"inLanguage\":\"hr\",\"potentialAction\":[{\"@type\":\"ReadAction\",\"target\":[\"https:\/\/likemetkovic.hr\/kako-se-zoves-domagoj-vidovic-je-istrazio-najcesca-imena-novorodenih-u-2019-u-nasoj-zupaniji\/\"]}]},{\"@type\":\"ImageObject\",\"inLanguage\":\"hr\",\"@id\":\"https:\/\/likemetkovic.hr\/kako-se-zoves-domagoj-vidovic-je-istrazio-najcesca-imena-novorodenih-u-2019-u-nasoj-zupaniji\/#primaryimage\",\"url\":\"https:\/\/likemetkovic.hr\/portal\/wp-content\/uploads\/2020\/03\/bebe_edited.jpg\",\"contentUrl\":\"https:\/\/likemetkovic.hr\/portal\/wp-content\/uploads\/2020\/03\/bebe_edited.jpg\",\"width\":800,\"height\":490},{\"@type\":\"BreadcrumbList\",\"@id\":\"https:\/\/likemetkovic.hr\/kako-se-zoves-domagoj-vidovic-je-istrazio-najcesca-imena-novorodenih-u-2019-u-nasoj-zupaniji\/#breadcrumb\",\"itemListElement\":[{\"@type\":\"ListItem\",\"position\":1,\"name\":\"Po\u010detna stranica\",\"item\":\"https:\/\/likemetkovic.hr\/portal\/\"},{\"@type\":\"ListItem\",\"position\":2,\"name\":\"KAKO SE ZOVE\u0160? Domagoj Vidovi\u0107 je istra\u017eio naj\u010de\u0161\u0107a imena novoro\u0111enih u 2019. u na\u0161oj \u017dupaniji\"}]},{\"@type\":\"WebSite\",\"@id\":\"https:\/\/likemetkovic.hr\/#website\",\"url\":\"https:\/\/likemetkovic.hr\/\",\"name\":\"likemetkovic.hr\",\"description\":\"Misli pozitivno... \u010ditaj LIKE\",\"potentialAction\":[{\"@type\":\"SearchAction\",\"target\":{\"@type\":\"EntryPoint\",\"urlTemplate\":\"https:\/\/likemetkovic.hr\/?s={search_term_string}\"},\"query-input\":{\"@type\":\"PropertyValueSpecification\",\"valueRequired\":true,\"valueName\":\"search_term_string\"}}],\"inLanguage\":\"hr\"},{\"@type\":\"Person\",\"@id\":\"https:\/\/likemetkovic.hr\/#\/schema\/person\/a42711f3385a0e2be6f7e0443bfb28f0\",\"name\":\"LIKEmetkovic.hr\",\"sameAs\":[\"http:\/\/likemetkovic.hr\"],\"url\":\"https:\/\/likemetkovic.hr\/portal\/author\/likemetkovic-hr\/\"}]}<\/script>\n<!-- \/ Yoast SEO plugin. -->","yoast_head_json":{"title":"KAKO SE ZOVE\u0160? Domagoj Vidovi\u0107 je istra\u017eio naj\u010de\u0161\u0107a imena novoro\u0111enih u 2019. u na\u0161oj \u017dupaniji - likemetkovic.hr","robots":{"index":"index","follow":"follow","max-snippet":"max-snippet:-1","max-image-preview":"max-image-preview:large","max-video-preview":"max-video-preview:-1"},"canonical":"https:\/\/likemetkovic.hr\/kako-se-zoves-domagoj-vidovic-je-istrazio-najcesca-imena-novorodenih-u-2019-u-nasoj-zupaniji\/","og_locale":"hr_HR","og_type":"article","og_title":"KAKO SE ZOVE\u0160? Domagoj Vidovi\u0107 je istra\u017eio naj\u010de\u0161\u0107a imena novoro\u0111enih u 2019. u na\u0161oj \u017dupaniji - likemetkovic.hr","og_description":"Popis naj\u010de\u0161\u0107ih osobnih imena novoro\u0111enih 2019. u Dubrova\u010dko-neretvanskoj \u017eupaniji potvr\u0111uje pretpostavku kako su u posljednja dva desetlje\u0107a promjene u njihovu inventaru sve br\u017ee. Vremeplov Sve se do kasnoga srednjovjekovlja u osobnim imenima zrcalila isprva jezi\u010dna i etni\u010dka pripadnost (otud stara hrvatska imena Cvijeta, Dobra, Dragobrat, Milohna, Radogost, ali i Hrvatin i Hrvoje s jedne te [&hellip;]","og_url":"https:\/\/likemetkovic.hr\/kako-se-zoves-domagoj-vidovic-je-istrazio-najcesca-imena-novorodenih-u-2019-u-nasoj-zupaniji\/","og_site_name":"likemetkovic.hr","article_publisher":"https:\/\/www.facebook.com\/likemetkovic.hr\/","article_published_time":"2020-03-05T07:57:21+00:00","article_modified_time":"2020-03-05T08:05:47+00:00","og_image":[{"width":800,"height":490,"url":"https:\/\/likemetkovic.hr\/wp-content\/uploads\/2020\/03\/bebe_edited.jpg","type":"image\/jpeg"}],"author":"LIKEmetkovic.hr","twitter_card":"summary_large_image","twitter_misc":{"Napisao\/la":"LIKEmetkovic.hr","Procijenjeno vrijeme \u010ditanja":"7 minuta"},"schema":{"@context":"https:\/\/schema.org","@graph":[{"@type":"WebPage","@id":"https:\/\/likemetkovic.hr\/kako-se-zoves-domagoj-vidovic-je-istrazio-najcesca-imena-novorodenih-u-2019-u-nasoj-zupaniji\/","url":"https:\/\/likemetkovic.hr\/kako-se-zoves-domagoj-vidovic-je-istrazio-najcesca-imena-novorodenih-u-2019-u-nasoj-zupaniji\/","name":"KAKO SE ZOVE\u0160? Domagoj Vidovi\u0107 je istra\u017eio naj\u010de\u0161\u0107a imena novoro\u0111enih u 2019. u na\u0161oj \u017dupaniji - likemetkovic.hr","isPartOf":{"@id":"https:\/\/likemetkovic.hr\/#website"},"primaryImageOfPage":{"@id":"https:\/\/likemetkovic.hr\/kako-se-zoves-domagoj-vidovic-je-istrazio-najcesca-imena-novorodenih-u-2019-u-nasoj-zupaniji\/#primaryimage"},"image":{"@id":"https:\/\/likemetkovic.hr\/kako-se-zoves-domagoj-vidovic-je-istrazio-najcesca-imena-novorodenih-u-2019-u-nasoj-zupaniji\/#primaryimage"},"thumbnailUrl":"https:\/\/likemetkovic.hr\/portal\/wp-content\/uploads\/2020\/03\/bebe_edited.jpg","datePublished":"2020-03-05T07:57:21+00:00","dateModified":"2020-03-05T08:05:47+00:00","author":{"@id":"https:\/\/likemetkovic.hr\/#\/schema\/person\/a42711f3385a0e2be6f7e0443bfb28f0"},"breadcrumb":{"@id":"https:\/\/likemetkovic.hr\/kako-se-zoves-domagoj-vidovic-je-istrazio-najcesca-imena-novorodenih-u-2019-u-nasoj-zupaniji\/#breadcrumb"},"inLanguage":"hr","potentialAction":[{"@type":"ReadAction","target":["https:\/\/likemetkovic.hr\/kako-se-zoves-domagoj-vidovic-je-istrazio-najcesca-imena-novorodenih-u-2019-u-nasoj-zupaniji\/"]}]},{"@type":"ImageObject","inLanguage":"hr","@id":"https:\/\/likemetkovic.hr\/kako-se-zoves-domagoj-vidovic-je-istrazio-najcesca-imena-novorodenih-u-2019-u-nasoj-zupaniji\/#primaryimage","url":"https:\/\/likemetkovic.hr\/portal\/wp-content\/uploads\/2020\/03\/bebe_edited.jpg","contentUrl":"https:\/\/likemetkovic.hr\/portal\/wp-content\/uploads\/2020\/03\/bebe_edited.jpg","width":800,"height":490},{"@type":"BreadcrumbList","@id":"https:\/\/likemetkovic.hr\/kako-se-zoves-domagoj-vidovic-je-istrazio-najcesca-imena-novorodenih-u-2019-u-nasoj-zupaniji\/#breadcrumb","itemListElement":[{"@type":"ListItem","position":1,"name":"Po\u010detna stranica","item":"https:\/\/likemetkovic.hr\/portal\/"},{"@type":"ListItem","position":2,"name":"KAKO SE ZOVE\u0160? Domagoj Vidovi\u0107 je istra\u017eio naj\u010de\u0161\u0107a imena novoro\u0111enih u 2019. u na\u0161oj \u017dupaniji"}]},{"@type":"WebSite","@id":"https:\/\/likemetkovic.hr\/#website","url":"https:\/\/likemetkovic.hr\/","name":"likemetkovic.hr","description":"Misli pozitivno... \u010ditaj LIKE","potentialAction":[{"@type":"SearchAction","target":{"@type":"EntryPoint","urlTemplate":"https:\/\/likemetkovic.hr\/?s={search_term_string}"},"query-input":{"@type":"PropertyValueSpecification","valueRequired":true,"valueName":"search_term_string"}}],"inLanguage":"hr"},{"@type":"Person","@id":"https:\/\/likemetkovic.hr\/#\/schema\/person\/a42711f3385a0e2be6f7e0443bfb28f0","name":"LIKEmetkovic.hr","sameAs":["http:\/\/likemetkovic.hr"],"url":"https:\/\/likemetkovic.hr\/portal\/author\/likemetkovic-hr\/"}]}},"_links":{"self":[{"href":"https:\/\/likemetkovic.hr\/portal\/wp-json\/wp\/v2\/posts\/98503","targetHints":{"allow":["GET"]}}],"collection":[{"href":"https:\/\/likemetkovic.hr\/portal\/wp-json\/wp\/v2\/posts"}],"about":[{"href":"https:\/\/likemetkovic.hr\/portal\/wp-json\/wp\/v2\/types\/post"}],"author":[{"embeddable":true,"href":"https:\/\/likemetkovic.hr\/portal\/wp-json\/wp\/v2\/users\/7"}],"replies":[{"embeddable":true,"href":"https:\/\/likemetkovic.hr\/portal\/wp-json\/wp\/v2\/comments?post=98503"}],"version-history":[{"count":0,"href":"https:\/\/likemetkovic.hr\/portal\/wp-json\/wp\/v2\/posts\/98503\/revisions"}],"wp:featuredmedia":[{"embeddable":true,"href":"https:\/\/likemetkovic.hr\/portal\/wp-json\/wp\/v2\/media\/98504"}],"wp:attachment":[{"href":"https:\/\/likemetkovic.hr\/portal\/wp-json\/wp\/v2\/media?parent=98503"}],"wp:term":[{"taxonomy":"category","embeddable":true,"href":"https:\/\/likemetkovic.hr\/portal\/wp-json\/wp\/v2\/categories?post=98503"},{"taxonomy":"post_tag","embeddable":true,"href":"https:\/\/likemetkovic.hr\/portal\/wp-json\/wp\/v2\/tags?post=98503"}],"curies":[{"name":"wp","href":"https:\/\/api.w.org\/{rel}","templated":true}]}}