{"id":98548,"date":"2020-03-06T13:17:34","date_gmt":"2020-03-06T12:17:34","guid":{"rendered":"https:\/\/likemetkovic.hr\/?p=98548"},"modified":"2020-03-06T13:23:00","modified_gmt":"2020-03-06T12:23:00","slug":"imotica-duzi-i-slano-orahov-do-prekategorizirani-u-prijelaze-za-medunarodni-promet-putnika","status":"publish","type":"post","link":"https:\/\/likemetkovic.hr\/portal\/imotica-duzi-i-slano-orahov-do-prekategorizirani-u-prijelaze-za-medunarodni-promet-putnika\/","title":{"rendered":"GP Imotica \u2013 Du\u017ei i Slano \u2013 Orahov Do prekategorizirani u prijelaze za me\u0111unarodni promet putnika"},"content":{"rendered":"<p>Iz PU obavje\u0161tavaju gra\u0111ane da je Mje\u0161ovito povjerenstvo za pra\u0107enje provedbe Ugovora izme\u0111u Republike Hrvatske i Bosne i Hercegovine donijelo Odluku da se grani\u010dni prijelazi za pograni\u010dni promet <strong>Imotica \u2013 Du\u017ei i Slano \u2013 Orahov Do<\/strong> privremeno prekategoriziraju u grani\u010dne prijelaze za me\u0111unarodni promet putnika.<\/p>\n<p>Odluka stupa na snagu 1. travnja 2020. g., i na snazi \u0107e biti tri mjeseca, odnosno do odr\u017eavanja naredne sjednice Mje\u0161ovitog povjerenstva, a radno vrijeme navedenih grani\u010dnih prijelaza je svakim danom 24 sata.<\/p>\n","protected":false},"excerpt":{"rendered":"<p>Iz PU obavje\u0161tavaju gra\u0111ane da je Mje\u0161ovito povjerenstvo za pra\u0107enje provedbe Ugovora izme\u0111u Republike Hrvatske i Bosne i Hercegovine donijelo Odluku da se grani\u010dni prijelazi za pograni\u010dni promet Imotica \u2013 Du\u017ei i Slano \u2013 Orahov Do privremeno prekategoriziraju u grani\u010dne prijelaze za me\u0111unarodni promet putnika. Odluka stupa na snagu 1. travnja 2020. g., i na [&hellip;]<\/p>\n","protected":false},"author":7,"featured_media":98550,"comment_status":"open","ping_status":"open","sticky":false,"template":"","format":"standard","meta":{"footnotes":""},"categories":[296,300],"tags":[7075,7074,1009],"class_list":{"0":"post-98548","1":"post","2":"type-post","3":"status-publish","4":"format-standard","5":"has-post-thumbnail","7":"category-ab","8":"category-zupanija","9":"tag-imotica","10":"tag-kategorizacija-granicnih-prijelaza","11":"tag-slano"},"yoast_head":"<!-- This site is optimized with the Yoast SEO plugin v25.2 - https:\/\/yoast.com\/wordpress\/plugins\/seo\/ -->\n<title>GP Imotica \u2013 Du\u017ei i Slano \u2013 Orahov Do prekategorizirani u prijelaze za me\u0111unarodni promet putnika - likemetkovic.hr<\/title>\n<meta name=\"robots\" content=\"index, follow, max-snippet:-1, max-image-preview:large, max-video-preview:-1\" \/>\n<link rel=\"canonical\" href=\"https:\/\/likemetkovic.hr\/imotica-duzi-i-slano-orahov-do-prekategorizirani-u-prijelaze-za-medunarodni-promet-putnika\/\" \/>\n<meta property=\"og:locale\" content=\"hr_HR\" \/>\n<meta property=\"og:type\" content=\"article\" \/>\n<meta property=\"og:title\" content=\"GP Imotica \u2013 Du\u017ei i Slano \u2013 Orahov Do prekategorizirani u prijelaze za me\u0111unarodni promet putnika - likemetkovic.hr\" \/>\n<meta property=\"og:description\" content=\"Iz PU obavje\u0161tavaju gra\u0111ane da je Mje\u0161ovito povjerenstvo za pra\u0107enje provedbe Ugovora izme\u0111u Republike Hrvatske i Bosne i Hercegovine donijelo Odluku da se grani\u010dni prijelazi za pograni\u010dni promet Imotica \u2013 Du\u017ei i Slano \u2013 Orahov Do privremeno prekategoriziraju u grani\u010dne prijelaze za me\u0111unarodni promet putnika. Odluka stupa na snagu 1. travnja 2020. g., i na [&hellip;]\" \/>\n<meta property=\"og:url\" content=\"https:\/\/likemetkovic.hr\/imotica-duzi-i-slano-orahov-do-prekategorizirani-u-prijelaze-za-medunarodni-promet-putnika\/\" \/>\n<meta property=\"og:site_name\" content=\"likemetkovic.hr\" \/>\n<meta property=\"article:publisher\" content=\"https:\/\/www.facebook.com\/likemetkovic.hr\/\" \/>\n<meta property=\"article:published_time\" content=\"2020-03-06T12:17:34+00:00\" \/>\n<meta property=\"article:modified_time\" content=\"2020-03-06T12:23:00+00:00\" \/>\n<meta property=\"og:image\" content=\"https:\/\/likemetkovic.hr\/wp-content\/uploads\/2020\/03\/grani\u010dni-prijelaz-doljani.jpg\" \/>\n\t<meta property=\"og:image:width\" content=\"690\" \/>\n\t<meta property=\"og:image:height\" content=\"480\" \/>\n\t<meta property=\"og:image:type\" content=\"image\/jpeg\" \/>\n<meta name=\"author\" content=\"LIKEmetkovic.hr\" \/>\n<meta name=\"twitter:card\" content=\"summary_large_image\" \/>\n<meta name=\"twitter:label1\" content=\"Napisao\/la\" \/>\n\t<meta name=\"twitter:data1\" content=\"LIKEmetkovic.hr\" \/>\n<script type=\"application\/ld+json\" class=\"yoast-schema-graph\">{\"@context\":\"https:\/\/schema.org\",\"@graph\":[{\"@type\":\"WebPage\",\"@id\":\"https:\/\/likemetkovic.hr\/imotica-duzi-i-slano-orahov-do-prekategorizirani-u-prijelaze-za-medunarodni-promet-putnika\/\",\"url\":\"https:\/\/likemetkovic.hr\/imotica-duzi-i-slano-orahov-do-prekategorizirani-u-prijelaze-za-medunarodni-promet-putnika\/\",\"name\":\"GP Imotica \u2013 Du\u017ei i Slano \u2013 Orahov Do prekategorizirani u prijelaze za me\u0111unarodni promet putnika - likemetkovic.hr\",\"isPartOf\":{\"@id\":\"https:\/\/likemetkovic.hr\/#website\"},\"primaryImageOfPage\":{\"@id\":\"https:\/\/likemetkovic.hr\/imotica-duzi-i-slano-orahov-do-prekategorizirani-u-prijelaze-za-medunarodni-promet-putnika\/#primaryimage\"},\"image\":{\"@id\":\"https:\/\/likemetkovic.hr\/imotica-duzi-i-slano-orahov-do-prekategorizirani-u-prijelaze-za-medunarodni-promet-putnika\/#primaryimage\"},\"thumbnailUrl\":\"https:\/\/likemetkovic.hr\/portal\/wp-content\/uploads\/2020\/03\/grani\u010dni-prijelaz-doljani.jpg\",\"datePublished\":\"2020-03-06T12:17:34+00:00\",\"dateModified\":\"2020-03-06T12:23:00+00:00\",\"author\":{\"@id\":\"https:\/\/likemetkovic.hr\/#\/schema\/person\/a42711f3385a0e2be6f7e0443bfb28f0\"},\"breadcrumb\":{\"@id\":\"https:\/\/likemetkovic.hr\/imotica-duzi-i-slano-orahov-do-prekategorizirani-u-prijelaze-za-medunarodni-promet-putnika\/#breadcrumb\"},\"inLanguage\":\"hr\",\"potentialAction\":[{\"@type\":\"ReadAction\",\"target\":[\"https:\/\/likemetkovic.hr\/imotica-duzi-i-slano-orahov-do-prekategorizirani-u-prijelaze-za-medunarodni-promet-putnika\/\"]}]},{\"@type\":\"ImageObject\",\"inLanguage\":\"hr\",\"@id\":\"https:\/\/likemetkovic.hr\/imotica-duzi-i-slano-orahov-do-prekategorizirani-u-prijelaze-za-medunarodni-promet-putnika\/#primaryimage\",\"url\":\"https:\/\/likemetkovic.hr\/portal\/wp-content\/uploads\/2020\/03\/grani\u010dni-prijelaz-doljani.jpg\",\"contentUrl\":\"https:\/\/likemetkovic.hr\/portal\/wp-content\/uploads\/2020\/03\/grani\u010dni-prijelaz-doljani.jpg\",\"width\":690,\"height\":480},{\"@type\":\"BreadcrumbList\",\"@id\":\"https:\/\/likemetkovic.hr\/imotica-duzi-i-slano-orahov-do-prekategorizirani-u-prijelaze-za-medunarodni-promet-putnika\/#breadcrumb\",\"itemListElement\":[{\"@type\":\"ListItem\",\"position\":1,\"name\":\"Po\u010detna stranica\",\"item\":\"https:\/\/likemetkovic.hr\/portal\/\"},{\"@type\":\"ListItem\",\"position\":2,\"name\":\"GP Imotica \u2013 Du\u017ei i Slano \u2013 Orahov Do prekategorizirani u prijelaze za me\u0111unarodni promet putnika\"}]},{\"@type\":\"WebSite\",\"@id\":\"https:\/\/likemetkovic.hr\/#website\",\"url\":\"https:\/\/likemetkovic.hr\/\",\"name\":\"likemetkovic.hr\",\"description\":\"Misli pozitivno... \u010ditaj LIKE\",\"potentialAction\":[{\"@type\":\"SearchAction\",\"target\":{\"@type\":\"EntryPoint\",\"urlTemplate\":\"https:\/\/likemetkovic.hr\/?s={search_term_string}\"},\"query-input\":{\"@type\":\"PropertyValueSpecification\",\"valueRequired\":true,\"valueName\":\"search_term_string\"}}],\"inLanguage\":\"hr\"},{\"@type\":\"Person\",\"@id\":\"https:\/\/likemetkovic.hr\/#\/schema\/person\/a42711f3385a0e2be6f7e0443bfb28f0\",\"name\":\"LIKEmetkovic.hr\",\"sameAs\":[\"http:\/\/likemetkovic.hr\"],\"url\":\"https:\/\/likemetkovic.hr\/portal\/author\/likemetkovic-hr\/\"}]}<\/script>\n<!-- \/ Yoast SEO plugin. -->","yoast_head_json":{"title":"GP Imotica \u2013 Du\u017ei i Slano \u2013 Orahov Do prekategorizirani u prijelaze za me\u0111unarodni promet putnika - likemetkovic.hr","robots":{"index":"index","follow":"follow","max-snippet":"max-snippet:-1","max-image-preview":"max-image-preview:large","max-video-preview":"max-video-preview:-1"},"canonical":"https:\/\/likemetkovic.hr\/imotica-duzi-i-slano-orahov-do-prekategorizirani-u-prijelaze-za-medunarodni-promet-putnika\/","og_locale":"hr_HR","og_type":"article","og_title":"GP Imotica \u2013 Du\u017ei i Slano \u2013 Orahov Do prekategorizirani u prijelaze za me\u0111unarodni promet putnika - likemetkovic.hr","og_description":"Iz PU obavje\u0161tavaju gra\u0111ane da je Mje\u0161ovito povjerenstvo za pra\u0107enje provedbe Ugovora izme\u0111u Republike Hrvatske i Bosne i Hercegovine donijelo Odluku da se grani\u010dni prijelazi za pograni\u010dni promet Imotica \u2013 Du\u017ei i Slano \u2013 Orahov Do privremeno prekategoriziraju u grani\u010dne prijelaze za me\u0111unarodni promet putnika. Odluka stupa na snagu 1. travnja 2020. g., i na [&hellip;]","og_url":"https:\/\/likemetkovic.hr\/imotica-duzi-i-slano-orahov-do-prekategorizirani-u-prijelaze-za-medunarodni-promet-putnika\/","og_site_name":"likemetkovic.hr","article_publisher":"https:\/\/www.facebook.com\/likemetkovic.hr\/","article_published_time":"2020-03-06T12:17:34+00:00","article_modified_time":"2020-03-06T12:23:00+00:00","og_image":[{"width":690,"height":480,"url":"https:\/\/likemetkovic.hr\/wp-content\/uploads\/2020\/03\/grani\u010dni-prijelaz-doljani.jpg","type":"image\/jpeg"}],"author":"LIKEmetkovic.hr","twitter_card":"summary_large_image","twitter_misc":{"Napisao\/la":"LIKEmetkovic.hr"},"schema":{"@context":"https:\/\/schema.org","@graph":[{"@type":"WebPage","@id":"https:\/\/likemetkovic.hr\/imotica-duzi-i-slano-orahov-do-prekategorizirani-u-prijelaze-za-medunarodni-promet-putnika\/","url":"https:\/\/likemetkovic.hr\/imotica-duzi-i-slano-orahov-do-prekategorizirani-u-prijelaze-za-medunarodni-promet-putnika\/","name":"GP Imotica \u2013 Du\u017ei i Slano \u2013 Orahov Do prekategorizirani u prijelaze za me\u0111unarodni promet putnika - likemetkovic.hr","isPartOf":{"@id":"https:\/\/likemetkovic.hr\/#website"},"primaryImageOfPage":{"@id":"https:\/\/likemetkovic.hr\/imotica-duzi-i-slano-orahov-do-prekategorizirani-u-prijelaze-za-medunarodni-promet-putnika\/#primaryimage"},"image":{"@id":"https:\/\/likemetkovic.hr\/imotica-duzi-i-slano-orahov-do-prekategorizirani-u-prijelaze-za-medunarodni-promet-putnika\/#primaryimage"},"thumbnailUrl":"https:\/\/likemetkovic.hr\/portal\/wp-content\/uploads\/2020\/03\/grani\u010dni-prijelaz-doljani.jpg","datePublished":"2020-03-06T12:17:34+00:00","dateModified":"2020-03-06T12:23:00+00:00","author":{"@id":"https:\/\/likemetkovic.hr\/#\/schema\/person\/a42711f3385a0e2be6f7e0443bfb28f0"},"breadcrumb":{"@id":"https:\/\/likemetkovic.hr\/imotica-duzi-i-slano-orahov-do-prekategorizirani-u-prijelaze-za-medunarodni-promet-putnika\/#breadcrumb"},"inLanguage":"hr","potentialAction":[{"@type":"ReadAction","target":["https:\/\/likemetkovic.hr\/imotica-duzi-i-slano-orahov-do-prekategorizirani-u-prijelaze-za-medunarodni-promet-putnika\/"]}]},{"@type":"ImageObject","inLanguage":"hr","@id":"https:\/\/likemetkovic.hr\/imotica-duzi-i-slano-orahov-do-prekategorizirani-u-prijelaze-za-medunarodni-promet-putnika\/#primaryimage","url":"https:\/\/likemetkovic.hr\/portal\/wp-content\/uploads\/2020\/03\/grani\u010dni-prijelaz-doljani.jpg","contentUrl":"https:\/\/likemetkovic.hr\/portal\/wp-content\/uploads\/2020\/03\/grani\u010dni-prijelaz-doljani.jpg","width":690,"height":480},{"@type":"BreadcrumbList","@id":"https:\/\/likemetkovic.hr\/imotica-duzi-i-slano-orahov-do-prekategorizirani-u-prijelaze-za-medunarodni-promet-putnika\/#breadcrumb","itemListElement":[{"@type":"ListItem","position":1,"name":"Po\u010detna stranica","item":"https:\/\/likemetkovic.hr\/portal\/"},{"@type":"ListItem","position":2,"name":"GP Imotica \u2013 Du\u017ei i Slano \u2013 Orahov Do prekategorizirani u prijelaze za me\u0111unarodni promet putnika"}]},{"@type":"WebSite","@id":"https:\/\/likemetkovic.hr\/#website","url":"https:\/\/likemetkovic.hr\/","name":"likemetkovic.hr","description":"Misli pozitivno... \u010ditaj LIKE","potentialAction":[{"@type":"SearchAction","target":{"@type":"EntryPoint","urlTemplate":"https:\/\/likemetkovic.hr\/?s={search_term_string}"},"query-input":{"@type":"PropertyValueSpecification","valueRequired":true,"valueName":"search_term_string"}}],"inLanguage":"hr"},{"@type":"Person","@id":"https:\/\/likemetkovic.hr\/#\/schema\/person\/a42711f3385a0e2be6f7e0443bfb28f0","name":"LIKEmetkovic.hr","sameAs":["http:\/\/likemetkovic.hr"],"url":"https:\/\/likemetkovic.hr\/portal\/author\/likemetkovic-hr\/"}]}},"_links":{"self":[{"href":"https:\/\/likemetkovic.hr\/portal\/wp-json\/wp\/v2\/posts\/98548","targetHints":{"allow":["GET"]}}],"collection":[{"href":"https:\/\/likemetkovic.hr\/portal\/wp-json\/wp\/v2\/posts"}],"about":[{"href":"https:\/\/likemetkovic.hr\/portal\/wp-json\/wp\/v2\/types\/post"}],"author":[{"embeddable":true,"href":"https:\/\/likemetkovic.hr\/portal\/wp-json\/wp\/v2\/users\/7"}],"replies":[{"embeddable":true,"href":"https:\/\/likemetkovic.hr\/portal\/wp-json\/wp\/v2\/comments?post=98548"}],"version-history":[{"count":0,"href":"https:\/\/likemetkovic.hr\/portal\/wp-json\/wp\/v2\/posts\/98548\/revisions"}],"wp:featuredmedia":[{"embeddable":true,"href":"https:\/\/likemetkovic.hr\/portal\/wp-json\/wp\/v2\/media\/98550"}],"wp:attachment":[{"href":"https:\/\/likemetkovic.hr\/portal\/wp-json\/wp\/v2\/media?parent=98548"}],"wp:term":[{"taxonomy":"category","embeddable":true,"href":"https:\/\/likemetkovic.hr\/portal\/wp-json\/wp\/v2\/categories?post=98548"},{"taxonomy":"post_tag","embeddable":true,"href":"https:\/\/likemetkovic.hr\/portal\/wp-json\/wp\/v2\/tags?post=98548"}],"curies":[{"name":"wp","href":"https:\/\/api.w.org\/{rel}","templated":true}]}}