{"id":98756,"date":"2020-03-10T17:38:04","date_gmt":"2020-03-10T16:38:04","guid":{"rendered":"https:\/\/likemetkovic.hr\/?p=98756"},"modified":"2020-03-10T17:39:07","modified_gmt":"2020-03-10T16:39:07","slug":"zrakoplov-sa-45-putnika-iz-rima-sletio-popodne-u-zracnu-luku-dubrovnik","status":"publish","type":"post","link":"https:\/\/likemetkovic.hr\/portal\/zrakoplov-sa-45-putnika-iz-rima-sletio-popodne-u-zracnu-luku-dubrovnik\/","title":{"rendered":"Zrakoplov sa 45 putnika iz Rima sletio popodne u Zra\u010dnu luku Dubrovnik"},"content":{"rendered":"<p>U 15:55 sati zrakoplov \u0161panjolskog avioprijevoznika Vueling na letu iz Rima za Dubrovnik sletio je u Zra\u010dnu luku Dubrovnik. Glavni direktor Zra\u010dne luke, Frano Lueti\u0107, rekao je kako se na letu nalazilo 45 putnika koji prolaze kontrolu zbog opasnosti od zaraze koronavirusom dok je oko 50 putnika odustalo od leta zbog informacije o mogu\u0107em odlasku u karantenu, prenosi <a href=\"https:\/\/dubrovacki.slobodnadalmacija.hr\/dubrovnik\/zupanija\/dubrovnik\/zrakoplov-iz-rima-sletio-u-zracnu-luku-dubrovnik-putnici-prolaze-kontrolu-zbog-koronavirusa-1008204\" target=\"_blank\" rel=\"noopener noreferrer\">Dubrova\u010dki vjesnik<\/a>.<\/p>\n<p>Lueti\u0107 je naglasio kako su provedene sve mjere prema uputama HZJZ-a te da sanitarni inspektori vr\u0161e kontrole nad putnicima.<\/p>\n<p><em>&#8211; Svi letovi za Rim s prostora Hrvatske do daljnjeg su otkazani \u0161to nam je potvrdio direktor Croatia airlinesa. Dio putnika koji su iz Crne Gore i BiH bit \u0107e preba\u010deni posebnim autobusima do njihove granice gdje \u0107e o njima brigu preuzeti njihove vlasti<\/em>, zaklju\u010dio je Lueti\u0107.<\/p>\n<p>Podsjetimo kako je u RH jo\u0161 uvijek na snazi mjera obavezene karantene samo za one koji sti\u017eu iz sjevernih regija Italije gdje je \u017eari\u0161te koronevirusa.<\/p>\n","protected":false},"excerpt":{"rendered":"<p>U 15:55 sati zrakoplov \u0161panjolskog avioprijevoznika Vueling na letu iz Rima za Dubrovnik sletio je u Zra\u010dnu luku Dubrovnik. Glavni direktor Zra\u010dne luke, Frano Lueti\u0107, rekao je kako se na letu nalazilo 45 putnika koji prolaze kontrolu zbog opasnosti od zaraze koronavirusom dok je oko 50 putnika odustalo od leta zbog informacije o mogu\u0107em odlasku [&hellip;]<\/p>\n","protected":false},"author":7,"featured_media":65638,"comment_status":"open","ping_status":"open","sticky":false,"template":"","format":"standard","meta":{"footnotes":""},"categories":[296,300],"tags":[6820,3552],"class_list":{"0":"post-98756","1":"post","2":"type-post","3":"status-publish","4":"format-standard","5":"has-post-thumbnail","7":"category-ab","8":"category-zupanija","9":"tag-koronavirus","10":"tag-zracna-luka-dubrovnik"},"yoast_head":"<!-- This site is optimized with the Yoast SEO plugin v25.2 - https:\/\/yoast.com\/wordpress\/plugins\/seo\/ -->\n<title>Zrakoplov sa 45 putnika iz Rima sletio popodne u Zra\u010dnu luku Dubrovnik - likemetkovic.hr<\/title>\n<meta name=\"robots\" content=\"index, follow, max-snippet:-1, max-image-preview:large, max-video-preview:-1\" \/>\n<link rel=\"canonical\" href=\"https:\/\/likemetkovic.hr\/zrakoplov-sa-45-putnika-iz-rima-sletio-popodne-u-zracnu-luku-dubrovnik\/\" \/>\n<meta property=\"og:locale\" content=\"hr_HR\" \/>\n<meta property=\"og:type\" content=\"article\" \/>\n<meta property=\"og:title\" content=\"Zrakoplov sa 45 putnika iz Rima sletio popodne u Zra\u010dnu luku Dubrovnik - likemetkovic.hr\" \/>\n<meta property=\"og:description\" content=\"U 15:55 sati zrakoplov \u0161panjolskog avioprijevoznika Vueling na letu iz Rima za Dubrovnik sletio je u Zra\u010dnu luku Dubrovnik. Glavni direktor Zra\u010dne luke, Frano Lueti\u0107, rekao je kako se na letu nalazilo 45 putnika koji prolaze kontrolu zbog opasnosti od zaraze koronavirusom dok je oko 50 putnika odustalo od leta zbog informacije o mogu\u0107em odlasku [&hellip;]\" \/>\n<meta property=\"og:url\" content=\"https:\/\/likemetkovic.hr\/zrakoplov-sa-45-putnika-iz-rima-sletio-popodne-u-zracnu-luku-dubrovnik\/\" \/>\n<meta property=\"og:site_name\" content=\"likemetkovic.hr\" \/>\n<meta property=\"article:publisher\" content=\"https:\/\/www.facebook.com\/likemetkovic.hr\/\" \/>\n<meta property=\"article:published_time\" content=\"2020-03-10T16:38:04+00:00\" \/>\n<meta property=\"article:modified_time\" content=\"2020-03-10T16:39:07+00:00\" \/>\n<meta property=\"og:image\" content=\"https:\/\/likemetkovic.hr\/wp-content\/uploads\/2018\/07\/zra\u010dna-luka-Dubrovnik.jpg\" \/>\n\t<meta property=\"og:image:width\" content=\"800\" \/>\n\t<meta property=\"og:image:height\" content=\"450\" \/>\n\t<meta property=\"og:image:type\" content=\"image\/jpeg\" \/>\n<meta name=\"author\" content=\"LIKEmetkovic.hr\" \/>\n<meta name=\"twitter:card\" content=\"summary_large_image\" \/>\n<meta name=\"twitter:label1\" content=\"Napisao\/la\" \/>\n\t<meta name=\"twitter:data1\" content=\"LIKEmetkovic.hr\" \/>\n\t<meta name=\"twitter:label2\" content=\"Procijenjeno vrijeme \u010ditanja\" \/>\n\t<meta name=\"twitter:data2\" content=\"1 minuta\" \/>\n<script type=\"application\/ld+json\" class=\"yoast-schema-graph\">{\"@context\":\"https:\/\/schema.org\",\"@graph\":[{\"@type\":\"WebPage\",\"@id\":\"https:\/\/likemetkovic.hr\/zrakoplov-sa-45-putnika-iz-rima-sletio-popodne-u-zracnu-luku-dubrovnik\/\",\"url\":\"https:\/\/likemetkovic.hr\/zrakoplov-sa-45-putnika-iz-rima-sletio-popodne-u-zracnu-luku-dubrovnik\/\",\"name\":\"Zrakoplov sa 45 putnika iz Rima sletio popodne u Zra\u010dnu luku Dubrovnik - likemetkovic.hr\",\"isPartOf\":{\"@id\":\"https:\/\/likemetkovic.hr\/#website\"},\"primaryImageOfPage\":{\"@id\":\"https:\/\/likemetkovic.hr\/zrakoplov-sa-45-putnika-iz-rima-sletio-popodne-u-zracnu-luku-dubrovnik\/#primaryimage\"},\"image\":{\"@id\":\"https:\/\/likemetkovic.hr\/zrakoplov-sa-45-putnika-iz-rima-sletio-popodne-u-zracnu-luku-dubrovnik\/#primaryimage\"},\"thumbnailUrl\":\"https:\/\/likemetkovic.hr\/portal\/wp-content\/uploads\/2018\/07\/zra\u010dna-luka-Dubrovnik.jpg\",\"datePublished\":\"2020-03-10T16:38:04+00:00\",\"dateModified\":\"2020-03-10T16:39:07+00:00\",\"author\":{\"@id\":\"https:\/\/likemetkovic.hr\/#\/schema\/person\/a42711f3385a0e2be6f7e0443bfb28f0\"},\"breadcrumb\":{\"@id\":\"https:\/\/likemetkovic.hr\/zrakoplov-sa-45-putnika-iz-rima-sletio-popodne-u-zracnu-luku-dubrovnik\/#breadcrumb\"},\"inLanguage\":\"hr\",\"potentialAction\":[{\"@type\":\"ReadAction\",\"target\":[\"https:\/\/likemetkovic.hr\/zrakoplov-sa-45-putnika-iz-rima-sletio-popodne-u-zracnu-luku-dubrovnik\/\"]}]},{\"@type\":\"ImageObject\",\"inLanguage\":\"hr\",\"@id\":\"https:\/\/likemetkovic.hr\/zrakoplov-sa-45-putnika-iz-rima-sletio-popodne-u-zracnu-luku-dubrovnik\/#primaryimage\",\"url\":\"https:\/\/likemetkovic.hr\/portal\/wp-content\/uploads\/2018\/07\/zra\u010dna-luka-Dubrovnik.jpg\",\"contentUrl\":\"https:\/\/likemetkovic.hr\/portal\/wp-content\/uploads\/2018\/07\/zra\u010dna-luka-Dubrovnik.jpg\",\"width\":800,\"height\":450},{\"@type\":\"BreadcrumbList\",\"@id\":\"https:\/\/likemetkovic.hr\/zrakoplov-sa-45-putnika-iz-rima-sletio-popodne-u-zracnu-luku-dubrovnik\/#breadcrumb\",\"itemListElement\":[{\"@type\":\"ListItem\",\"position\":1,\"name\":\"Po\u010detna stranica\",\"item\":\"https:\/\/likemetkovic.hr\/portal\/\"},{\"@type\":\"ListItem\",\"position\":2,\"name\":\"Zrakoplov sa 45 putnika iz Rima sletio popodne u Zra\u010dnu luku Dubrovnik\"}]},{\"@type\":\"WebSite\",\"@id\":\"https:\/\/likemetkovic.hr\/#website\",\"url\":\"https:\/\/likemetkovic.hr\/\",\"name\":\"likemetkovic.hr\",\"description\":\"Misli pozitivno... \u010ditaj LIKE\",\"potentialAction\":[{\"@type\":\"SearchAction\",\"target\":{\"@type\":\"EntryPoint\",\"urlTemplate\":\"https:\/\/likemetkovic.hr\/?s={search_term_string}\"},\"query-input\":{\"@type\":\"PropertyValueSpecification\",\"valueRequired\":true,\"valueName\":\"search_term_string\"}}],\"inLanguage\":\"hr\"},{\"@type\":\"Person\",\"@id\":\"https:\/\/likemetkovic.hr\/#\/schema\/person\/a42711f3385a0e2be6f7e0443bfb28f0\",\"name\":\"LIKEmetkovic.hr\",\"sameAs\":[\"http:\/\/likemetkovic.hr\"],\"url\":\"https:\/\/likemetkovic.hr\/portal\/author\/likemetkovic-hr\/\"}]}<\/script>\n<!-- \/ Yoast SEO plugin. -->","yoast_head_json":{"title":"Zrakoplov sa 45 putnika iz Rima sletio popodne u Zra\u010dnu luku Dubrovnik - likemetkovic.hr","robots":{"index":"index","follow":"follow","max-snippet":"max-snippet:-1","max-image-preview":"max-image-preview:large","max-video-preview":"max-video-preview:-1"},"canonical":"https:\/\/likemetkovic.hr\/zrakoplov-sa-45-putnika-iz-rima-sletio-popodne-u-zracnu-luku-dubrovnik\/","og_locale":"hr_HR","og_type":"article","og_title":"Zrakoplov sa 45 putnika iz Rima sletio popodne u Zra\u010dnu luku Dubrovnik - likemetkovic.hr","og_description":"U 15:55 sati zrakoplov \u0161panjolskog avioprijevoznika Vueling na letu iz Rima za Dubrovnik sletio je u Zra\u010dnu luku Dubrovnik. Glavni direktor Zra\u010dne luke, Frano Lueti\u0107, rekao je kako se na letu nalazilo 45 putnika koji prolaze kontrolu zbog opasnosti od zaraze koronavirusom dok je oko 50 putnika odustalo od leta zbog informacije o mogu\u0107em odlasku [&hellip;]","og_url":"https:\/\/likemetkovic.hr\/zrakoplov-sa-45-putnika-iz-rima-sletio-popodne-u-zracnu-luku-dubrovnik\/","og_site_name":"likemetkovic.hr","article_publisher":"https:\/\/www.facebook.com\/likemetkovic.hr\/","article_published_time":"2020-03-10T16:38:04+00:00","article_modified_time":"2020-03-10T16:39:07+00:00","og_image":[{"width":800,"height":450,"url":"https:\/\/likemetkovic.hr\/wp-content\/uploads\/2018\/07\/zra\u010dna-luka-Dubrovnik.jpg","type":"image\/jpeg"}],"author":"LIKEmetkovic.hr","twitter_card":"summary_large_image","twitter_misc":{"Napisao\/la":"LIKEmetkovic.hr","Procijenjeno vrijeme \u010ditanja":"1 minuta"},"schema":{"@context":"https:\/\/schema.org","@graph":[{"@type":"WebPage","@id":"https:\/\/likemetkovic.hr\/zrakoplov-sa-45-putnika-iz-rima-sletio-popodne-u-zracnu-luku-dubrovnik\/","url":"https:\/\/likemetkovic.hr\/zrakoplov-sa-45-putnika-iz-rima-sletio-popodne-u-zracnu-luku-dubrovnik\/","name":"Zrakoplov sa 45 putnika iz Rima sletio popodne u Zra\u010dnu luku Dubrovnik - likemetkovic.hr","isPartOf":{"@id":"https:\/\/likemetkovic.hr\/#website"},"primaryImageOfPage":{"@id":"https:\/\/likemetkovic.hr\/zrakoplov-sa-45-putnika-iz-rima-sletio-popodne-u-zracnu-luku-dubrovnik\/#primaryimage"},"image":{"@id":"https:\/\/likemetkovic.hr\/zrakoplov-sa-45-putnika-iz-rima-sletio-popodne-u-zracnu-luku-dubrovnik\/#primaryimage"},"thumbnailUrl":"https:\/\/likemetkovic.hr\/portal\/wp-content\/uploads\/2018\/07\/zra\u010dna-luka-Dubrovnik.jpg","datePublished":"2020-03-10T16:38:04+00:00","dateModified":"2020-03-10T16:39:07+00:00","author":{"@id":"https:\/\/likemetkovic.hr\/#\/schema\/person\/a42711f3385a0e2be6f7e0443bfb28f0"},"breadcrumb":{"@id":"https:\/\/likemetkovic.hr\/zrakoplov-sa-45-putnika-iz-rima-sletio-popodne-u-zracnu-luku-dubrovnik\/#breadcrumb"},"inLanguage":"hr","potentialAction":[{"@type":"ReadAction","target":["https:\/\/likemetkovic.hr\/zrakoplov-sa-45-putnika-iz-rima-sletio-popodne-u-zracnu-luku-dubrovnik\/"]}]},{"@type":"ImageObject","inLanguage":"hr","@id":"https:\/\/likemetkovic.hr\/zrakoplov-sa-45-putnika-iz-rima-sletio-popodne-u-zracnu-luku-dubrovnik\/#primaryimage","url":"https:\/\/likemetkovic.hr\/portal\/wp-content\/uploads\/2018\/07\/zra\u010dna-luka-Dubrovnik.jpg","contentUrl":"https:\/\/likemetkovic.hr\/portal\/wp-content\/uploads\/2018\/07\/zra\u010dna-luka-Dubrovnik.jpg","width":800,"height":450},{"@type":"BreadcrumbList","@id":"https:\/\/likemetkovic.hr\/zrakoplov-sa-45-putnika-iz-rima-sletio-popodne-u-zracnu-luku-dubrovnik\/#breadcrumb","itemListElement":[{"@type":"ListItem","position":1,"name":"Po\u010detna stranica","item":"https:\/\/likemetkovic.hr\/portal\/"},{"@type":"ListItem","position":2,"name":"Zrakoplov sa 45 putnika iz Rima sletio popodne u Zra\u010dnu luku Dubrovnik"}]},{"@type":"WebSite","@id":"https:\/\/likemetkovic.hr\/#website","url":"https:\/\/likemetkovic.hr\/","name":"likemetkovic.hr","description":"Misli pozitivno... \u010ditaj LIKE","potentialAction":[{"@type":"SearchAction","target":{"@type":"EntryPoint","urlTemplate":"https:\/\/likemetkovic.hr\/?s={search_term_string}"},"query-input":{"@type":"PropertyValueSpecification","valueRequired":true,"valueName":"search_term_string"}}],"inLanguage":"hr"},{"@type":"Person","@id":"https:\/\/likemetkovic.hr\/#\/schema\/person\/a42711f3385a0e2be6f7e0443bfb28f0","name":"LIKEmetkovic.hr","sameAs":["http:\/\/likemetkovic.hr"],"url":"https:\/\/likemetkovic.hr\/portal\/author\/likemetkovic-hr\/"}]}},"_links":{"self":[{"href":"https:\/\/likemetkovic.hr\/portal\/wp-json\/wp\/v2\/posts\/98756","targetHints":{"allow":["GET"]}}],"collection":[{"href":"https:\/\/likemetkovic.hr\/portal\/wp-json\/wp\/v2\/posts"}],"about":[{"href":"https:\/\/likemetkovic.hr\/portal\/wp-json\/wp\/v2\/types\/post"}],"author":[{"embeddable":true,"href":"https:\/\/likemetkovic.hr\/portal\/wp-json\/wp\/v2\/users\/7"}],"replies":[{"embeddable":true,"href":"https:\/\/likemetkovic.hr\/portal\/wp-json\/wp\/v2\/comments?post=98756"}],"version-history":[{"count":0,"href":"https:\/\/likemetkovic.hr\/portal\/wp-json\/wp\/v2\/posts\/98756\/revisions"}],"wp:featuredmedia":[{"embeddable":true,"href":"https:\/\/likemetkovic.hr\/portal\/wp-json\/wp\/v2\/media\/65638"}],"wp:attachment":[{"href":"https:\/\/likemetkovic.hr\/portal\/wp-json\/wp\/v2\/media?parent=98756"}],"wp:term":[{"taxonomy":"category","embeddable":true,"href":"https:\/\/likemetkovic.hr\/portal\/wp-json\/wp\/v2\/categories?post=98756"},{"taxonomy":"post_tag","embeddable":true,"href":"https:\/\/likemetkovic.hr\/portal\/wp-json\/wp\/v2\/tags?post=98756"}],"curies":[{"name":"wp","href":"https:\/\/api.w.org\/{rel}","templated":true}]}}