{"id":9892,"date":"2015-10-02T23:00:06","date_gmt":"2015-10-02T21:00:06","guid":{"rendered":"http:\/\/likemetkovic.hr\/?p=9892"},"modified":"2015-10-03T01:39:09","modified_gmt":"2015-10-02T23:39:09","slug":"vk-neretvanski-gusar-sudjelovao-na-12-vukovarskom-maratonu-osmeraca","status":"publish","type":"post","link":"https:\/\/likemetkovic.hr\/portal\/vk-neretvanski-gusar-sudjelovao-na-12-vukovarskom-maratonu-osmeraca\/","title":{"rendered":"VK Neretvanski Gusar sudjelovao na 12. Vukovarskom maratonu osmeraca"},"content":{"rendered":"<p>U subotu, 26. rujna 2015. godine, VK Neretvanski Gusar sudjelovao je na 12. Vukovarskom maratonu osmeraca, na poziv na\u0161ih prijatelja iz HVK Vukovar. Posada je bila sastavljena od 4 juniora i 4 veterana i posu\u0111enog kormilara iz HVK Vukovar. Odlu\u010dili su da veslaju stazu u du\u017eini od 26 km u kategoriji gradova, ba\u0161 kao i pro\u0161le godine. Gotovo cijelu stazu Dunavom uzvodno puhao je blag sjeverozapadnjak, \u0161to im je povremeno zadavalo probleme, me\u0111utim za razliku od pro\u0161le godi<span class=\"text_exposed_show\">ne, ovaj put je Dunav bio nizak, \u010dak toliko da osmerci nisu mogli u\u0107i u &#8220;Borovski dunavac&#8221;, te smo cijelu utrku veslali Dunavom. Dobro je \u0161to je pri takvom niskom vodostaju matica Dunava spora, te je razlika u vremenu uzvodno i nizvodno neznatna ali je prisutna opasnost od nasukavanja na sprudove i pli\u010dake. Dobro raspore\u0111eni suci na stazi osigurali su siguran prolaz posadama. Na kraju je osvojeno drugo mjesto u konkurenciji gradova , te sveukopno peto mjesto od ukupno osam posada. Obzirom da nisu zajedno iza\u0161li na vodu niti jednom prije maratona, mogu biti zadovoljni, ali isto tako isti\u010du da \u0107emo uvijek dolaziti u Vukovar na ovaj maraton, ipak je to ne\u0161to vi\u0161e od samog veslanja. Tako\u0111er, VK Neretvanski Gusar zahvaljuje se doma\u0107inu na izvrsnom gostoprimstvu.<\/span><\/p>\n<p><span class=\"text_exposed_show\">\u00a0<\/span><\/p>\n","protected":false},"excerpt":{"rendered":"<p>U subotu, 26. rujna 2015. godine, VK Neretvanski Gusar sudjelovao je na 12. Vukovarskom maratonu osmeraca, na poziv na\u0161ih prijatelja iz HVK Vukovar. Posada je bila sastavljena od 4 juniora i 4 veterana i posu\u0111enog kormilara iz HVK Vukovar. Odlu\u010dili su da veslaju stazu u du\u017eini od 26 km u kategoriji gradova, ba\u0161 kao i [&hellip;]<\/p>\n","protected":false},"author":7,"featured_media":9893,"comment_status":"closed","ping_status":"closed","sticky":false,"template":"","format":"standard","meta":{"footnotes":""},"categories":[35],"tags":[],"class_list":{"0":"post-9892","1":"post","2":"type-post","3":"status-publish","4":"format-standard","5":"has-post-thumbnail","7":"category-veslanje"},"yoast_head":"<!-- This site is optimized with the Yoast SEO plugin v25.2 - https:\/\/yoast.com\/wordpress\/plugins\/seo\/ -->\n<title>VK Neretvanski Gusar sudjelovao na 12. Vukovarskom maratonu osmeraca<\/title>\n<meta name=\"robots\" content=\"index, follow, max-snippet:-1, max-image-preview:large, max-video-preview:-1\" \/>\n<link rel=\"canonical\" href=\"https:\/\/likemetkovic.hr\/vk-neretvanski-gusar-sudjelovao-na-12-vukovarskom-maratonu-osmeraca\/\" \/>\n<meta property=\"og:locale\" content=\"hr_HR\" \/>\n<meta property=\"og:type\" content=\"article\" \/>\n<meta property=\"og:title\" content=\"VK Neretvanski Gusar sudjelovao na 12. Vukovarskom maratonu osmeraca\" \/>\n<meta property=\"og:description\" content=\"U subotu, 26. rujna 2015. godine, VK Neretvanski Gusar sudjelovao je na 12. Vukovarskom maratonu osmeraca, na poziv na\u0161ih prijatelja iz HVK Vukovar. Posada je bila sastavljena od 4 juniora i 4 veterana i posu\u0111enog kormilara iz HVK Vukovar. Odlu\u010dili su da veslaju stazu u du\u017eini od 26 km u kategoriji gradova, ba\u0161 kao i [&hellip;]\" \/>\n<meta property=\"og:url\" content=\"https:\/\/likemetkovic.hr\/vk-neretvanski-gusar-sudjelovao-na-12-vukovarskom-maratonu-osmeraca\/\" \/>\n<meta property=\"og:site_name\" content=\"likemetkovic.hr\" \/>\n<meta property=\"article:publisher\" content=\"https:\/\/www.facebook.com\/likemetkovic.hr\/\" \/>\n<meta property=\"article:published_time\" content=\"2015-10-02T21:00:06+00:00\" \/>\n<meta property=\"article:modified_time\" content=\"2015-10-02T23:39:09+00:00\" \/>\n<meta property=\"og:image\" content=\"https:\/\/likemetkovic.hr\/wp-content\/uploads\/2015\/10\/vk-neretvanski-gusar.jpg\" \/>\n\t<meta property=\"og:image:width\" content=\"700\" \/>\n\t<meta property=\"og:image:height\" content=\"481\" \/>\n\t<meta property=\"og:image:type\" content=\"image\/jpeg\" \/>\n<meta name=\"author\" content=\"LIKEmetkovic.hr\" \/>\n<meta name=\"twitter:card\" content=\"summary_large_image\" \/>\n<meta name=\"twitter:label1\" content=\"Napisao\/la\" \/>\n\t<meta name=\"twitter:data1\" content=\"LIKEmetkovic.hr\" \/>\n\t<meta name=\"twitter:label2\" content=\"Procijenjeno vrijeme \u010ditanja\" \/>\n\t<meta name=\"twitter:data2\" content=\"1 minuta\" \/>\n<script type=\"application\/ld+json\" class=\"yoast-schema-graph\">{\"@context\":\"https:\/\/schema.org\",\"@graph\":[{\"@type\":\"WebPage\",\"@id\":\"https:\/\/likemetkovic.hr\/vk-neretvanski-gusar-sudjelovao-na-12-vukovarskom-maratonu-osmeraca\/\",\"url\":\"https:\/\/likemetkovic.hr\/vk-neretvanski-gusar-sudjelovao-na-12-vukovarskom-maratonu-osmeraca\/\",\"name\":\"VK Neretvanski Gusar sudjelovao na 12. Vukovarskom maratonu osmeraca\",\"isPartOf\":{\"@id\":\"https:\/\/likemetkovic.hr\/#website\"},\"primaryImageOfPage\":{\"@id\":\"https:\/\/likemetkovic.hr\/vk-neretvanski-gusar-sudjelovao-na-12-vukovarskom-maratonu-osmeraca\/#primaryimage\"},\"image\":{\"@id\":\"https:\/\/likemetkovic.hr\/vk-neretvanski-gusar-sudjelovao-na-12-vukovarskom-maratonu-osmeraca\/#primaryimage\"},\"thumbnailUrl\":\"https:\/\/likemetkovic.hr\/portal\/wp-content\/uploads\/2015\/10\/vk-neretvanski-gusar.jpg\",\"datePublished\":\"2015-10-02T21:00:06+00:00\",\"dateModified\":\"2015-10-02T23:39:09+00:00\",\"author\":{\"@id\":\"https:\/\/likemetkovic.hr\/#\/schema\/person\/a42711f3385a0e2be6f7e0443bfb28f0\"},\"breadcrumb\":{\"@id\":\"https:\/\/likemetkovic.hr\/vk-neretvanski-gusar-sudjelovao-na-12-vukovarskom-maratonu-osmeraca\/#breadcrumb\"},\"inLanguage\":\"hr\",\"potentialAction\":[{\"@type\":\"ReadAction\",\"target\":[\"https:\/\/likemetkovic.hr\/vk-neretvanski-gusar-sudjelovao-na-12-vukovarskom-maratonu-osmeraca\/\"]}]},{\"@type\":\"ImageObject\",\"inLanguage\":\"hr\",\"@id\":\"https:\/\/likemetkovic.hr\/vk-neretvanski-gusar-sudjelovao-na-12-vukovarskom-maratonu-osmeraca\/#primaryimage\",\"url\":\"https:\/\/likemetkovic.hr\/portal\/wp-content\/uploads\/2015\/10\/vk-neretvanski-gusar.jpg\",\"contentUrl\":\"https:\/\/likemetkovic.hr\/portal\/wp-content\/uploads\/2015\/10\/vk-neretvanski-gusar.jpg\",\"width\":700,\"height\":481},{\"@type\":\"BreadcrumbList\",\"@id\":\"https:\/\/likemetkovic.hr\/vk-neretvanski-gusar-sudjelovao-na-12-vukovarskom-maratonu-osmeraca\/#breadcrumb\",\"itemListElement\":[{\"@type\":\"ListItem\",\"position\":1,\"name\":\"Po\u010detna stranica\",\"item\":\"https:\/\/likemetkovic.hr\/portal\/\"},{\"@type\":\"ListItem\",\"position\":2,\"name\":\"VK Neretvanski Gusar sudjelovao na 12. Vukovarskom maratonu osmeraca\"}]},{\"@type\":\"WebSite\",\"@id\":\"https:\/\/likemetkovic.hr\/#website\",\"url\":\"https:\/\/likemetkovic.hr\/\",\"name\":\"likemetkovic.hr\",\"description\":\"Misli pozitivno... \u010ditaj LIKE\",\"potentialAction\":[{\"@type\":\"SearchAction\",\"target\":{\"@type\":\"EntryPoint\",\"urlTemplate\":\"https:\/\/likemetkovic.hr\/?s={search_term_string}\"},\"query-input\":{\"@type\":\"PropertyValueSpecification\",\"valueRequired\":true,\"valueName\":\"search_term_string\"}}],\"inLanguage\":\"hr\"},{\"@type\":\"Person\",\"@id\":\"https:\/\/likemetkovic.hr\/#\/schema\/person\/a42711f3385a0e2be6f7e0443bfb28f0\",\"name\":\"LIKEmetkovic.hr\",\"sameAs\":[\"http:\/\/likemetkovic.hr\"],\"url\":\"https:\/\/likemetkovic.hr\/portal\/author\/likemetkovic-hr\/\"}]}<\/script>\n<!-- \/ Yoast SEO plugin. -->","yoast_head_json":{"title":"VK Neretvanski Gusar sudjelovao na 12. Vukovarskom maratonu osmeraca","robots":{"index":"index","follow":"follow","max-snippet":"max-snippet:-1","max-image-preview":"max-image-preview:large","max-video-preview":"max-video-preview:-1"},"canonical":"https:\/\/likemetkovic.hr\/vk-neretvanski-gusar-sudjelovao-na-12-vukovarskom-maratonu-osmeraca\/","og_locale":"hr_HR","og_type":"article","og_title":"VK Neretvanski Gusar sudjelovao na 12. Vukovarskom maratonu osmeraca","og_description":"U subotu, 26. rujna 2015. godine, VK Neretvanski Gusar sudjelovao je na 12. Vukovarskom maratonu osmeraca, na poziv na\u0161ih prijatelja iz HVK Vukovar. Posada je bila sastavljena od 4 juniora i 4 veterana i posu\u0111enog kormilara iz HVK Vukovar. Odlu\u010dili su da veslaju stazu u du\u017eini od 26 km u kategoriji gradova, ba\u0161 kao i [&hellip;]","og_url":"https:\/\/likemetkovic.hr\/vk-neretvanski-gusar-sudjelovao-na-12-vukovarskom-maratonu-osmeraca\/","og_site_name":"likemetkovic.hr","article_publisher":"https:\/\/www.facebook.com\/likemetkovic.hr\/","article_published_time":"2015-10-02T21:00:06+00:00","article_modified_time":"2015-10-02T23:39:09+00:00","og_image":[{"width":700,"height":481,"url":"https:\/\/likemetkovic.hr\/wp-content\/uploads\/2015\/10\/vk-neretvanski-gusar.jpg","type":"image\/jpeg"}],"author":"LIKEmetkovic.hr","twitter_card":"summary_large_image","twitter_misc":{"Napisao\/la":"LIKEmetkovic.hr","Procijenjeno vrijeme \u010ditanja":"1 minuta"},"schema":{"@context":"https:\/\/schema.org","@graph":[{"@type":"WebPage","@id":"https:\/\/likemetkovic.hr\/vk-neretvanski-gusar-sudjelovao-na-12-vukovarskom-maratonu-osmeraca\/","url":"https:\/\/likemetkovic.hr\/vk-neretvanski-gusar-sudjelovao-na-12-vukovarskom-maratonu-osmeraca\/","name":"VK Neretvanski Gusar sudjelovao na 12. Vukovarskom maratonu osmeraca","isPartOf":{"@id":"https:\/\/likemetkovic.hr\/#website"},"primaryImageOfPage":{"@id":"https:\/\/likemetkovic.hr\/vk-neretvanski-gusar-sudjelovao-na-12-vukovarskom-maratonu-osmeraca\/#primaryimage"},"image":{"@id":"https:\/\/likemetkovic.hr\/vk-neretvanski-gusar-sudjelovao-na-12-vukovarskom-maratonu-osmeraca\/#primaryimage"},"thumbnailUrl":"https:\/\/likemetkovic.hr\/portal\/wp-content\/uploads\/2015\/10\/vk-neretvanski-gusar.jpg","datePublished":"2015-10-02T21:00:06+00:00","dateModified":"2015-10-02T23:39:09+00:00","author":{"@id":"https:\/\/likemetkovic.hr\/#\/schema\/person\/a42711f3385a0e2be6f7e0443bfb28f0"},"breadcrumb":{"@id":"https:\/\/likemetkovic.hr\/vk-neretvanski-gusar-sudjelovao-na-12-vukovarskom-maratonu-osmeraca\/#breadcrumb"},"inLanguage":"hr","potentialAction":[{"@type":"ReadAction","target":["https:\/\/likemetkovic.hr\/vk-neretvanski-gusar-sudjelovao-na-12-vukovarskom-maratonu-osmeraca\/"]}]},{"@type":"ImageObject","inLanguage":"hr","@id":"https:\/\/likemetkovic.hr\/vk-neretvanski-gusar-sudjelovao-na-12-vukovarskom-maratonu-osmeraca\/#primaryimage","url":"https:\/\/likemetkovic.hr\/portal\/wp-content\/uploads\/2015\/10\/vk-neretvanski-gusar.jpg","contentUrl":"https:\/\/likemetkovic.hr\/portal\/wp-content\/uploads\/2015\/10\/vk-neretvanski-gusar.jpg","width":700,"height":481},{"@type":"BreadcrumbList","@id":"https:\/\/likemetkovic.hr\/vk-neretvanski-gusar-sudjelovao-na-12-vukovarskom-maratonu-osmeraca\/#breadcrumb","itemListElement":[{"@type":"ListItem","position":1,"name":"Po\u010detna stranica","item":"https:\/\/likemetkovic.hr\/portal\/"},{"@type":"ListItem","position":2,"name":"VK Neretvanski Gusar sudjelovao na 12. Vukovarskom maratonu osmeraca"}]},{"@type":"WebSite","@id":"https:\/\/likemetkovic.hr\/#website","url":"https:\/\/likemetkovic.hr\/","name":"likemetkovic.hr","description":"Misli pozitivno... \u010ditaj LIKE","potentialAction":[{"@type":"SearchAction","target":{"@type":"EntryPoint","urlTemplate":"https:\/\/likemetkovic.hr\/?s={search_term_string}"},"query-input":{"@type":"PropertyValueSpecification","valueRequired":true,"valueName":"search_term_string"}}],"inLanguage":"hr"},{"@type":"Person","@id":"https:\/\/likemetkovic.hr\/#\/schema\/person\/a42711f3385a0e2be6f7e0443bfb28f0","name":"LIKEmetkovic.hr","sameAs":["http:\/\/likemetkovic.hr"],"url":"https:\/\/likemetkovic.hr\/portal\/author\/likemetkovic-hr\/"}]}},"_links":{"self":[{"href":"https:\/\/likemetkovic.hr\/portal\/wp-json\/wp\/v2\/posts\/9892","targetHints":{"allow":["GET"]}}],"collection":[{"href":"https:\/\/likemetkovic.hr\/portal\/wp-json\/wp\/v2\/posts"}],"about":[{"href":"https:\/\/likemetkovic.hr\/portal\/wp-json\/wp\/v2\/types\/post"}],"author":[{"embeddable":true,"href":"https:\/\/likemetkovic.hr\/portal\/wp-json\/wp\/v2\/users\/7"}],"replies":[{"embeddable":true,"href":"https:\/\/likemetkovic.hr\/portal\/wp-json\/wp\/v2\/comments?post=9892"}],"version-history":[{"count":0,"href":"https:\/\/likemetkovic.hr\/portal\/wp-json\/wp\/v2\/posts\/9892\/revisions"}],"wp:featuredmedia":[{"embeddable":true,"href":"https:\/\/likemetkovic.hr\/portal\/wp-json\/wp\/v2\/media\/9893"}],"wp:attachment":[{"href":"https:\/\/likemetkovic.hr\/portal\/wp-json\/wp\/v2\/media?parent=9892"}],"wp:term":[{"taxonomy":"category","embeddable":true,"href":"https:\/\/likemetkovic.hr\/portal\/wp-json\/wp\/v2\/categories?post=9892"},{"taxonomy":"post_tag","embeddable":true,"href":"https:\/\/likemetkovic.hr\/portal\/wp-json\/wp\/v2\/tags?post=9892"}],"curies":[{"name":"wp","href":"https:\/\/api.w.org\/{rel}","templated":true}]}}