{"id":99073,"date":"2020-03-19T09:43:31","date_gmt":"2020-03-19T08:43:31","guid":{"rendered":"https:\/\/likemetkovic.hr\/?p=99073"},"modified":"2020-03-19T11:40:46","modified_gmt":"2020-03-19T10:40:46","slug":"potvrden-prvi-slucaj-koronavirusa-u-dubrovniku","status":"publish","type":"post","link":"https:\/\/likemetkovic.hr\/portal\/potvrden-prvi-slucaj-koronavirusa-u-dubrovniku\/","title":{"rendered":"STO\u017dER DN\u017d Potvr\u0111en prvi slu\u010daj koronavirusa u Dubrovniku"},"content":{"rendered":"<p><a href=\"http:\/\/www.edubrovnik.org\/novosti\/priopcenje-stozera-civilne-zastite-dnz-19-ozujka-2020-godine\/\" target=\"_blank\" rel=\"noopener noreferrer\">Sto\u017eer civilne za\u0161tite DN\u017d<\/a> obavje\u0161tava javnost da je jedan od uzoraka upu\u0107enih iz Op\u0107e bolnice Dubrovnik na analizu u Zagreb pozitivan na koronavirus. To je prvi pozitivan nalaz nakon 15 poslanih uzoraka.<\/p>\n<p>Radi o osobi srednjih godina koja je hospitalizirana te da se nalazi u izolacijskoj jedinici OB Dubrovnik. Prema slu\u017ebenim izjavama, \u017eena je dobrog zdravstvenog stanja, a potvr\u0111eno je kako je rije\u010d o 54-godi\u0161njoj \u010dista\u010dici Zra\u010dne luke Dubrovnik.<\/p>\n<p>Ravnatelj OB Dubrovnik Marijo Beki\u0107 kazao je kako se \u017eena koja je 1966. godi\u0161te nalazi u bolni\u010dkoj jedinici za samoizolaciju te je hospitalizirana u subotu.<\/p>\n<p>Ravatelj \u017eupanijskog Zavoda za javno zdravstvo Mato Laki\u0107 rekao je da se trenutno obra\u0111uju svi kontakti zara\u017eene osobe.<\/p>\n<p>&#8211; Ne mo\u017eemo to\u010dno znati gdje se zarazila, to istra\u017eujemo. Tisu\u0107e gostiju dolaze u Dubrovnik i te\u0161ko je znati je li netko bio pozitivan ili ne. Pratimo situaciju. Napravit \u0107emo sve da smanjimo mogu\u0107nost \u0161irenja. O\u010dekujemo jo\u0161 ve\u0107i broj zara\u017eenih, ali va\u017eno je da se radi na usporavanju broja zara\u017eenih &#8211; komenirao je Laki\u0107.<\/p>\n<p>Na\u010delnik \u017eupanijskog sto\u017eera zamjenik \u017eupana Jo\u0161ko Cebalo rekao je kako je jo\u0161 dvoje ljudi smje\u0161teno u karantenu.<\/p>\n<p>&#8211; Tijekom no\u0107i dr\u017eavljanka Gr\u010dke i jedan dr\u017eavljanin Albanije su zate\u010deni na GP Klek te su preba\u010deni u karantenski smje\u0161taj. Molimo ljude da se pridr\u017eavaju uputa i ograni\u010denja jer ako do\u0111e do kr\u0161enja reagirat \u0107e komunalni redari, inspektori, a i policajci ako treba &#8211; zaklju\u010dio je zamjenik Jo\u0161ko Cebalo.<\/p>\n<p>&#8211; Nismo previ\u0161e iznena\u0111eni jer smo znali da ne mo\u017eemo ostati otok. Inzistiramo i dalje na mjerama koje je utvrdio Sto\u017eer te pozivam gra\u0111ane da se strogo pridr\u017eavaju jer to je jedini na\u010din da se zaraza uspori &#8211; kazao je \u017eupan Dobroslavi\u0107 dodav\u0161i kako je Sto\u017eer civilne za\u0161tite u kontaktu s Zra\u010dnom lukom Dubrovnik.<\/p>\n<p>Ovo saznanje samo potvr\u0111uje nu\u017enost pridr\u017eavanja mjera propisanih od strane Nacionalnog sto\u017eera civilne za\u0161tite RH.<\/p>\n","protected":false},"excerpt":{"rendered":"<p>Sto\u017eer civilne za\u0161tite DN\u017d obavje\u0161tava javnost da je jedan od uzoraka upu\u0107enih iz Op\u0107e bolnice Dubrovnik na analizu u Zagreb pozitivan na koronavirus. To je prvi pozitivan nalaz nakon 15 poslanih uzoraka. Radi o osobi srednjih godina koja je hospitalizirana te da se nalazi u izolacijskoj jedinici OB Dubrovnik. Prema slu\u017ebenim izjavama, \u017eena je dobrog [&hellip;]<\/p>\n","protected":false},"author":7,"featured_media":71431,"comment_status":"open","ping_status":"open","sticky":false,"template":"","format":"standard","meta":{"footnotes":""},"categories":[283,300],"tags":[664,6820],"class_list":{"0":"post-99073","1":"post","2":"type-post","3":"status-publish","4":"format-standard","5":"has-post-thumbnail","7":"category-a","8":"category-zupanija","9":"tag-dubrovnik","10":"tag-koronavirus"},"yoast_head":"<!-- This site is optimized with the Yoast SEO plugin v25.2 - https:\/\/yoast.com\/wordpress\/plugins\/seo\/ -->\n<title>STO\u017dER DN\u017d Potvr\u0111en prvi slu\u010daj koronavirusa u Dubrovniku - likemetkovic.hr<\/title>\n<meta name=\"robots\" content=\"index, follow, max-snippet:-1, max-image-preview:large, max-video-preview:-1\" \/>\n<link rel=\"canonical\" href=\"https:\/\/likemetkovic.hr\/potvrden-prvi-slucaj-koronavirusa-u-dubrovniku\/\" \/>\n<meta property=\"og:locale\" content=\"hr_HR\" \/>\n<meta property=\"og:type\" content=\"article\" \/>\n<meta property=\"og:title\" content=\"STO\u017dER DN\u017d Potvr\u0111en prvi slu\u010daj koronavirusa u Dubrovniku - likemetkovic.hr\" \/>\n<meta property=\"og:description\" content=\"Sto\u017eer civilne za\u0161tite DN\u017d obavje\u0161tava javnost da je jedan od uzoraka upu\u0107enih iz Op\u0107e bolnice Dubrovnik na analizu u Zagreb pozitivan na koronavirus. To je prvi pozitivan nalaz nakon 15 poslanih uzoraka. Radi o osobi srednjih godina koja je hospitalizirana te da se nalazi u izolacijskoj jedinici OB Dubrovnik. Prema slu\u017ebenim izjavama, \u017eena je dobrog [&hellip;]\" \/>\n<meta property=\"og:url\" content=\"https:\/\/likemetkovic.hr\/potvrden-prvi-slucaj-koronavirusa-u-dubrovniku\/\" \/>\n<meta property=\"og:site_name\" content=\"likemetkovic.hr\" \/>\n<meta property=\"article:publisher\" content=\"https:\/\/www.facebook.com\/likemetkovic.hr\/\" \/>\n<meta property=\"article:published_time\" content=\"2020-03-19T08:43:31+00:00\" \/>\n<meta property=\"article:modified_time\" content=\"2020-03-19T10:40:46+00:00\" \/>\n<meta property=\"og:image\" content=\"https:\/\/likemetkovic.hr\/wp-content\/uploads\/2018\/11\/bolnica-dubrovnik_edited.jpg\" \/>\n\t<meta property=\"og:image:width\" content=\"800\" \/>\n\t<meta property=\"og:image:height\" content=\"600\" \/>\n\t<meta property=\"og:image:type\" content=\"image\/jpeg\" \/>\n<meta name=\"author\" content=\"LIKEmetkovic.hr\" \/>\n<meta name=\"twitter:card\" content=\"summary_large_image\" \/>\n<meta name=\"twitter:label1\" content=\"Napisao\/la\" \/>\n\t<meta name=\"twitter:data1\" content=\"LIKEmetkovic.hr\" \/>\n\t<meta name=\"twitter:label2\" content=\"Procijenjeno vrijeme \u010ditanja\" \/>\n\t<meta name=\"twitter:data2\" content=\"2 minute\" \/>\n<script type=\"application\/ld+json\" class=\"yoast-schema-graph\">{\"@context\":\"https:\/\/schema.org\",\"@graph\":[{\"@type\":\"WebPage\",\"@id\":\"https:\/\/likemetkovic.hr\/potvrden-prvi-slucaj-koronavirusa-u-dubrovniku\/\",\"url\":\"https:\/\/likemetkovic.hr\/potvrden-prvi-slucaj-koronavirusa-u-dubrovniku\/\",\"name\":\"STO\u017dER DN\u017d Potvr\u0111en prvi slu\u010daj koronavirusa u Dubrovniku - likemetkovic.hr\",\"isPartOf\":{\"@id\":\"https:\/\/likemetkovic.hr\/#website\"},\"primaryImageOfPage\":{\"@id\":\"https:\/\/likemetkovic.hr\/potvrden-prvi-slucaj-koronavirusa-u-dubrovniku\/#primaryimage\"},\"image\":{\"@id\":\"https:\/\/likemetkovic.hr\/potvrden-prvi-slucaj-koronavirusa-u-dubrovniku\/#primaryimage\"},\"thumbnailUrl\":\"https:\/\/likemetkovic.hr\/portal\/wp-content\/uploads\/2018\/11\/bolnica-dubrovnik_edited.jpg\",\"datePublished\":\"2020-03-19T08:43:31+00:00\",\"dateModified\":\"2020-03-19T10:40:46+00:00\",\"author\":{\"@id\":\"https:\/\/likemetkovic.hr\/#\/schema\/person\/a42711f3385a0e2be6f7e0443bfb28f0\"},\"breadcrumb\":{\"@id\":\"https:\/\/likemetkovic.hr\/potvrden-prvi-slucaj-koronavirusa-u-dubrovniku\/#breadcrumb\"},\"inLanguage\":\"hr\",\"potentialAction\":[{\"@type\":\"ReadAction\",\"target\":[\"https:\/\/likemetkovic.hr\/potvrden-prvi-slucaj-koronavirusa-u-dubrovniku\/\"]}]},{\"@type\":\"ImageObject\",\"inLanguage\":\"hr\",\"@id\":\"https:\/\/likemetkovic.hr\/potvrden-prvi-slucaj-koronavirusa-u-dubrovniku\/#primaryimage\",\"url\":\"https:\/\/likemetkovic.hr\/portal\/wp-content\/uploads\/2018\/11\/bolnica-dubrovnik_edited.jpg\",\"contentUrl\":\"https:\/\/likemetkovic.hr\/portal\/wp-content\/uploads\/2018\/11\/bolnica-dubrovnik_edited.jpg\",\"width\":800,\"height\":600},{\"@type\":\"BreadcrumbList\",\"@id\":\"https:\/\/likemetkovic.hr\/potvrden-prvi-slucaj-koronavirusa-u-dubrovniku\/#breadcrumb\",\"itemListElement\":[{\"@type\":\"ListItem\",\"position\":1,\"name\":\"Po\u010detna stranica\",\"item\":\"https:\/\/likemetkovic.hr\/portal\/\"},{\"@type\":\"ListItem\",\"position\":2,\"name\":\"STO\u017dER DN\u017d Potvr\u0111en prvi slu\u010daj koronavirusa u Dubrovniku\"}]},{\"@type\":\"WebSite\",\"@id\":\"https:\/\/likemetkovic.hr\/#website\",\"url\":\"https:\/\/likemetkovic.hr\/\",\"name\":\"likemetkovic.hr\",\"description\":\"Misli pozitivno... \u010ditaj LIKE\",\"potentialAction\":[{\"@type\":\"SearchAction\",\"target\":{\"@type\":\"EntryPoint\",\"urlTemplate\":\"https:\/\/likemetkovic.hr\/?s={search_term_string}\"},\"query-input\":{\"@type\":\"PropertyValueSpecification\",\"valueRequired\":true,\"valueName\":\"search_term_string\"}}],\"inLanguage\":\"hr\"},{\"@type\":\"Person\",\"@id\":\"https:\/\/likemetkovic.hr\/#\/schema\/person\/a42711f3385a0e2be6f7e0443bfb28f0\",\"name\":\"LIKEmetkovic.hr\",\"sameAs\":[\"http:\/\/likemetkovic.hr\"],\"url\":\"https:\/\/likemetkovic.hr\/portal\/author\/likemetkovic-hr\/\"}]}<\/script>\n<!-- \/ Yoast SEO plugin. -->","yoast_head_json":{"title":"STO\u017dER DN\u017d Potvr\u0111en prvi slu\u010daj koronavirusa u Dubrovniku - likemetkovic.hr","robots":{"index":"index","follow":"follow","max-snippet":"max-snippet:-1","max-image-preview":"max-image-preview:large","max-video-preview":"max-video-preview:-1"},"canonical":"https:\/\/likemetkovic.hr\/potvrden-prvi-slucaj-koronavirusa-u-dubrovniku\/","og_locale":"hr_HR","og_type":"article","og_title":"STO\u017dER DN\u017d Potvr\u0111en prvi slu\u010daj koronavirusa u Dubrovniku - likemetkovic.hr","og_description":"Sto\u017eer civilne za\u0161tite DN\u017d obavje\u0161tava javnost da je jedan od uzoraka upu\u0107enih iz Op\u0107e bolnice Dubrovnik na analizu u Zagreb pozitivan na koronavirus. To je prvi pozitivan nalaz nakon 15 poslanih uzoraka. Radi o osobi srednjih godina koja je hospitalizirana te da se nalazi u izolacijskoj jedinici OB Dubrovnik. Prema slu\u017ebenim izjavama, \u017eena je dobrog [&hellip;]","og_url":"https:\/\/likemetkovic.hr\/potvrden-prvi-slucaj-koronavirusa-u-dubrovniku\/","og_site_name":"likemetkovic.hr","article_publisher":"https:\/\/www.facebook.com\/likemetkovic.hr\/","article_published_time":"2020-03-19T08:43:31+00:00","article_modified_time":"2020-03-19T10:40:46+00:00","og_image":[{"width":800,"height":600,"url":"https:\/\/likemetkovic.hr\/wp-content\/uploads\/2018\/11\/bolnica-dubrovnik_edited.jpg","type":"image\/jpeg"}],"author":"LIKEmetkovic.hr","twitter_card":"summary_large_image","twitter_misc":{"Napisao\/la":"LIKEmetkovic.hr","Procijenjeno vrijeme \u010ditanja":"2 minute"},"schema":{"@context":"https:\/\/schema.org","@graph":[{"@type":"WebPage","@id":"https:\/\/likemetkovic.hr\/potvrden-prvi-slucaj-koronavirusa-u-dubrovniku\/","url":"https:\/\/likemetkovic.hr\/potvrden-prvi-slucaj-koronavirusa-u-dubrovniku\/","name":"STO\u017dER DN\u017d Potvr\u0111en prvi slu\u010daj koronavirusa u Dubrovniku - likemetkovic.hr","isPartOf":{"@id":"https:\/\/likemetkovic.hr\/#website"},"primaryImageOfPage":{"@id":"https:\/\/likemetkovic.hr\/potvrden-prvi-slucaj-koronavirusa-u-dubrovniku\/#primaryimage"},"image":{"@id":"https:\/\/likemetkovic.hr\/potvrden-prvi-slucaj-koronavirusa-u-dubrovniku\/#primaryimage"},"thumbnailUrl":"https:\/\/likemetkovic.hr\/portal\/wp-content\/uploads\/2018\/11\/bolnica-dubrovnik_edited.jpg","datePublished":"2020-03-19T08:43:31+00:00","dateModified":"2020-03-19T10:40:46+00:00","author":{"@id":"https:\/\/likemetkovic.hr\/#\/schema\/person\/a42711f3385a0e2be6f7e0443bfb28f0"},"breadcrumb":{"@id":"https:\/\/likemetkovic.hr\/potvrden-prvi-slucaj-koronavirusa-u-dubrovniku\/#breadcrumb"},"inLanguage":"hr","potentialAction":[{"@type":"ReadAction","target":["https:\/\/likemetkovic.hr\/potvrden-prvi-slucaj-koronavirusa-u-dubrovniku\/"]}]},{"@type":"ImageObject","inLanguage":"hr","@id":"https:\/\/likemetkovic.hr\/potvrden-prvi-slucaj-koronavirusa-u-dubrovniku\/#primaryimage","url":"https:\/\/likemetkovic.hr\/portal\/wp-content\/uploads\/2018\/11\/bolnica-dubrovnik_edited.jpg","contentUrl":"https:\/\/likemetkovic.hr\/portal\/wp-content\/uploads\/2018\/11\/bolnica-dubrovnik_edited.jpg","width":800,"height":600},{"@type":"BreadcrumbList","@id":"https:\/\/likemetkovic.hr\/potvrden-prvi-slucaj-koronavirusa-u-dubrovniku\/#breadcrumb","itemListElement":[{"@type":"ListItem","position":1,"name":"Po\u010detna stranica","item":"https:\/\/likemetkovic.hr\/portal\/"},{"@type":"ListItem","position":2,"name":"STO\u017dER DN\u017d Potvr\u0111en prvi slu\u010daj koronavirusa u Dubrovniku"}]},{"@type":"WebSite","@id":"https:\/\/likemetkovic.hr\/#website","url":"https:\/\/likemetkovic.hr\/","name":"likemetkovic.hr","description":"Misli pozitivno... \u010ditaj LIKE","potentialAction":[{"@type":"SearchAction","target":{"@type":"EntryPoint","urlTemplate":"https:\/\/likemetkovic.hr\/?s={search_term_string}"},"query-input":{"@type":"PropertyValueSpecification","valueRequired":true,"valueName":"search_term_string"}}],"inLanguage":"hr"},{"@type":"Person","@id":"https:\/\/likemetkovic.hr\/#\/schema\/person\/a42711f3385a0e2be6f7e0443bfb28f0","name":"LIKEmetkovic.hr","sameAs":["http:\/\/likemetkovic.hr"],"url":"https:\/\/likemetkovic.hr\/portal\/author\/likemetkovic-hr\/"}]}},"_links":{"self":[{"href":"https:\/\/likemetkovic.hr\/portal\/wp-json\/wp\/v2\/posts\/99073","targetHints":{"allow":["GET"]}}],"collection":[{"href":"https:\/\/likemetkovic.hr\/portal\/wp-json\/wp\/v2\/posts"}],"about":[{"href":"https:\/\/likemetkovic.hr\/portal\/wp-json\/wp\/v2\/types\/post"}],"author":[{"embeddable":true,"href":"https:\/\/likemetkovic.hr\/portal\/wp-json\/wp\/v2\/users\/7"}],"replies":[{"embeddable":true,"href":"https:\/\/likemetkovic.hr\/portal\/wp-json\/wp\/v2\/comments?post=99073"}],"version-history":[{"count":0,"href":"https:\/\/likemetkovic.hr\/portal\/wp-json\/wp\/v2\/posts\/99073\/revisions"}],"wp:featuredmedia":[{"embeddable":true,"href":"https:\/\/likemetkovic.hr\/portal\/wp-json\/wp\/v2\/media\/71431"}],"wp:attachment":[{"href":"https:\/\/likemetkovic.hr\/portal\/wp-json\/wp\/v2\/media?parent=99073"}],"wp:term":[{"taxonomy":"category","embeddable":true,"href":"https:\/\/likemetkovic.hr\/portal\/wp-json\/wp\/v2\/categories?post=99073"},{"taxonomy":"post_tag","embeddable":true,"href":"https:\/\/likemetkovic.hr\/portal\/wp-json\/wp\/v2\/tags?post=99073"}],"curies":[{"name":"wp","href":"https:\/\/api.w.org\/{rel}","templated":true}]}}