{"id":99137,"date":"2020-03-20T11:27:10","date_gmt":"2020-03-20T10:27:10","guid":{"rendered":"https:\/\/likemetkovic.hr\/?p=99137"},"modified":"2020-03-20T11:27:10","modified_gmt":"2020-03-20T10:27:10","slug":"zupanijski-stozer-potvrden-je-i-drugi-slucaj-koronavirsa-u-dubrovacko-neretvanskoj-zupaniji","status":"publish","type":"post","link":"https:\/\/likemetkovic.hr\/portal\/zupanijski-stozer-potvrden-je-i-drugi-slucaj-koronavirsa-u-dubrovacko-neretvanskoj-zupaniji\/","title":{"rendered":"\u017dUPANIJSKI STO\u017dER Potvr\u0111en je i drugi slu\u010daj koronavirsa u Dubrova\u010dko-neretvanskoj \u017eupaniji"},"content":{"rendered":"<p>U 11 sati ispred OB Dubrovnik odr\u017eana je konferencija za medije \u017eupanijskog Sto\u017eera civilne za\u0161tite na kojoj je potvr\u0111en drugi slu\u010daj koronavirusa u Dubrova\u010dko-neretvanskoj \u017eupaniji. Rije\u010d je o Dubrov\u010daninu (1955.) koji se vratio s odmora iz Bugarske koji je hospitaliziran u OB Dubrovnik, rekao je prvi \u010dovjek sto\u017eera Jo\u0161ko Cebalo.<\/p>\n<p>Ravnatelj dubrova\u010dke bolnice je izvijestio da su oba zara\u017eena pacijaenta su zbrinuta na odjelu za infektologiju OB Dubrovnik\u00a0 i dobro se osje\u0107aju. Odjel D bolnice je potpuno ispra\u017enjen i izoliran i ne mo\u017ee se izvana u njega pristupiti. Pred bolnicom \u0107e sutra biti monta\u017eni objekt za prijem osoba s respiratornim problemima.<\/p>\n<p>Ukupno je upu\u0107eno je 48 uzoraka na testiranje na koronavirus \u010diji se rezultati se o\u010dekuju. Testirana su i 32 zaposlenika OB Dubrovnik od kojih je do sada je stiglo 18 rezultata i svi su negativni.<\/p>\n<p>Zatvorena Zra\u010dna luka Dubrovnik, djelatnici su testirani, \u010dekaju se rezultati za 14 uzoraka, do sada je 18 negativno.<\/p>\n<p>Scveukiupno je u samoizolaciji 311 osoba na podru\u010dju \u017eupanije. U proteklom razdoblju bilo je 30 prijava o nepo\u0161tivanju rje\u0161enja o samoizolaciji, a u 3 slu\u010daja utvr\u0111eno da su bila i prekr\u0161ena.<\/p>\n<p>Tranzitni promet kroz neumski koridor se odvije nesmetano uz predo\u010denje osobne iskaznice i nezaustavljanja u Neumu.<\/p>\n<p>&#8211; Situacija u \u017dupaniji je epidemiolo\u0161ki dobra, sugra\u0111ani i gospodarstvenici se pona\u0161aju odgovorno &#8211; zaklju\u010dio je \u017eupan.<\/p>\n<p>Jo\u0161 jednom je nagla\u0161ena va\u017enost pridr\u017eavanja svih uputa: o samoizolaciji, ostanku u ku\u0107ama, nezadr\u017eavanju u javnom prostoru i neokupljanu u ve\u0107im skupinama, pridr\u017eavanju zabrana rada pojedinih djelatnosti. Starije osobe i osobe koje su u rizi\u010dnoj skupini jo\u0161 jednom se pozivaju da ostanu u svojim ku\u0107ama.<\/p>\n","protected":false},"excerpt":{"rendered":"<p>U 11 sati ispred OB Dubrovnik odr\u017eana je konferencija za medije \u017eupanijskog Sto\u017eera civilne za\u0161tite na kojoj je potvr\u0111en drugi slu\u010daj koronavirusa u Dubrova\u010dko-neretvanskoj \u017eupaniji. Rije\u010d je o Dubrov\u010daninu (1955.) koji se vratio s odmora iz Bugarske koji je hospitaliziran u OB Dubrovnik, rekao je prvi \u010dovjek sto\u017eera Jo\u0161ko Cebalo. Ravnatelj dubrova\u010dke bolnice je izvijestio [&hellip;]<\/p>\n","protected":false},"author":9,"featured_media":99138,"comment_status":"open","ping_status":"open","sticky":false,"template":"","format":"standard","meta":{"footnotes":""},"categories":[283,300],"tags":[6820,7107],"class_list":{"0":"post-99137","1":"post","2":"type-post","3":"status-publish","4":"format-standard","5":"has-post-thumbnail","7":"category-a","8":"category-zupanija","9":"tag-koronavirus","10":"tag-stozer-civilne-zastite-dnz"},"yoast_head":"<!-- This site is optimized with the Yoast SEO plugin v25.2 - https:\/\/yoast.com\/wordpress\/plugins\/seo\/ -->\n<title>\u017dUPANIJSKI STO\u017dER Potvr\u0111en je i drugi slu\u010daj koronavirsa u Dubrova\u010dko-neretvanskoj \u017eupaniji - likemetkovic.hr<\/title>\n<meta name=\"robots\" content=\"index, follow, max-snippet:-1, max-image-preview:large, max-video-preview:-1\" \/>\n<link rel=\"canonical\" href=\"https:\/\/likemetkovic.hr\/zupanijski-stozer-potvrden-je-i-drugi-slucaj-koronavirsa-u-dubrovacko-neretvanskoj-zupaniji\/\" \/>\n<meta property=\"og:locale\" content=\"hr_HR\" \/>\n<meta property=\"og:type\" content=\"article\" \/>\n<meta property=\"og:title\" content=\"\u017dUPANIJSKI STO\u017dER Potvr\u0111en je i drugi slu\u010daj koronavirsa u Dubrova\u010dko-neretvanskoj \u017eupaniji - likemetkovic.hr\" \/>\n<meta property=\"og:description\" content=\"U 11 sati ispred OB Dubrovnik odr\u017eana je konferencija za medije \u017eupanijskog Sto\u017eera civilne za\u0161tite na kojoj je potvr\u0111en drugi slu\u010daj koronavirusa u Dubrova\u010dko-neretvanskoj \u017eupaniji. Rije\u010d je o Dubrov\u010daninu (1955.) koji se vratio s odmora iz Bugarske koji je hospitaliziran u OB Dubrovnik, rekao je prvi \u010dovjek sto\u017eera Jo\u0161ko Cebalo. Ravnatelj dubrova\u010dke bolnice je izvijestio [&hellip;]\" \/>\n<meta property=\"og:url\" content=\"https:\/\/likemetkovic.hr\/zupanijski-stozer-potvrden-je-i-drugi-slucaj-koronavirsa-u-dubrovacko-neretvanskoj-zupaniji\/\" \/>\n<meta property=\"og:site_name\" content=\"likemetkovic.hr\" \/>\n<meta property=\"article:publisher\" content=\"https:\/\/www.facebook.com\/likemetkovic.hr\/\" \/>\n<meta property=\"article:published_time\" content=\"2020-03-20T10:27:10+00:00\" \/>\n<meta property=\"og:image\" content=\"https:\/\/likemetkovic.hr\/wp-content\/uploads\/2020\/03\/cebalo-stozer-civilne-zastite-dn\u017e.jpg\" \/>\n\t<meta property=\"og:image:width\" content=\"800\" \/>\n\t<meta property=\"og:image:height\" content=\"533\" \/>\n\t<meta property=\"og:image:type\" content=\"image\/jpeg\" \/>\n<meta name=\"author\" content=\"K. J.\" \/>\n<meta name=\"twitter:card\" content=\"summary_large_image\" \/>\n<meta name=\"twitter:label1\" content=\"Napisao\/la\" \/>\n\t<meta name=\"twitter:data1\" content=\"K. J.\" \/>\n\t<meta name=\"twitter:label2\" content=\"Procijenjeno vrijeme \u010ditanja\" \/>\n\t<meta name=\"twitter:data2\" content=\"1 minuta\" \/>\n<script type=\"application\/ld+json\" class=\"yoast-schema-graph\">{\"@context\":\"https:\/\/schema.org\",\"@graph\":[{\"@type\":\"WebPage\",\"@id\":\"https:\/\/likemetkovic.hr\/zupanijski-stozer-potvrden-je-i-drugi-slucaj-koronavirsa-u-dubrovacko-neretvanskoj-zupaniji\/\",\"url\":\"https:\/\/likemetkovic.hr\/zupanijski-stozer-potvrden-je-i-drugi-slucaj-koronavirsa-u-dubrovacko-neretvanskoj-zupaniji\/\",\"name\":\"\u017dUPANIJSKI STO\u017dER Potvr\u0111en je i drugi slu\u010daj koronavirsa u Dubrova\u010dko-neretvanskoj \u017eupaniji - likemetkovic.hr\",\"isPartOf\":{\"@id\":\"https:\/\/likemetkovic.hr\/#website\"},\"primaryImageOfPage\":{\"@id\":\"https:\/\/likemetkovic.hr\/zupanijski-stozer-potvrden-je-i-drugi-slucaj-koronavirsa-u-dubrovacko-neretvanskoj-zupaniji\/#primaryimage\"},\"image\":{\"@id\":\"https:\/\/likemetkovic.hr\/zupanijski-stozer-potvrden-je-i-drugi-slucaj-koronavirsa-u-dubrovacko-neretvanskoj-zupaniji\/#primaryimage\"},\"thumbnailUrl\":\"https:\/\/likemetkovic.hr\/portal\/wp-content\/uploads\/2020\/03\/cebalo-stozer-civilne-zastite-dn\u017e.jpg\",\"datePublished\":\"2020-03-20T10:27:10+00:00\",\"author\":{\"@id\":\"https:\/\/likemetkovic.hr\/#\/schema\/person\/0a8b4ebfdfe1ff01192dccda40c5da0c\"},\"breadcrumb\":{\"@id\":\"https:\/\/likemetkovic.hr\/zupanijski-stozer-potvrden-je-i-drugi-slucaj-koronavirsa-u-dubrovacko-neretvanskoj-zupaniji\/#breadcrumb\"},\"inLanguage\":\"hr\",\"potentialAction\":[{\"@type\":\"ReadAction\",\"target\":[\"https:\/\/likemetkovic.hr\/zupanijski-stozer-potvrden-je-i-drugi-slucaj-koronavirsa-u-dubrovacko-neretvanskoj-zupaniji\/\"]}]},{\"@type\":\"ImageObject\",\"inLanguage\":\"hr\",\"@id\":\"https:\/\/likemetkovic.hr\/zupanijski-stozer-potvrden-je-i-drugi-slucaj-koronavirsa-u-dubrovacko-neretvanskoj-zupaniji\/#primaryimage\",\"url\":\"https:\/\/likemetkovic.hr\/portal\/wp-content\/uploads\/2020\/03\/cebalo-stozer-civilne-zastite-dn\u017e.jpg\",\"contentUrl\":\"https:\/\/likemetkovic.hr\/portal\/wp-content\/uploads\/2020\/03\/cebalo-stozer-civilne-zastite-dn\u017e.jpg\",\"width\":800,\"height\":533},{\"@type\":\"BreadcrumbList\",\"@id\":\"https:\/\/likemetkovic.hr\/zupanijski-stozer-potvrden-je-i-drugi-slucaj-koronavirsa-u-dubrovacko-neretvanskoj-zupaniji\/#breadcrumb\",\"itemListElement\":[{\"@type\":\"ListItem\",\"position\":1,\"name\":\"Po\u010detna stranica\",\"item\":\"https:\/\/likemetkovic.hr\/portal\/\"},{\"@type\":\"ListItem\",\"position\":2,\"name\":\"\u017dUPANIJSKI STO\u017dER Potvr\u0111en je i drugi slu\u010daj koronavirsa u Dubrova\u010dko-neretvanskoj \u017eupaniji\"}]},{\"@type\":\"WebSite\",\"@id\":\"https:\/\/likemetkovic.hr\/#website\",\"url\":\"https:\/\/likemetkovic.hr\/\",\"name\":\"likemetkovic.hr\",\"description\":\"Misli pozitivno... \u010ditaj LIKE\",\"potentialAction\":[{\"@type\":\"SearchAction\",\"target\":{\"@type\":\"EntryPoint\",\"urlTemplate\":\"https:\/\/likemetkovic.hr\/?s={search_term_string}\"},\"query-input\":{\"@type\":\"PropertyValueSpecification\",\"valueRequired\":true,\"valueName\":\"search_term_string\"}}],\"inLanguage\":\"hr\"},{\"@type\":\"Person\",\"@id\":\"https:\/\/likemetkovic.hr\/#\/schema\/person\/0a8b4ebfdfe1ff01192dccda40c5da0c\",\"name\":\"K. J.\",\"url\":\"https:\/\/likemetkovic.hr\/portal\/author\/likemetkovic\/\"}]}<\/script>\n<!-- \/ Yoast SEO plugin. -->","yoast_head_json":{"title":"\u017dUPANIJSKI STO\u017dER Potvr\u0111en je i drugi slu\u010daj koronavirsa u Dubrova\u010dko-neretvanskoj \u017eupaniji - likemetkovic.hr","robots":{"index":"index","follow":"follow","max-snippet":"max-snippet:-1","max-image-preview":"max-image-preview:large","max-video-preview":"max-video-preview:-1"},"canonical":"https:\/\/likemetkovic.hr\/zupanijski-stozer-potvrden-je-i-drugi-slucaj-koronavirsa-u-dubrovacko-neretvanskoj-zupaniji\/","og_locale":"hr_HR","og_type":"article","og_title":"\u017dUPANIJSKI STO\u017dER Potvr\u0111en je i drugi slu\u010daj koronavirsa u Dubrova\u010dko-neretvanskoj \u017eupaniji - likemetkovic.hr","og_description":"U 11 sati ispred OB Dubrovnik odr\u017eana je konferencija za medije \u017eupanijskog Sto\u017eera civilne za\u0161tite na kojoj je potvr\u0111en drugi slu\u010daj koronavirusa u Dubrova\u010dko-neretvanskoj \u017eupaniji. Rije\u010d je o Dubrov\u010daninu (1955.) koji se vratio s odmora iz Bugarske koji je hospitaliziran u OB Dubrovnik, rekao je prvi \u010dovjek sto\u017eera Jo\u0161ko Cebalo. Ravnatelj dubrova\u010dke bolnice je izvijestio [&hellip;]","og_url":"https:\/\/likemetkovic.hr\/zupanijski-stozer-potvrden-je-i-drugi-slucaj-koronavirsa-u-dubrovacko-neretvanskoj-zupaniji\/","og_site_name":"likemetkovic.hr","article_publisher":"https:\/\/www.facebook.com\/likemetkovic.hr\/","article_published_time":"2020-03-20T10:27:10+00:00","og_image":[{"width":800,"height":533,"url":"https:\/\/likemetkovic.hr\/wp-content\/uploads\/2020\/03\/cebalo-stozer-civilne-zastite-dn\u017e.jpg","type":"image\/jpeg"}],"author":"K. J.","twitter_card":"summary_large_image","twitter_misc":{"Napisao\/la":"K. J.","Procijenjeno vrijeme \u010ditanja":"1 minuta"},"schema":{"@context":"https:\/\/schema.org","@graph":[{"@type":"WebPage","@id":"https:\/\/likemetkovic.hr\/zupanijski-stozer-potvrden-je-i-drugi-slucaj-koronavirsa-u-dubrovacko-neretvanskoj-zupaniji\/","url":"https:\/\/likemetkovic.hr\/zupanijski-stozer-potvrden-je-i-drugi-slucaj-koronavirsa-u-dubrovacko-neretvanskoj-zupaniji\/","name":"\u017dUPANIJSKI STO\u017dER Potvr\u0111en je i drugi slu\u010daj koronavirsa u Dubrova\u010dko-neretvanskoj \u017eupaniji - likemetkovic.hr","isPartOf":{"@id":"https:\/\/likemetkovic.hr\/#website"},"primaryImageOfPage":{"@id":"https:\/\/likemetkovic.hr\/zupanijski-stozer-potvrden-je-i-drugi-slucaj-koronavirsa-u-dubrovacko-neretvanskoj-zupaniji\/#primaryimage"},"image":{"@id":"https:\/\/likemetkovic.hr\/zupanijski-stozer-potvrden-je-i-drugi-slucaj-koronavirsa-u-dubrovacko-neretvanskoj-zupaniji\/#primaryimage"},"thumbnailUrl":"https:\/\/likemetkovic.hr\/portal\/wp-content\/uploads\/2020\/03\/cebalo-stozer-civilne-zastite-dn\u017e.jpg","datePublished":"2020-03-20T10:27:10+00:00","author":{"@id":"https:\/\/likemetkovic.hr\/#\/schema\/person\/0a8b4ebfdfe1ff01192dccda40c5da0c"},"breadcrumb":{"@id":"https:\/\/likemetkovic.hr\/zupanijski-stozer-potvrden-je-i-drugi-slucaj-koronavirsa-u-dubrovacko-neretvanskoj-zupaniji\/#breadcrumb"},"inLanguage":"hr","potentialAction":[{"@type":"ReadAction","target":["https:\/\/likemetkovic.hr\/zupanijski-stozer-potvrden-je-i-drugi-slucaj-koronavirsa-u-dubrovacko-neretvanskoj-zupaniji\/"]}]},{"@type":"ImageObject","inLanguage":"hr","@id":"https:\/\/likemetkovic.hr\/zupanijski-stozer-potvrden-je-i-drugi-slucaj-koronavirsa-u-dubrovacko-neretvanskoj-zupaniji\/#primaryimage","url":"https:\/\/likemetkovic.hr\/portal\/wp-content\/uploads\/2020\/03\/cebalo-stozer-civilne-zastite-dn\u017e.jpg","contentUrl":"https:\/\/likemetkovic.hr\/portal\/wp-content\/uploads\/2020\/03\/cebalo-stozer-civilne-zastite-dn\u017e.jpg","width":800,"height":533},{"@type":"BreadcrumbList","@id":"https:\/\/likemetkovic.hr\/zupanijski-stozer-potvrden-je-i-drugi-slucaj-koronavirsa-u-dubrovacko-neretvanskoj-zupaniji\/#breadcrumb","itemListElement":[{"@type":"ListItem","position":1,"name":"Po\u010detna stranica","item":"https:\/\/likemetkovic.hr\/portal\/"},{"@type":"ListItem","position":2,"name":"\u017dUPANIJSKI STO\u017dER Potvr\u0111en je i drugi slu\u010daj koronavirsa u Dubrova\u010dko-neretvanskoj \u017eupaniji"}]},{"@type":"WebSite","@id":"https:\/\/likemetkovic.hr\/#website","url":"https:\/\/likemetkovic.hr\/","name":"likemetkovic.hr","description":"Misli pozitivno... \u010ditaj LIKE","potentialAction":[{"@type":"SearchAction","target":{"@type":"EntryPoint","urlTemplate":"https:\/\/likemetkovic.hr\/?s={search_term_string}"},"query-input":{"@type":"PropertyValueSpecification","valueRequired":true,"valueName":"search_term_string"}}],"inLanguage":"hr"},{"@type":"Person","@id":"https:\/\/likemetkovic.hr\/#\/schema\/person\/0a8b4ebfdfe1ff01192dccda40c5da0c","name":"K. J.","url":"https:\/\/likemetkovic.hr\/portal\/author\/likemetkovic\/"}]}},"_links":{"self":[{"href":"https:\/\/likemetkovic.hr\/portal\/wp-json\/wp\/v2\/posts\/99137","targetHints":{"allow":["GET"]}}],"collection":[{"href":"https:\/\/likemetkovic.hr\/portal\/wp-json\/wp\/v2\/posts"}],"about":[{"href":"https:\/\/likemetkovic.hr\/portal\/wp-json\/wp\/v2\/types\/post"}],"author":[{"embeddable":true,"href":"https:\/\/likemetkovic.hr\/portal\/wp-json\/wp\/v2\/users\/9"}],"replies":[{"embeddable":true,"href":"https:\/\/likemetkovic.hr\/portal\/wp-json\/wp\/v2\/comments?post=99137"}],"version-history":[{"count":0,"href":"https:\/\/likemetkovic.hr\/portal\/wp-json\/wp\/v2\/posts\/99137\/revisions"}],"wp:featuredmedia":[{"embeddable":true,"href":"https:\/\/likemetkovic.hr\/portal\/wp-json\/wp\/v2\/media\/99138"}],"wp:attachment":[{"href":"https:\/\/likemetkovic.hr\/portal\/wp-json\/wp\/v2\/media?parent=99137"}],"wp:term":[{"taxonomy":"category","embeddable":true,"href":"https:\/\/likemetkovic.hr\/portal\/wp-json\/wp\/v2\/categories?post=99137"},{"taxonomy":"post_tag","embeddable":true,"href":"https:\/\/likemetkovic.hr\/portal\/wp-json\/wp\/v2\/tags?post=99137"}],"curies":[{"name":"wp","href":"https:\/\/api.w.org\/{rel}","templated":true}]}}