{"id":99181,"date":"2020-03-21T09:24:56","date_gmt":"2020-03-21T08:24:56","guid":{"rendered":"https:\/\/likemetkovic.hr\/?p=99181"},"modified":"2020-03-21T09:27:55","modified_gmt":"2020-03-21T08:27:55","slug":"preko-100-ljudi-iz-samoizolacije-doslo-u-ljekarne-zatvara-se-javni-prostor-prestaje-prometovanja-autobusa-i-vlakova","status":"publish","type":"post","link":"https:\/\/likemetkovic.hr\/portal\/preko-100-ljudi-iz-samoizolacije-doslo-u-ljekarne-zatvara-se-javni-prostor-prestaje-prometovanja-autobusa-i-vlakova\/","title":{"rendered":"Preko 100 ljudi iz samoizolacije do\u0161lo u ljekarne, zatvara se javni prostor, prestaje prometovanja autobusa i vlakova,"},"content":{"rendered":"<p>Na konferenciji za medije Nacionalnog sto\u017eera civilne za\u0161tite ministar Bo\u017einovi\u0107 je obznanio zabranu prometovanja autobusa i vlakova na me\u0111ugradskim linijama.<\/p>\n<p><strong>&#8211; 29 vi\u0161e slu\u010dajeva, ukupno 157 potvr\u0111enih.<\/strong> Dok se ne po\u0161tuju pravila i upute postoji mogu\u0107nost nekontroliranog \u0161irenja. Vi\u0161e ne molim nego zahtijevam da se pridr\u017eavate uputa&#8221;, rekao je ministar Bero\u0161.<\/p>\n<p>&#8211; Na\u0161e odluke polaze od temeljen \u010dinjenice: <strong>ljudi ostanite doma!<\/strong>\u00a0Ne izlazite iz ku\u0107a. Osim onih koji moraju i\u0107i na posao. Odredili smo koji su to oni koji moraju i\u0107i naposao. I osim sko moraju do du\u0107ana ili bolnice&#8230; Vidio sam jutros da ljudi idu dvoje po dvoje. To ne ide. <strong>Napravite razmak ili \u0107e vas policija ka\u017enjavat. Zapravo na neki na\u010din zatvaramo sve javno povr\u0161ine.<\/strong> Ne mo\u017eemo fizi\u010dki zatvorit, ali ne\u0107emo dopustiti bilo kakvo okupljanje, rekao je ministar Bo\u017einovi\u0107.<\/p>\n<p>&#8211; Ju\u010der je<strong> preko100 osoba iz samoizolacije do\u0161lo u ljekarne.<\/strong> Od sada \u0107e i ljekarne imati informaciju tko je u izolaciji i bit \u0107e upozoreni svi koji kr\u0161e rje\u0161enje o izolaciji. Tome se sad do\u0161lo na kraj, ali oni su ve\u0107 ugrozili puno ljudi. Svi koji kr\u0161e izolaciju bit \u0107e sankcionirani. Nije bitno ka\u017enjavanje, ali imat \u0107ete druge na du\u0161i, rekla je Alemka Markoti\u0107.<\/p>\n<p>&#8211; Do\u0161lo je vrijeme da zaustavimo sve. Mi smo od ju\u010der do danas imali 29 slu\u010dajeva, \u0161to je 1\/4 svih dosadanjih slu\u010dajeva. <strong>Na\u0161a uzlazna krivulja sve vi\u0161e ide prema gore. Zato moramo uvoditi stro\u017ee mjere.<\/strong> Imamo 90 ljudi u karantreni, 54 hrvatskih dr\u017eavljana, ostali su stranci, imamo 45 voza\u010da kamiona koji su pod posebnim re\u017eimom, izjavio je na\u010delnik Capak.<\/p>\n","protected":false},"excerpt":{"rendered":"<p>Na konferenciji za medije Nacionalnog sto\u017eera civilne za\u0161tite ministar Bo\u017einovi\u0107 je obznanio zabranu prometovanja autobusa i vlakova na me\u0111ugradskim linijama. &#8211; 29 vi\u0161e slu\u010dajeva, ukupno 157 potvr\u0111enih. Dok se ne po\u0161tuju pravila i upute postoji mogu\u0107nost nekontroliranog \u0161irenja. Vi\u0161e ne molim nego zahtijevam da se pridr\u017eavate uputa&#8221;, rekao je ministar Bero\u0161. &#8211; Na\u0161e odluke polaze [&hellip;]<\/p>\n","protected":false},"author":9,"featured_media":99044,"comment_status":"open","ping_status":"open","sticky":false,"template":"","format":"standard","meta":{"footnotes":""},"categories":[283,1027],"tags":[6820,7125],"class_list":{"0":"post-99181","1":"post","2":"type-post","3":"status-publish","4":"format-standard","5":"has-post-thumbnail","7":"category-a","8":"category-hrvatska","9":"tag-koronavirus","10":"tag-nacionalni-stozer-civilne-zastite"},"yoast_head":"<!-- This site is optimized with the Yoast SEO plugin v25.2 - https:\/\/yoast.com\/wordpress\/plugins\/seo\/ -->\n<title>Preko 100 ljudi iz samoizolacije do\u0161lo u ljekarne, zatvara se javni prostor, prestaje prometovanja autobusa i vlakova, - likemetkovic.hr<\/title>\n<meta name=\"robots\" content=\"index, follow, max-snippet:-1, max-image-preview:large, max-video-preview:-1\" \/>\n<link rel=\"canonical\" href=\"https:\/\/likemetkovic.hr\/preko-100-ljudi-iz-samoizolacije-doslo-u-ljekarne-zatvara-se-javni-prostor-prestaje-prometovanja-autobusa-i-vlakova\/\" \/>\n<meta property=\"og:locale\" content=\"hr_HR\" \/>\n<meta property=\"og:type\" content=\"article\" \/>\n<meta property=\"og:title\" content=\"Preko 100 ljudi iz samoizolacije do\u0161lo u ljekarne, zatvara se javni prostor, prestaje prometovanja autobusa i vlakova, - likemetkovic.hr\" \/>\n<meta property=\"og:description\" content=\"Na konferenciji za medije Nacionalnog sto\u017eera civilne za\u0161tite ministar Bo\u017einovi\u0107 je obznanio zabranu prometovanja autobusa i vlakova na me\u0111ugradskim linijama. &#8211; 29 vi\u0161e slu\u010dajeva, ukupno 157 potvr\u0111enih. Dok se ne po\u0161tuju pravila i upute postoji mogu\u0107nost nekontroliranog \u0161irenja. Vi\u0161e ne molim nego zahtijevam da se pridr\u017eavate uputa&#8221;, rekao je ministar Bero\u0161. &#8211; Na\u0161e odluke polaze [&hellip;]\" \/>\n<meta property=\"og:url\" content=\"https:\/\/likemetkovic.hr\/preko-100-ljudi-iz-samoizolacije-doslo-u-ljekarne-zatvara-se-javni-prostor-prestaje-prometovanja-autobusa-i-vlakova\/\" \/>\n<meta property=\"og:site_name\" content=\"likemetkovic.hr\" \/>\n<meta property=\"article:publisher\" content=\"https:\/\/www.facebook.com\/likemetkovic.hr\/\" \/>\n<meta property=\"article:published_time\" content=\"2020-03-21T08:24:56+00:00\" \/>\n<meta property=\"article:modified_time\" content=\"2020-03-21T08:27:55+00:00\" \/>\n<meta property=\"og:image\" content=\"https:\/\/likemetkovic.hr\/wp-content\/uploads\/2020\/03\/Press_Stozera_civilne_zastite_-_koronavirus_.jpg\" \/>\n\t<meta property=\"og:image:width\" content=\"800\" \/>\n\t<meta property=\"og:image:height\" content=\"450\" \/>\n\t<meta property=\"og:image:type\" content=\"image\/jpeg\" \/>\n<meta name=\"author\" content=\"K. J.\" \/>\n<meta name=\"twitter:card\" content=\"summary_large_image\" \/>\n<meta name=\"twitter:label1\" content=\"Napisao\/la\" \/>\n\t<meta name=\"twitter:data1\" content=\"K. J.\" \/>\n\t<meta name=\"twitter:label2\" content=\"Procijenjeno vrijeme \u010ditanja\" \/>\n\t<meta name=\"twitter:data2\" content=\"1 minuta\" \/>\n<script type=\"application\/ld+json\" class=\"yoast-schema-graph\">{\"@context\":\"https:\/\/schema.org\",\"@graph\":[{\"@type\":\"WebPage\",\"@id\":\"https:\/\/likemetkovic.hr\/preko-100-ljudi-iz-samoizolacije-doslo-u-ljekarne-zatvara-se-javni-prostor-prestaje-prometovanja-autobusa-i-vlakova\/\",\"url\":\"https:\/\/likemetkovic.hr\/preko-100-ljudi-iz-samoizolacije-doslo-u-ljekarne-zatvara-se-javni-prostor-prestaje-prometovanja-autobusa-i-vlakova\/\",\"name\":\"Preko 100 ljudi iz samoizolacije do\u0161lo u ljekarne, zatvara se javni prostor, prestaje prometovanja autobusa i vlakova, - likemetkovic.hr\",\"isPartOf\":{\"@id\":\"https:\/\/likemetkovic.hr\/#website\"},\"primaryImageOfPage\":{\"@id\":\"https:\/\/likemetkovic.hr\/preko-100-ljudi-iz-samoizolacije-doslo-u-ljekarne-zatvara-se-javni-prostor-prestaje-prometovanja-autobusa-i-vlakova\/#primaryimage\"},\"image\":{\"@id\":\"https:\/\/likemetkovic.hr\/preko-100-ljudi-iz-samoizolacije-doslo-u-ljekarne-zatvara-se-javni-prostor-prestaje-prometovanja-autobusa-i-vlakova\/#primaryimage\"},\"thumbnailUrl\":\"https:\/\/likemetkovic.hr\/portal\/wp-content\/uploads\/2020\/03\/Press_Stozera_civilne_zastite_-_koronavirus_.jpg\",\"datePublished\":\"2020-03-21T08:24:56+00:00\",\"dateModified\":\"2020-03-21T08:27:55+00:00\",\"author\":{\"@id\":\"https:\/\/likemetkovic.hr\/#\/schema\/person\/0a8b4ebfdfe1ff01192dccda40c5da0c\"},\"breadcrumb\":{\"@id\":\"https:\/\/likemetkovic.hr\/preko-100-ljudi-iz-samoizolacije-doslo-u-ljekarne-zatvara-se-javni-prostor-prestaje-prometovanja-autobusa-i-vlakova\/#breadcrumb\"},\"inLanguage\":\"hr\",\"potentialAction\":[{\"@type\":\"ReadAction\",\"target\":[\"https:\/\/likemetkovic.hr\/preko-100-ljudi-iz-samoizolacije-doslo-u-ljekarne-zatvara-se-javni-prostor-prestaje-prometovanja-autobusa-i-vlakova\/\"]}]},{\"@type\":\"ImageObject\",\"inLanguage\":\"hr\",\"@id\":\"https:\/\/likemetkovic.hr\/preko-100-ljudi-iz-samoizolacije-doslo-u-ljekarne-zatvara-se-javni-prostor-prestaje-prometovanja-autobusa-i-vlakova\/#primaryimage\",\"url\":\"https:\/\/likemetkovic.hr\/portal\/wp-content\/uploads\/2020\/03\/Press_Stozera_civilne_zastite_-_koronavirus_.jpg\",\"contentUrl\":\"https:\/\/likemetkovic.hr\/portal\/wp-content\/uploads\/2020\/03\/Press_Stozera_civilne_zastite_-_koronavirus_.jpg\",\"width\":800,\"height\":450},{\"@type\":\"BreadcrumbList\",\"@id\":\"https:\/\/likemetkovic.hr\/preko-100-ljudi-iz-samoizolacije-doslo-u-ljekarne-zatvara-se-javni-prostor-prestaje-prometovanja-autobusa-i-vlakova\/#breadcrumb\",\"itemListElement\":[{\"@type\":\"ListItem\",\"position\":1,\"name\":\"Po\u010detna stranica\",\"item\":\"https:\/\/likemetkovic.hr\/portal\/\"},{\"@type\":\"ListItem\",\"position\":2,\"name\":\"Preko 100 ljudi iz samoizolacije do\u0161lo u ljekarne, zatvara se javni prostor, prestaje prometovanja autobusa i vlakova,\"}]},{\"@type\":\"WebSite\",\"@id\":\"https:\/\/likemetkovic.hr\/#website\",\"url\":\"https:\/\/likemetkovic.hr\/\",\"name\":\"likemetkovic.hr\",\"description\":\"Misli pozitivno... \u010ditaj LIKE\",\"potentialAction\":[{\"@type\":\"SearchAction\",\"target\":{\"@type\":\"EntryPoint\",\"urlTemplate\":\"https:\/\/likemetkovic.hr\/?s={search_term_string}\"},\"query-input\":{\"@type\":\"PropertyValueSpecification\",\"valueRequired\":true,\"valueName\":\"search_term_string\"}}],\"inLanguage\":\"hr\"},{\"@type\":\"Person\",\"@id\":\"https:\/\/likemetkovic.hr\/#\/schema\/person\/0a8b4ebfdfe1ff01192dccda40c5da0c\",\"name\":\"K. J.\",\"url\":\"https:\/\/likemetkovic.hr\/portal\/author\/likemetkovic\/\"}]}<\/script>\n<!-- \/ Yoast SEO plugin. -->","yoast_head_json":{"title":"Preko 100 ljudi iz samoizolacije do\u0161lo u ljekarne, zatvara se javni prostor, prestaje prometovanja autobusa i vlakova, - likemetkovic.hr","robots":{"index":"index","follow":"follow","max-snippet":"max-snippet:-1","max-image-preview":"max-image-preview:large","max-video-preview":"max-video-preview:-1"},"canonical":"https:\/\/likemetkovic.hr\/preko-100-ljudi-iz-samoizolacije-doslo-u-ljekarne-zatvara-se-javni-prostor-prestaje-prometovanja-autobusa-i-vlakova\/","og_locale":"hr_HR","og_type":"article","og_title":"Preko 100 ljudi iz samoizolacije do\u0161lo u ljekarne, zatvara se javni prostor, prestaje prometovanja autobusa i vlakova, - likemetkovic.hr","og_description":"Na konferenciji za medije Nacionalnog sto\u017eera civilne za\u0161tite ministar Bo\u017einovi\u0107 je obznanio zabranu prometovanja autobusa i vlakova na me\u0111ugradskim linijama. &#8211; 29 vi\u0161e slu\u010dajeva, ukupno 157 potvr\u0111enih. Dok se ne po\u0161tuju pravila i upute postoji mogu\u0107nost nekontroliranog \u0161irenja. Vi\u0161e ne molim nego zahtijevam da se pridr\u017eavate uputa&#8221;, rekao je ministar Bero\u0161. &#8211; Na\u0161e odluke polaze [&hellip;]","og_url":"https:\/\/likemetkovic.hr\/preko-100-ljudi-iz-samoizolacije-doslo-u-ljekarne-zatvara-se-javni-prostor-prestaje-prometovanja-autobusa-i-vlakova\/","og_site_name":"likemetkovic.hr","article_publisher":"https:\/\/www.facebook.com\/likemetkovic.hr\/","article_published_time":"2020-03-21T08:24:56+00:00","article_modified_time":"2020-03-21T08:27:55+00:00","og_image":[{"width":800,"height":450,"url":"https:\/\/likemetkovic.hr\/wp-content\/uploads\/2020\/03\/Press_Stozera_civilne_zastite_-_koronavirus_.jpg","type":"image\/jpeg"}],"author":"K. J.","twitter_card":"summary_large_image","twitter_misc":{"Napisao\/la":"K. J.","Procijenjeno vrijeme \u010ditanja":"1 minuta"},"schema":{"@context":"https:\/\/schema.org","@graph":[{"@type":"WebPage","@id":"https:\/\/likemetkovic.hr\/preko-100-ljudi-iz-samoizolacije-doslo-u-ljekarne-zatvara-se-javni-prostor-prestaje-prometovanja-autobusa-i-vlakova\/","url":"https:\/\/likemetkovic.hr\/preko-100-ljudi-iz-samoizolacije-doslo-u-ljekarne-zatvara-se-javni-prostor-prestaje-prometovanja-autobusa-i-vlakova\/","name":"Preko 100 ljudi iz samoizolacije do\u0161lo u ljekarne, zatvara se javni prostor, prestaje prometovanja autobusa i vlakova, - likemetkovic.hr","isPartOf":{"@id":"https:\/\/likemetkovic.hr\/#website"},"primaryImageOfPage":{"@id":"https:\/\/likemetkovic.hr\/preko-100-ljudi-iz-samoizolacije-doslo-u-ljekarne-zatvara-se-javni-prostor-prestaje-prometovanja-autobusa-i-vlakova\/#primaryimage"},"image":{"@id":"https:\/\/likemetkovic.hr\/preko-100-ljudi-iz-samoizolacije-doslo-u-ljekarne-zatvara-se-javni-prostor-prestaje-prometovanja-autobusa-i-vlakova\/#primaryimage"},"thumbnailUrl":"https:\/\/likemetkovic.hr\/portal\/wp-content\/uploads\/2020\/03\/Press_Stozera_civilne_zastite_-_koronavirus_.jpg","datePublished":"2020-03-21T08:24:56+00:00","dateModified":"2020-03-21T08:27:55+00:00","author":{"@id":"https:\/\/likemetkovic.hr\/#\/schema\/person\/0a8b4ebfdfe1ff01192dccda40c5da0c"},"breadcrumb":{"@id":"https:\/\/likemetkovic.hr\/preko-100-ljudi-iz-samoizolacije-doslo-u-ljekarne-zatvara-se-javni-prostor-prestaje-prometovanja-autobusa-i-vlakova\/#breadcrumb"},"inLanguage":"hr","potentialAction":[{"@type":"ReadAction","target":["https:\/\/likemetkovic.hr\/preko-100-ljudi-iz-samoizolacije-doslo-u-ljekarne-zatvara-se-javni-prostor-prestaje-prometovanja-autobusa-i-vlakova\/"]}]},{"@type":"ImageObject","inLanguage":"hr","@id":"https:\/\/likemetkovic.hr\/preko-100-ljudi-iz-samoizolacije-doslo-u-ljekarne-zatvara-se-javni-prostor-prestaje-prometovanja-autobusa-i-vlakova\/#primaryimage","url":"https:\/\/likemetkovic.hr\/portal\/wp-content\/uploads\/2020\/03\/Press_Stozera_civilne_zastite_-_koronavirus_.jpg","contentUrl":"https:\/\/likemetkovic.hr\/portal\/wp-content\/uploads\/2020\/03\/Press_Stozera_civilne_zastite_-_koronavirus_.jpg","width":800,"height":450},{"@type":"BreadcrumbList","@id":"https:\/\/likemetkovic.hr\/preko-100-ljudi-iz-samoizolacije-doslo-u-ljekarne-zatvara-se-javni-prostor-prestaje-prometovanja-autobusa-i-vlakova\/#breadcrumb","itemListElement":[{"@type":"ListItem","position":1,"name":"Po\u010detna stranica","item":"https:\/\/likemetkovic.hr\/portal\/"},{"@type":"ListItem","position":2,"name":"Preko 100 ljudi iz samoizolacije do\u0161lo u ljekarne, zatvara se javni prostor, prestaje prometovanja autobusa i vlakova,"}]},{"@type":"WebSite","@id":"https:\/\/likemetkovic.hr\/#website","url":"https:\/\/likemetkovic.hr\/","name":"likemetkovic.hr","description":"Misli pozitivno... \u010ditaj LIKE","potentialAction":[{"@type":"SearchAction","target":{"@type":"EntryPoint","urlTemplate":"https:\/\/likemetkovic.hr\/?s={search_term_string}"},"query-input":{"@type":"PropertyValueSpecification","valueRequired":true,"valueName":"search_term_string"}}],"inLanguage":"hr"},{"@type":"Person","@id":"https:\/\/likemetkovic.hr\/#\/schema\/person\/0a8b4ebfdfe1ff01192dccda40c5da0c","name":"K. J.","url":"https:\/\/likemetkovic.hr\/portal\/author\/likemetkovic\/"}]}},"_links":{"self":[{"href":"https:\/\/likemetkovic.hr\/portal\/wp-json\/wp\/v2\/posts\/99181","targetHints":{"allow":["GET"]}}],"collection":[{"href":"https:\/\/likemetkovic.hr\/portal\/wp-json\/wp\/v2\/posts"}],"about":[{"href":"https:\/\/likemetkovic.hr\/portal\/wp-json\/wp\/v2\/types\/post"}],"author":[{"embeddable":true,"href":"https:\/\/likemetkovic.hr\/portal\/wp-json\/wp\/v2\/users\/9"}],"replies":[{"embeddable":true,"href":"https:\/\/likemetkovic.hr\/portal\/wp-json\/wp\/v2\/comments?post=99181"}],"version-history":[{"count":0,"href":"https:\/\/likemetkovic.hr\/portal\/wp-json\/wp\/v2\/posts\/99181\/revisions"}],"wp:featuredmedia":[{"embeddable":true,"href":"https:\/\/likemetkovic.hr\/portal\/wp-json\/wp\/v2\/media\/99044"}],"wp:attachment":[{"href":"https:\/\/likemetkovic.hr\/portal\/wp-json\/wp\/v2\/media?parent=99181"}],"wp:term":[{"taxonomy":"category","embeddable":true,"href":"https:\/\/likemetkovic.hr\/portal\/wp-json\/wp\/v2\/categories?post=99181"},{"taxonomy":"post_tag","embeddable":true,"href":"https:\/\/likemetkovic.hr\/portal\/wp-json\/wp\/v2\/tags?post=99181"}],"curies":[{"name":"wp","href":"https:\/\/api.w.org\/{rel}","templated":true}]}}