{"id":99324,"date":"2020-03-23T14:09:38","date_gmt":"2020-03-23T13:09:38","guid":{"rendered":"https:\/\/likemetkovic.hr\/?p=99324"},"modified":"2020-03-23T14:10:39","modified_gmt":"2020-03-23T13:10:39","slug":"zlu-ne-trebalo-gimnazijska-sportska-dvorana-priprema-se-za-prijem-oboljelih","status":"publish","type":"post","link":"https:\/\/likemetkovic.hr\/portal\/zlu-ne-trebalo-gimnazijska-sportska-dvorana-priprema-se-za-prijem-oboljelih\/","title":{"rendered":"Zlu ne trebalo! Gimnazijska sportska dvorana priprema se za prijam oboljelih"},"content":{"rendered":"<p>Gradski sto\u017eer civilne za\u0161tite je prije nekoliko dana donio odluku da \u0107e se sportska dvorana Gimnazije Metkovi\u0107 urediti za prijem oboljelih od koronavirusa koji pokazuju lak\u0161e simptome bolesti. Danas je po\u010delo pripremanje dvorane u tu svrhu, dopremljeni su prvi monta\u017eni kreveti iz Crvenoga kri\u017ea. Hrvatska vojska bi trebala dopremiti jo\u0161 30 ovakvih kreveta, a ukupni kapacitet bi bio 40 le\u017eaja.<\/p>\n\r\n                <style type=\"text\/css\">\r\n                    \r\n                    #tdi_1  .td-doubleSlider-2 .td-item1 {\r\n                        background: url(https:\/\/likemetkovic.hr\/portal\/wp-content\/uploads\/2020\/03\/gimnazija-kreveti-1_edited-80x60.jpg) 0 0 no-repeat;\r\n                    }\r\n                    #tdi_1  .td-doubleSlider-2 .td-item2 {\r\n                        background: url(https:\/\/likemetkovic.hr\/portal\/wp-content\/uploads\/2020\/03\/gimnazija-kreveti-3_edited-80x60.jpg) 0 0 no-repeat;\r\n                    }\r\n                <\/style>\r\n\r\n                <div id=\"tdi_1\" class=\"td-gallery td-slide-on-2-columns\">\r\n                    <div class=\"post_td_gallery\">\r\n                        <div class=\"td-gallery-slide-top\">\r\n                           <div class=\"td-gallery-title\"><\/div>\r\n\r\n                            <div class=\"td-gallery-controls-wrapper\">\r\n                                <div class=\"td-gallery-slide-count\"><span class=\"td-gallery-slide-item-focus\">1<\/span> of 2<\/div>\r\n                                <div class=\"td-gallery-slide-prev-next-but\">\r\n                                    <i class = \"td-icon-left doubleSliderPrevButton\"><\/i>\r\n                                    <i class = \"td-icon-right doubleSliderNextButton\"><\/i>\r\n                                <\/div>\r\n                            <\/div>\r\n                        <\/div>\r\n\r\n                        <div class = \"td-doubleSlider-1 \">\r\n                            <div class = \"td-slider\">\r\n                                \r\n                    <div class = \"td-slide-item td-item1\">\r\n                        <figure class=\"td-slide-galery-figure td-slide-popup-gallery\">\r\n                            <a class=\"slide-gallery-image-link\" href=\"https:\/\/likemetkovic.hr\/portal\/wp-content\/uploads\/2020\/03\/gimnazija-kreveti-1_edited.jpg\" title=\"gimnazija kreveti 1_edited\"  data-caption=\"\"  data-description=\"\">\r\n                                <img decoding=\"async\" src=\"https:\/\/likemetkovic.hr\/portal\/wp-content\/uploads\/2020\/03\/gimnazija-kreveti-1_edited-630x420.jpg\" srcset=\"https:\/\/likemetkovic.hr\/portal\/wp-content\/uploads\/2020\/03\/gimnazija-kreveti-1_edited-630x420.jpg 630w, https:\/\/likemetkovic.hr\/portal\/wp-content\/uploads\/2020\/03\/gimnazija-kreveti-1_edited-768x512.jpg 768w, https:\/\/likemetkovic.hr\/portal\/wp-content\/uploads\/2020\/03\/gimnazija-kreveti-1_edited-696x464.jpg 696w, https:\/\/likemetkovic.hr\/portal\/wp-content\/uploads\/2020\/03\/gimnazija-kreveti-1_edited.jpg 800w\" sizes=\"(max-width: 630px) 100vw, 630px\" alt=\"\">\r\n                            <\/a>\r\n                            \r\n                        <\/figure>\r\n                    <\/div>\r\n                    <div class = \"td-slide-item td-item2\">\r\n                        <figure class=\"td-slide-galery-figure td-slide-popup-gallery\">\r\n                            <a class=\"slide-gallery-image-link\" href=\"https:\/\/likemetkovic.hr\/portal\/wp-content\/uploads\/2020\/03\/gimnazija-kreveti-3_edited.jpg\" title=\"gimnazija kreveti 3_edited\"  data-caption=\"\"  data-description=\"\">\r\n                                <img decoding=\"async\" src=\"https:\/\/likemetkovic.hr\/portal\/wp-content\/uploads\/2020\/03\/gimnazija-kreveti-3_edited-632x420.jpg\" srcset=\"https:\/\/likemetkovic.hr\/portal\/wp-content\/uploads\/2020\/03\/gimnazija-kreveti-3_edited-632x420.jpg 632w, https:\/\/likemetkovic.hr\/portal\/wp-content\/uploads\/2020\/03\/gimnazija-kreveti-3_edited-768x511.jpg 768w, https:\/\/likemetkovic.hr\/portal\/wp-content\/uploads\/2020\/03\/gimnazija-kreveti-3_edited-696x463.jpg 696w, https:\/\/likemetkovic.hr\/portal\/wp-content\/uploads\/2020\/03\/gimnazija-kreveti-3_edited.jpg 800w\" sizes=\"(max-width: 632px) 100vw, 632px\" alt=\"\">\r\n                            <\/a>\r\n                            \r\n                        <\/figure>\r\n                    <\/div>\r\n                            <\/div>\r\n                        <\/div>\r\n\r\n                        <div class = \"td-doubleSlider-2\">\r\n                            <div class = \"td-slider\">\r\n                                \r\n                    <div class = \"td-button td-item1\">\r\n                        <div class = \"td-border\"><\/div>\r\n                    <\/div>\r\n                    <div class = \"td-button td-item2\">\r\n                        <div class = \"td-border\"><\/div>\r\n                    <\/div>\r\n                            <\/div>\r\n                        <\/div>\r\n\r\n                    <\/div>\r\n\r\n                <\/div>\r\n                \n","protected":false},"excerpt":{"rendered":"<p>Gradski sto\u017eer civilne za\u0161tite je prije nekoliko dana donio odluku da \u0107e se sportska dvorana Gimnazije Metkovi\u0107 urediti za prijem oboljelih od koronavirusa koji pokazuju lak\u0161e simptome bolesti. Danas je po\u010delo pripremanje dvorane u tu svrhu, dopremljeni su prvi monta\u017eni kreveti iz Crvenoga kri\u017ea. Hrvatska vojska bi trebala dopremiti jo\u0161 30 ovakvih kreveta, a ukupni [&hellip;]<\/p>\n","protected":false},"author":9,"featured_media":99327,"comment_status":"open","ping_status":"open","sticky":false,"template":"","format":"standard","meta":{"footnotes":""},"categories":[296,11],"tags":[7151],"class_list":{"0":"post-99324","1":"post","2":"type-post","3":"status-publish","4":"format-standard","5":"has-post-thumbnail","7":"category-ab","8":"category-metkovic-dolina","9":"tag-gradski-stozer-civilne-zastite"},"yoast_head":"<!-- This site is optimized with the Yoast SEO plugin v25.2 - https:\/\/yoast.com\/wordpress\/plugins\/seo\/ -->\n<title>Zlu ne trebalo! Gimnazijska sportska dvorana priprema se za prijam oboljelih - likemetkovic.hr<\/title>\n<meta name=\"robots\" content=\"index, follow, max-snippet:-1, max-image-preview:large, max-video-preview:-1\" \/>\n<link rel=\"canonical\" href=\"https:\/\/likemetkovic.hr\/zlu-ne-trebalo-gimnazijska-sportska-dvorana-priprema-se-za-prijem-oboljelih\/\" \/>\n<meta property=\"og:locale\" content=\"hr_HR\" \/>\n<meta property=\"og:type\" content=\"article\" \/>\n<meta property=\"og:title\" content=\"Zlu ne trebalo! Gimnazijska sportska dvorana priprema se za prijam oboljelih - likemetkovic.hr\" \/>\n<meta property=\"og:description\" content=\"Gradski sto\u017eer civilne za\u0161tite je prije nekoliko dana donio odluku da \u0107e se sportska dvorana Gimnazije Metkovi\u0107 urediti za prijem oboljelih od koronavirusa koji pokazuju lak\u0161e simptome bolesti. Danas je po\u010delo pripremanje dvorane u tu svrhu, dopremljeni su prvi monta\u017eni kreveti iz Crvenoga kri\u017ea. Hrvatska vojska bi trebala dopremiti jo\u0161 30 ovakvih kreveta, a ukupni [&hellip;]\" \/>\n<meta property=\"og:url\" content=\"https:\/\/likemetkovic.hr\/zlu-ne-trebalo-gimnazijska-sportska-dvorana-priprema-se-za-prijem-oboljelih\/\" \/>\n<meta property=\"og:site_name\" content=\"likemetkovic.hr\" \/>\n<meta property=\"article:publisher\" content=\"https:\/\/www.facebook.com\/likemetkovic.hr\/\" \/>\n<meta property=\"article:published_time\" content=\"2020-03-23T13:09:38+00:00\" \/>\n<meta property=\"article:modified_time\" content=\"2020-03-23T13:10:39+00:00\" \/>\n<meta property=\"og:image\" content=\"https:\/\/likemetkovic.hr\/wp-content\/uploads\/2020\/03\/gimnazija-kreveti-1_edited.jpg\" \/>\n\t<meta property=\"og:image:width\" content=\"800\" \/>\n\t<meta property=\"og:image:height\" content=\"533\" \/>\n\t<meta property=\"og:image:type\" content=\"image\/jpeg\" \/>\n<meta name=\"author\" content=\"K. J.\" \/>\n<meta name=\"twitter:card\" content=\"summary_large_image\" \/>\n<meta name=\"twitter:label1\" content=\"Napisao\/la\" \/>\n\t<meta name=\"twitter:data1\" content=\"K. J.\" \/>\n<script type=\"application\/ld+json\" class=\"yoast-schema-graph\">{\"@context\":\"https:\/\/schema.org\",\"@graph\":[{\"@type\":\"WebPage\",\"@id\":\"https:\/\/likemetkovic.hr\/zlu-ne-trebalo-gimnazijska-sportska-dvorana-priprema-se-za-prijem-oboljelih\/\",\"url\":\"https:\/\/likemetkovic.hr\/zlu-ne-trebalo-gimnazijska-sportska-dvorana-priprema-se-za-prijem-oboljelih\/\",\"name\":\"Zlu ne trebalo! Gimnazijska sportska dvorana priprema se za prijam oboljelih - likemetkovic.hr\",\"isPartOf\":{\"@id\":\"https:\/\/likemetkovic.hr\/#website\"},\"primaryImageOfPage\":{\"@id\":\"https:\/\/likemetkovic.hr\/zlu-ne-trebalo-gimnazijska-sportska-dvorana-priprema-se-za-prijem-oboljelih\/#primaryimage\"},\"image\":{\"@id\":\"https:\/\/likemetkovic.hr\/zlu-ne-trebalo-gimnazijska-sportska-dvorana-priprema-se-za-prijem-oboljelih\/#primaryimage\"},\"thumbnailUrl\":\"https:\/\/likemetkovic.hr\/portal\/wp-content\/uploads\/2020\/03\/gimnazija-kreveti-1_edited.jpg\",\"datePublished\":\"2020-03-23T13:09:38+00:00\",\"dateModified\":\"2020-03-23T13:10:39+00:00\",\"author\":{\"@id\":\"https:\/\/likemetkovic.hr\/#\/schema\/person\/0a8b4ebfdfe1ff01192dccda40c5da0c\"},\"breadcrumb\":{\"@id\":\"https:\/\/likemetkovic.hr\/zlu-ne-trebalo-gimnazijska-sportska-dvorana-priprema-se-za-prijem-oboljelih\/#breadcrumb\"},\"inLanguage\":\"hr\",\"potentialAction\":[{\"@type\":\"ReadAction\",\"target\":[\"https:\/\/likemetkovic.hr\/zlu-ne-trebalo-gimnazijska-sportska-dvorana-priprema-se-za-prijem-oboljelih\/\"]}]},{\"@type\":\"ImageObject\",\"inLanguage\":\"hr\",\"@id\":\"https:\/\/likemetkovic.hr\/zlu-ne-trebalo-gimnazijska-sportska-dvorana-priprema-se-za-prijem-oboljelih\/#primaryimage\",\"url\":\"https:\/\/likemetkovic.hr\/portal\/wp-content\/uploads\/2020\/03\/gimnazija-kreveti-1_edited.jpg\",\"contentUrl\":\"https:\/\/likemetkovic.hr\/portal\/wp-content\/uploads\/2020\/03\/gimnazija-kreveti-1_edited.jpg\",\"width\":800,\"height\":533},{\"@type\":\"BreadcrumbList\",\"@id\":\"https:\/\/likemetkovic.hr\/zlu-ne-trebalo-gimnazijska-sportska-dvorana-priprema-se-za-prijem-oboljelih\/#breadcrumb\",\"itemListElement\":[{\"@type\":\"ListItem\",\"position\":1,\"name\":\"Po\u010detna stranica\",\"item\":\"https:\/\/likemetkovic.hr\/portal\/\"},{\"@type\":\"ListItem\",\"position\":2,\"name\":\"Zlu ne trebalo! Gimnazijska sportska dvorana priprema se za prijam oboljelih\"}]},{\"@type\":\"WebSite\",\"@id\":\"https:\/\/likemetkovic.hr\/#website\",\"url\":\"https:\/\/likemetkovic.hr\/\",\"name\":\"likemetkovic.hr\",\"description\":\"Misli pozitivno... \u010ditaj LIKE\",\"potentialAction\":[{\"@type\":\"SearchAction\",\"target\":{\"@type\":\"EntryPoint\",\"urlTemplate\":\"https:\/\/likemetkovic.hr\/?s={search_term_string}\"},\"query-input\":{\"@type\":\"PropertyValueSpecification\",\"valueRequired\":true,\"valueName\":\"search_term_string\"}}],\"inLanguage\":\"hr\"},{\"@type\":\"Person\",\"@id\":\"https:\/\/likemetkovic.hr\/#\/schema\/person\/0a8b4ebfdfe1ff01192dccda40c5da0c\",\"name\":\"K. J.\",\"url\":\"https:\/\/likemetkovic.hr\/portal\/author\/likemetkovic\/\"}]}<\/script>\n<!-- \/ Yoast SEO plugin. -->","yoast_head_json":{"title":"Zlu ne trebalo! Gimnazijska sportska dvorana priprema se za prijam oboljelih - likemetkovic.hr","robots":{"index":"index","follow":"follow","max-snippet":"max-snippet:-1","max-image-preview":"max-image-preview:large","max-video-preview":"max-video-preview:-1"},"canonical":"https:\/\/likemetkovic.hr\/zlu-ne-trebalo-gimnazijska-sportska-dvorana-priprema-se-za-prijem-oboljelih\/","og_locale":"hr_HR","og_type":"article","og_title":"Zlu ne trebalo! Gimnazijska sportska dvorana priprema se za prijam oboljelih - likemetkovic.hr","og_description":"Gradski sto\u017eer civilne za\u0161tite je prije nekoliko dana donio odluku da \u0107e se sportska dvorana Gimnazije Metkovi\u0107 urediti za prijem oboljelih od koronavirusa koji pokazuju lak\u0161e simptome bolesti. Danas je po\u010delo pripremanje dvorane u tu svrhu, dopremljeni su prvi monta\u017eni kreveti iz Crvenoga kri\u017ea. Hrvatska vojska bi trebala dopremiti jo\u0161 30 ovakvih kreveta, a ukupni [&hellip;]","og_url":"https:\/\/likemetkovic.hr\/zlu-ne-trebalo-gimnazijska-sportska-dvorana-priprema-se-za-prijem-oboljelih\/","og_site_name":"likemetkovic.hr","article_publisher":"https:\/\/www.facebook.com\/likemetkovic.hr\/","article_published_time":"2020-03-23T13:09:38+00:00","article_modified_time":"2020-03-23T13:10:39+00:00","og_image":[{"width":800,"height":533,"url":"https:\/\/likemetkovic.hr\/wp-content\/uploads\/2020\/03\/gimnazija-kreveti-1_edited.jpg","type":"image\/jpeg"}],"author":"K. J.","twitter_card":"summary_large_image","twitter_misc":{"Napisao\/la":"K. J."},"schema":{"@context":"https:\/\/schema.org","@graph":[{"@type":"WebPage","@id":"https:\/\/likemetkovic.hr\/zlu-ne-trebalo-gimnazijska-sportska-dvorana-priprema-se-za-prijem-oboljelih\/","url":"https:\/\/likemetkovic.hr\/zlu-ne-trebalo-gimnazijska-sportska-dvorana-priprema-se-za-prijem-oboljelih\/","name":"Zlu ne trebalo! Gimnazijska sportska dvorana priprema se za prijam oboljelih - likemetkovic.hr","isPartOf":{"@id":"https:\/\/likemetkovic.hr\/#website"},"primaryImageOfPage":{"@id":"https:\/\/likemetkovic.hr\/zlu-ne-trebalo-gimnazijska-sportska-dvorana-priprema-se-za-prijem-oboljelih\/#primaryimage"},"image":{"@id":"https:\/\/likemetkovic.hr\/zlu-ne-trebalo-gimnazijska-sportska-dvorana-priprema-se-za-prijem-oboljelih\/#primaryimage"},"thumbnailUrl":"https:\/\/likemetkovic.hr\/portal\/wp-content\/uploads\/2020\/03\/gimnazija-kreveti-1_edited.jpg","datePublished":"2020-03-23T13:09:38+00:00","dateModified":"2020-03-23T13:10:39+00:00","author":{"@id":"https:\/\/likemetkovic.hr\/#\/schema\/person\/0a8b4ebfdfe1ff01192dccda40c5da0c"},"breadcrumb":{"@id":"https:\/\/likemetkovic.hr\/zlu-ne-trebalo-gimnazijska-sportska-dvorana-priprema-se-za-prijem-oboljelih\/#breadcrumb"},"inLanguage":"hr","potentialAction":[{"@type":"ReadAction","target":["https:\/\/likemetkovic.hr\/zlu-ne-trebalo-gimnazijska-sportska-dvorana-priprema-se-za-prijem-oboljelih\/"]}]},{"@type":"ImageObject","inLanguage":"hr","@id":"https:\/\/likemetkovic.hr\/zlu-ne-trebalo-gimnazijska-sportska-dvorana-priprema-se-za-prijem-oboljelih\/#primaryimage","url":"https:\/\/likemetkovic.hr\/portal\/wp-content\/uploads\/2020\/03\/gimnazija-kreveti-1_edited.jpg","contentUrl":"https:\/\/likemetkovic.hr\/portal\/wp-content\/uploads\/2020\/03\/gimnazija-kreveti-1_edited.jpg","width":800,"height":533},{"@type":"BreadcrumbList","@id":"https:\/\/likemetkovic.hr\/zlu-ne-trebalo-gimnazijska-sportska-dvorana-priprema-se-za-prijem-oboljelih\/#breadcrumb","itemListElement":[{"@type":"ListItem","position":1,"name":"Po\u010detna stranica","item":"https:\/\/likemetkovic.hr\/portal\/"},{"@type":"ListItem","position":2,"name":"Zlu ne trebalo! Gimnazijska sportska dvorana priprema se za prijam oboljelih"}]},{"@type":"WebSite","@id":"https:\/\/likemetkovic.hr\/#website","url":"https:\/\/likemetkovic.hr\/","name":"likemetkovic.hr","description":"Misli pozitivno... \u010ditaj LIKE","potentialAction":[{"@type":"SearchAction","target":{"@type":"EntryPoint","urlTemplate":"https:\/\/likemetkovic.hr\/?s={search_term_string}"},"query-input":{"@type":"PropertyValueSpecification","valueRequired":true,"valueName":"search_term_string"}}],"inLanguage":"hr"},{"@type":"Person","@id":"https:\/\/likemetkovic.hr\/#\/schema\/person\/0a8b4ebfdfe1ff01192dccda40c5da0c","name":"K. J.","url":"https:\/\/likemetkovic.hr\/portal\/author\/likemetkovic\/"}]}},"_links":{"self":[{"href":"https:\/\/likemetkovic.hr\/portal\/wp-json\/wp\/v2\/posts\/99324","targetHints":{"allow":["GET"]}}],"collection":[{"href":"https:\/\/likemetkovic.hr\/portal\/wp-json\/wp\/v2\/posts"}],"about":[{"href":"https:\/\/likemetkovic.hr\/portal\/wp-json\/wp\/v2\/types\/post"}],"author":[{"embeddable":true,"href":"https:\/\/likemetkovic.hr\/portal\/wp-json\/wp\/v2\/users\/9"}],"replies":[{"embeddable":true,"href":"https:\/\/likemetkovic.hr\/portal\/wp-json\/wp\/v2\/comments?post=99324"}],"version-history":[{"count":0,"href":"https:\/\/likemetkovic.hr\/portal\/wp-json\/wp\/v2\/posts\/99324\/revisions"}],"wp:featuredmedia":[{"embeddable":true,"href":"https:\/\/likemetkovic.hr\/portal\/wp-json\/wp\/v2\/media\/99327"}],"wp:attachment":[{"href":"https:\/\/likemetkovic.hr\/portal\/wp-json\/wp\/v2\/media?parent=99324"}],"wp:term":[{"taxonomy":"category","embeddable":true,"href":"https:\/\/likemetkovic.hr\/portal\/wp-json\/wp\/v2\/categories?post=99324"},{"taxonomy":"post_tag","embeddable":true,"href":"https:\/\/likemetkovic.hr\/portal\/wp-json\/wp\/v2\/tags?post=99324"}],"curies":[{"name":"wp","href":"https:\/\/api.w.org\/{rel}","templated":true}]}}