{"id":99523,"date":"2020-03-26T20:44:05","date_gmt":"2020-03-26T19:44:05","guid":{"rendered":"https:\/\/likemetkovic.hr\/?p=99523"},"modified":"2020-03-26T20:44:05","modified_gmt":"2020-03-26T19:44:05","slug":"alemka-markotic-ovo-je-situacija-kakvu-nismo-imali-od-15-st-ponosna-sam-na-veci-dio-stanovnistva","status":"publish","type":"post","link":"https:\/\/likemetkovic.hr\/portal\/alemka-markotic-ovo-je-situacija-kakvu-nismo-imali-od-15-st-ponosna-sam-na-veci-dio-stanovnistva\/","title":{"rendered":"Alemka Markoti\u0107: Ovo je situacija kakvu nismo imali od 15. st., ponosna sam na ve\u0107i dio stanovni\u0161tva"},"content":{"rendered":"<p>U Hrvatskoj je u odnosu na jutros zabilje\u017eeno 14 novih slu\u010dajeva koronavirusa i potvr\u0111en je drugi slu\u010daj smrti. Ukupno je 495 oboljelih.\u00a0Ministar Bero\u0161 rekao je da broj novooboljelih pada ve\u0107 nekoliko dana.<\/p>\n<p>O cijeloj situaciji u Dnevniku <a href=\"https:\/\/dnevnik.hr\/vijesti\/koronavirus\/alemka-markotic-u-dnevniku-nove-tv---599230.html\" target=\"_blank\" rel=\"noopener noreferrer\">Nova TV<\/a> govorila je <strong>Alemka Markoti\u0107<\/strong>\u00a0iz Klinike za infektivne bolesti &#8220;Fran Mihaljevi\u0107&#8221;.<\/p>\n<p>Na pitanje kako to da su su kod nekih pacijenata prvi testovi bili negativni, a onda pozitivni,\u00a0<strong>Markoti\u0107\u00a0<\/strong>je rekla da testovi sigurni, ali ne 100 posto te da zato postoje ljudi koji procijenjuju i klini\u010dku sliku. Tako su za neke negativne pacijente tra\u017eili novo testiranje.<\/p>\n<p>Na pitanje \u0161to misli o na\u0161im mjerama koje su progla\u0161ene najstro\u017eim u svijetu rekla je da su bile pravovremene.<\/p>\n<p>&#8220;Osobno bih preporu\u010dila da se svi samo dr\u017ee tih mjera. Mislim da su one sad dovoljne i promi\u0161ljene&#8221;, rekla je i dodala da nam jo\u0161 treba samodiscipline.<\/p>\n<p>&#8220;Koliko vidim kad se vozim, izgleda da zaista mo\u017eemo biti ponosni na ve\u0107i dio stanovni\u0161tva jer se dr\u017ee pravila. Sad apeliram na onaj manji postotak, koji se pona\u0161a non\u0161alantno, da se dr\u017ee pravila&#8221;, rekla je.<\/p>\n<p>U Italiji je u jednom danu preminulo 662 ljudi. Broj zara\u017eenih u svijetu pre\u0161ao pola milijuna. Smatra da se nije dogodio nagli rast te\u0161kooboljelih. &#8220;To nije nagli rast, to je 5 posto od ukupnog broja oboljelih. Zasad je to ispod o\u010dekivanja&#8221;, rekla je\u00a0<strong>Markoti\u0107<\/strong>.<\/p>\n<p>O neujedna\u010denim pravilima i nemogu\u0107nosti nekih gra\u0111ana da do\u0111u do majstora, dok drugi lako do njih dolaze, rekla je da Sto\u017eeri trebaju dati bolje upute.<\/p>\n<p>&#8220;Ovo je situaciija koju nitko nije do\u017eivio do 14., 15., 16. stolje\u0107a i trebat \u0107e nam da se adaptiramo. Vjerujem da \u0107e sto\u017eeri dati bolje upute&#8221;, kazala je.<\/p>\n<p>Napomenula je da je na\u0161 zdravstveni sustav jak bez obzira na velik broj lije\u010dnika u samoizolaciji. &#8220;Vi\u0161e puta sam rekla da ne \u017eelim dati ozbiljnije procjene. Mo\u017eete imati pretpostavke, a svi se nadamo da uspijemo izdr\u017eati nekoliko tjedana. Virusi su \u010dudni. SARS je tako protutnjao za 6 mjeseci pa nestao. Te\u0161ko je vjerovati da \u0107e ovaj nestati, ali se nadam da \u0107e nas iznenaditi&#8221; zaklju\u010dila je Alemka Markoti\u0107.<\/p>\n","protected":false},"excerpt":{"rendered":"<p>U Hrvatskoj je u odnosu na jutros zabilje\u017eeno 14 novih slu\u010dajeva koronavirusa i potvr\u0111en je drugi slu\u010daj smrti. Ukupno je 495 oboljelih.\u00a0Ministar Bero\u0161 rekao je da broj novooboljelih pada ve\u0107 nekoliko dana. O cijeloj situaciji u Dnevniku Nova TV govorila je Alemka Markoti\u0107\u00a0iz Klinike za infektivne bolesti &#8220;Fran Mihaljevi\u0107&#8221;. Na pitanje kako to da su [&hellip;]<\/p>\n","protected":false},"author":7,"featured_media":99524,"comment_status":"open","ping_status":"open","sticky":false,"template":"","format":"standard","meta":{"footnotes":""},"categories":[296,1027],"tags":[7182,7148],"class_list":{"0":"post-99523","1":"post","2":"type-post","3":"status-publish","4":"format-standard","5":"has-post-thumbnail","7":"category-ab","8":"category-hrvatska","9":"tag-almka-markotic","10":"tag-epidemija-koronavirusa"},"yoast_head":"<!-- This site is optimized with the Yoast SEO plugin v25.2 - https:\/\/yoast.com\/wordpress\/plugins\/seo\/ -->\n<title>Alemka Markoti\u0107: Ovo je situacija kakvu nismo imali od 15. st., ponosna sam na ve\u0107i dio stanovni\u0161tva - likemetkovic.hr<\/title>\n<meta name=\"robots\" content=\"index, follow, max-snippet:-1, max-image-preview:large, max-video-preview:-1\" \/>\n<link rel=\"canonical\" href=\"https:\/\/likemetkovic.hr\/alemka-markotic-ovo-je-situacija-kakvu-nismo-imali-od-15-st-ponosna-sam-na-veci-dio-stanovnistva\/\" \/>\n<meta property=\"og:locale\" content=\"hr_HR\" \/>\n<meta property=\"og:type\" content=\"article\" \/>\n<meta property=\"og:title\" content=\"Alemka Markoti\u0107: Ovo je situacija kakvu nismo imali od 15. st., ponosna sam na ve\u0107i dio stanovni\u0161tva - likemetkovic.hr\" \/>\n<meta property=\"og:description\" content=\"U Hrvatskoj je u odnosu na jutros zabilje\u017eeno 14 novih slu\u010dajeva koronavirusa i potvr\u0111en je drugi slu\u010daj smrti. Ukupno je 495 oboljelih.\u00a0Ministar Bero\u0161 rekao je da broj novooboljelih pada ve\u0107 nekoliko dana. O cijeloj situaciji u Dnevniku Nova TV govorila je Alemka Markoti\u0107\u00a0iz Klinike za infektivne bolesti &#8220;Fran Mihaljevi\u0107&#8221;. Na pitanje kako to da su [&hellip;]\" \/>\n<meta property=\"og:url\" content=\"https:\/\/likemetkovic.hr\/alemka-markotic-ovo-je-situacija-kakvu-nismo-imali-od-15-st-ponosna-sam-na-veci-dio-stanovnistva\/\" \/>\n<meta property=\"og:site_name\" content=\"likemetkovic.hr\" \/>\n<meta property=\"article:publisher\" content=\"https:\/\/www.facebook.com\/likemetkovic.hr\/\" \/>\n<meta property=\"article:published_time\" content=\"2020-03-26T19:44:05+00:00\" \/>\n<meta property=\"og:image\" content=\"https:\/\/likemetkovic.hr\/wp-content\/uploads\/2020\/03\/alemka-markotic.jpg\" \/>\n\t<meta property=\"og:image:width\" content=\"800\" \/>\n\t<meta property=\"og:image:height\" content=\"532\" \/>\n\t<meta property=\"og:image:type\" content=\"image\/jpeg\" \/>\n<meta name=\"author\" content=\"LIKEmetkovic.hr\" \/>\n<meta name=\"twitter:card\" content=\"summary_large_image\" \/>\n<meta name=\"twitter:label1\" content=\"Napisao\/la\" \/>\n\t<meta name=\"twitter:data1\" content=\"LIKEmetkovic.hr\" \/>\n\t<meta name=\"twitter:label2\" content=\"Procijenjeno vrijeme \u010ditanja\" \/>\n\t<meta name=\"twitter:data2\" content=\"2 minute\" \/>\n<script type=\"application\/ld+json\" class=\"yoast-schema-graph\">{\"@context\":\"https:\/\/schema.org\",\"@graph\":[{\"@type\":\"WebPage\",\"@id\":\"https:\/\/likemetkovic.hr\/alemka-markotic-ovo-je-situacija-kakvu-nismo-imali-od-15-st-ponosna-sam-na-veci-dio-stanovnistva\/\",\"url\":\"https:\/\/likemetkovic.hr\/alemka-markotic-ovo-je-situacija-kakvu-nismo-imali-od-15-st-ponosna-sam-na-veci-dio-stanovnistva\/\",\"name\":\"Alemka Markoti\u0107: Ovo je situacija kakvu nismo imali od 15. st., ponosna sam na ve\u0107i dio stanovni\u0161tva - likemetkovic.hr\",\"isPartOf\":{\"@id\":\"https:\/\/likemetkovic.hr\/#website\"},\"primaryImageOfPage\":{\"@id\":\"https:\/\/likemetkovic.hr\/alemka-markotic-ovo-je-situacija-kakvu-nismo-imali-od-15-st-ponosna-sam-na-veci-dio-stanovnistva\/#primaryimage\"},\"image\":{\"@id\":\"https:\/\/likemetkovic.hr\/alemka-markotic-ovo-je-situacija-kakvu-nismo-imali-od-15-st-ponosna-sam-na-veci-dio-stanovnistva\/#primaryimage\"},\"thumbnailUrl\":\"https:\/\/likemetkovic.hr\/portal\/wp-content\/uploads\/2020\/03\/alemka-markotic.jpg\",\"datePublished\":\"2020-03-26T19:44:05+00:00\",\"author\":{\"@id\":\"https:\/\/likemetkovic.hr\/#\/schema\/person\/a42711f3385a0e2be6f7e0443bfb28f0\"},\"breadcrumb\":{\"@id\":\"https:\/\/likemetkovic.hr\/alemka-markotic-ovo-je-situacija-kakvu-nismo-imali-od-15-st-ponosna-sam-na-veci-dio-stanovnistva\/#breadcrumb\"},\"inLanguage\":\"hr\",\"potentialAction\":[{\"@type\":\"ReadAction\",\"target\":[\"https:\/\/likemetkovic.hr\/alemka-markotic-ovo-je-situacija-kakvu-nismo-imali-od-15-st-ponosna-sam-na-veci-dio-stanovnistva\/\"]}]},{\"@type\":\"ImageObject\",\"inLanguage\":\"hr\",\"@id\":\"https:\/\/likemetkovic.hr\/alemka-markotic-ovo-je-situacija-kakvu-nismo-imali-od-15-st-ponosna-sam-na-veci-dio-stanovnistva\/#primaryimage\",\"url\":\"https:\/\/likemetkovic.hr\/portal\/wp-content\/uploads\/2020\/03\/alemka-markotic.jpg\",\"contentUrl\":\"https:\/\/likemetkovic.hr\/portal\/wp-content\/uploads\/2020\/03\/alemka-markotic.jpg\",\"width\":800,\"height\":532},{\"@type\":\"BreadcrumbList\",\"@id\":\"https:\/\/likemetkovic.hr\/alemka-markotic-ovo-je-situacija-kakvu-nismo-imali-od-15-st-ponosna-sam-na-veci-dio-stanovnistva\/#breadcrumb\",\"itemListElement\":[{\"@type\":\"ListItem\",\"position\":1,\"name\":\"Po\u010detna stranica\",\"item\":\"https:\/\/likemetkovic.hr\/portal\/\"},{\"@type\":\"ListItem\",\"position\":2,\"name\":\"Alemka Markoti\u0107: Ovo je situacija kakvu nismo imali od 15. st., ponosna sam na ve\u0107i dio stanovni\u0161tva\"}]},{\"@type\":\"WebSite\",\"@id\":\"https:\/\/likemetkovic.hr\/#website\",\"url\":\"https:\/\/likemetkovic.hr\/\",\"name\":\"likemetkovic.hr\",\"description\":\"Misli pozitivno... \u010ditaj LIKE\",\"potentialAction\":[{\"@type\":\"SearchAction\",\"target\":{\"@type\":\"EntryPoint\",\"urlTemplate\":\"https:\/\/likemetkovic.hr\/?s={search_term_string}\"},\"query-input\":{\"@type\":\"PropertyValueSpecification\",\"valueRequired\":true,\"valueName\":\"search_term_string\"}}],\"inLanguage\":\"hr\"},{\"@type\":\"Person\",\"@id\":\"https:\/\/likemetkovic.hr\/#\/schema\/person\/a42711f3385a0e2be6f7e0443bfb28f0\",\"name\":\"LIKEmetkovic.hr\",\"sameAs\":[\"http:\/\/likemetkovic.hr\"],\"url\":\"https:\/\/likemetkovic.hr\/portal\/author\/likemetkovic-hr\/\"}]}<\/script>\n<!-- \/ Yoast SEO plugin. -->","yoast_head_json":{"title":"Alemka Markoti\u0107: Ovo je situacija kakvu nismo imali od 15. st., ponosna sam na ve\u0107i dio stanovni\u0161tva - likemetkovic.hr","robots":{"index":"index","follow":"follow","max-snippet":"max-snippet:-1","max-image-preview":"max-image-preview:large","max-video-preview":"max-video-preview:-1"},"canonical":"https:\/\/likemetkovic.hr\/alemka-markotic-ovo-je-situacija-kakvu-nismo-imali-od-15-st-ponosna-sam-na-veci-dio-stanovnistva\/","og_locale":"hr_HR","og_type":"article","og_title":"Alemka Markoti\u0107: Ovo je situacija kakvu nismo imali od 15. st., ponosna sam na ve\u0107i dio stanovni\u0161tva - likemetkovic.hr","og_description":"U Hrvatskoj je u odnosu na jutros zabilje\u017eeno 14 novih slu\u010dajeva koronavirusa i potvr\u0111en je drugi slu\u010daj smrti. Ukupno je 495 oboljelih.\u00a0Ministar Bero\u0161 rekao je da broj novooboljelih pada ve\u0107 nekoliko dana. O cijeloj situaciji u Dnevniku Nova TV govorila je Alemka Markoti\u0107\u00a0iz Klinike za infektivne bolesti &#8220;Fran Mihaljevi\u0107&#8221;. Na pitanje kako to da su [&hellip;]","og_url":"https:\/\/likemetkovic.hr\/alemka-markotic-ovo-je-situacija-kakvu-nismo-imali-od-15-st-ponosna-sam-na-veci-dio-stanovnistva\/","og_site_name":"likemetkovic.hr","article_publisher":"https:\/\/www.facebook.com\/likemetkovic.hr\/","article_published_time":"2020-03-26T19:44:05+00:00","og_image":[{"width":800,"height":532,"url":"https:\/\/likemetkovic.hr\/wp-content\/uploads\/2020\/03\/alemka-markotic.jpg","type":"image\/jpeg"}],"author":"LIKEmetkovic.hr","twitter_card":"summary_large_image","twitter_misc":{"Napisao\/la":"LIKEmetkovic.hr","Procijenjeno vrijeme \u010ditanja":"2 minute"},"schema":{"@context":"https:\/\/schema.org","@graph":[{"@type":"WebPage","@id":"https:\/\/likemetkovic.hr\/alemka-markotic-ovo-je-situacija-kakvu-nismo-imali-od-15-st-ponosna-sam-na-veci-dio-stanovnistva\/","url":"https:\/\/likemetkovic.hr\/alemka-markotic-ovo-je-situacija-kakvu-nismo-imali-od-15-st-ponosna-sam-na-veci-dio-stanovnistva\/","name":"Alemka Markoti\u0107: Ovo je situacija kakvu nismo imali od 15. st., ponosna sam na ve\u0107i dio stanovni\u0161tva - likemetkovic.hr","isPartOf":{"@id":"https:\/\/likemetkovic.hr\/#website"},"primaryImageOfPage":{"@id":"https:\/\/likemetkovic.hr\/alemka-markotic-ovo-je-situacija-kakvu-nismo-imali-od-15-st-ponosna-sam-na-veci-dio-stanovnistva\/#primaryimage"},"image":{"@id":"https:\/\/likemetkovic.hr\/alemka-markotic-ovo-je-situacija-kakvu-nismo-imali-od-15-st-ponosna-sam-na-veci-dio-stanovnistva\/#primaryimage"},"thumbnailUrl":"https:\/\/likemetkovic.hr\/portal\/wp-content\/uploads\/2020\/03\/alemka-markotic.jpg","datePublished":"2020-03-26T19:44:05+00:00","author":{"@id":"https:\/\/likemetkovic.hr\/#\/schema\/person\/a42711f3385a0e2be6f7e0443bfb28f0"},"breadcrumb":{"@id":"https:\/\/likemetkovic.hr\/alemka-markotic-ovo-je-situacija-kakvu-nismo-imali-od-15-st-ponosna-sam-na-veci-dio-stanovnistva\/#breadcrumb"},"inLanguage":"hr","potentialAction":[{"@type":"ReadAction","target":["https:\/\/likemetkovic.hr\/alemka-markotic-ovo-je-situacija-kakvu-nismo-imali-od-15-st-ponosna-sam-na-veci-dio-stanovnistva\/"]}]},{"@type":"ImageObject","inLanguage":"hr","@id":"https:\/\/likemetkovic.hr\/alemka-markotic-ovo-je-situacija-kakvu-nismo-imali-od-15-st-ponosna-sam-na-veci-dio-stanovnistva\/#primaryimage","url":"https:\/\/likemetkovic.hr\/portal\/wp-content\/uploads\/2020\/03\/alemka-markotic.jpg","contentUrl":"https:\/\/likemetkovic.hr\/portal\/wp-content\/uploads\/2020\/03\/alemka-markotic.jpg","width":800,"height":532},{"@type":"BreadcrumbList","@id":"https:\/\/likemetkovic.hr\/alemka-markotic-ovo-je-situacija-kakvu-nismo-imali-od-15-st-ponosna-sam-na-veci-dio-stanovnistva\/#breadcrumb","itemListElement":[{"@type":"ListItem","position":1,"name":"Po\u010detna stranica","item":"https:\/\/likemetkovic.hr\/portal\/"},{"@type":"ListItem","position":2,"name":"Alemka Markoti\u0107: Ovo je situacija kakvu nismo imali od 15. st., ponosna sam na ve\u0107i dio stanovni\u0161tva"}]},{"@type":"WebSite","@id":"https:\/\/likemetkovic.hr\/#website","url":"https:\/\/likemetkovic.hr\/","name":"likemetkovic.hr","description":"Misli pozitivno... \u010ditaj LIKE","potentialAction":[{"@type":"SearchAction","target":{"@type":"EntryPoint","urlTemplate":"https:\/\/likemetkovic.hr\/?s={search_term_string}"},"query-input":{"@type":"PropertyValueSpecification","valueRequired":true,"valueName":"search_term_string"}}],"inLanguage":"hr"},{"@type":"Person","@id":"https:\/\/likemetkovic.hr\/#\/schema\/person\/a42711f3385a0e2be6f7e0443bfb28f0","name":"LIKEmetkovic.hr","sameAs":["http:\/\/likemetkovic.hr"],"url":"https:\/\/likemetkovic.hr\/portal\/author\/likemetkovic-hr\/"}]}},"_links":{"self":[{"href":"https:\/\/likemetkovic.hr\/portal\/wp-json\/wp\/v2\/posts\/99523","targetHints":{"allow":["GET"]}}],"collection":[{"href":"https:\/\/likemetkovic.hr\/portal\/wp-json\/wp\/v2\/posts"}],"about":[{"href":"https:\/\/likemetkovic.hr\/portal\/wp-json\/wp\/v2\/types\/post"}],"author":[{"embeddable":true,"href":"https:\/\/likemetkovic.hr\/portal\/wp-json\/wp\/v2\/users\/7"}],"replies":[{"embeddable":true,"href":"https:\/\/likemetkovic.hr\/portal\/wp-json\/wp\/v2\/comments?post=99523"}],"version-history":[{"count":0,"href":"https:\/\/likemetkovic.hr\/portal\/wp-json\/wp\/v2\/posts\/99523\/revisions"}],"wp:featuredmedia":[{"embeddable":true,"href":"https:\/\/likemetkovic.hr\/portal\/wp-json\/wp\/v2\/media\/99524"}],"wp:attachment":[{"href":"https:\/\/likemetkovic.hr\/portal\/wp-json\/wp\/v2\/media?parent=99523"}],"wp:term":[{"taxonomy":"category","embeddable":true,"href":"https:\/\/likemetkovic.hr\/portal\/wp-json\/wp\/v2\/categories?post=99523"},{"taxonomy":"post_tag","embeddable":true,"href":"https:\/\/likemetkovic.hr\/portal\/wp-json\/wp\/v2\/tags?post=99523"}],"curies":[{"name":"wp","href":"https:\/\/api.w.org\/{rel}","templated":true}]}}