{"id":99966,"date":"2020-04-04T13:03:55","date_gmt":"2020-04-04T11:03:55","guid":{"rendered":"https:\/\/likemetkovic.hr\/?p=99966"},"modified":"2020-04-04T13:07:39","modified_gmt":"2020-04-04T11:07:39","slug":"zupanijski-stozer-9-novozarazenih-dva-pacijenta-ce-biti-transportirana-za-split-i-zagreb","status":"publish","type":"post","link":"https:\/\/likemetkovic.hr\/portal\/zupanijski-stozer-9-novozarazenih-dva-pacijenta-ce-biti-transportirana-za-split-i-zagreb\/","title":{"rendered":"\u017dUPANIJSKI STO\u017dER: 9 novozara\u017eenih, dva pacijenta \u0107e biti transportirana za Split i Zagreb"},"content":{"rendered":"<p>Prema posljednjim podacima u Dubrova\u010dko-neretvanskoj \u017eupaniji ukupna brojka zara\u017eenih je 59, tj. <strong>9 potvr\u0111enih slu\u010dajeva<\/strong> vi\u0161e u odnosu na posljednju objavu Sto\u017eera civilne za\u0161tite Dubrova\u010dko-neretvanske \u017eupanije.<\/p>\n<p>Hospitalizirano je 15 pozitivnih pacijenata. Tijekom dana o\u010dekuje se <strong>transport 2 pozitivna pacijenta<\/strong> u respiratorni centar KBC-a Split te u Kliniku za infektivne bolesti <em>Dr. Fran Mihaljevi\u0107<\/em> u Zagrebu.<\/p>\n<p>Rije\u010d je o pacijentici kojoj se tijekom no\u0107i pogor\u0161alo stanje te je intubirana i stavljena na respirator, a sukladno unaprijed zadanom protokolu bit \u0107e transportirana u Split.<\/p>\n<p>\u0160to se ti\u010de drugog pacijenta, njegovo op\u0107e stanje je dobro, ali je rije\u010d o pacijentu koji je ranije bio na operaciji transplatacije bubrega te \u0107e stoga iz predostro\u017enosti biti preba\u010den u Zagreb.<\/p>\n<p>Tri pacijenta su jo\u0161 ranije preba\u010dena u respiratorni centar KBC-a Split i njihovo stanje je te\u0161ko, ali i dalje stabilno. Izlije\u010dene su dvije osobe.<\/p>\n<p>Ukupno je <strong>poslano 466 uzorka na analizu.<\/strong> Tijekom ju\u010dera\u0161njeg dana na analizu je poslano 65 uzoraka, trenutno se \u010dekaju rezultati za 1 uzorak. Na ku\u0107nom lije\u010denju <strong>u izolaciji je 39 osoba pozitivnih<\/strong> na COVID-19.<\/p>\n<p>U posljednja 24 sata nije utvr\u0111eno kr\u0161enje mjere samoizolacije, a od po\u010detka pandemije ukupno je utvr\u0111eno 17 slu\u010dajeva kr\u0161enja mjere samoizolacije.<\/p>\n<p>Prema podacima lu\u010dkih uprava nije bilo uplovljavanja velikih brodova sa stranim\u00a0stranim putnicima.<\/p>\n<p>U Zra\u010dnoj luci Dubrovnik i dalje radi samo nu\u017eno osoblje.<\/p>\n<h4>Djelatnik Doma za starije osobe<em> Domus Christi <\/em>bio u kontaktu sa zara\u017eenom osobom<\/h4>\n<p>Nastavno na upite medija, Sto\u017eer za civilnu za\u0161titu Dubrova\u010dko-neretvanske \u017eupanije obavije\u0161tava javnost kako je <strong>jednom od djelatnika iz Doma za starije osobe<em> Domus Christi<\/em> utvr\u0111en kontakt sa zara\u017eenom osobom<\/strong> kojoj je 1. travnja potvr\u0111ena COVID-19 infekcija. Djelatnik se trenutno nalazi u samoizolaciji, a zadnji radni dan bio mu je 28.3. Djelatnik Doma je 29.3. bio slobodan, a nije radio ni 30. i 31. 3. Od 1.4. je u samoizolaciji po uputama epidemiologa i nema simptome. Ravnateljica Doma je o situaciji obavije\u0161tena s njegove strane i sa strane epidemiologa.<\/p>\n<p>Sve mjere predostro\u017enosti su poduzete, a osim svakodnevne dezinfekcije, ovla\u0161tena tvrtka radila je dezinfekciju Doma za starije osobe ve\u0107 3 puta. Temperatura korisnika i djelatnika mjeri se tri puta dnevno. Svo osoblje, sukladno uputama, ve\u0107 du\u017ee vrijeme radi s maskom i rukavicama.<\/p>\n<p><strong>Nitko od djelatnika Doma nije razvio simptome bolesti<\/strong>, a posebna pozornost obra\u0107a se na svakog korisnika.<\/p>\n<h4>Studentski dom spreman je za prijem pacijenata<\/h4>\n<p>S dana\u0161njim danom Studentski dom spreman je za prijem pacijenata i funkcionira kao izdvojeni stacionar OB Dubrovnik.<\/p>\n<p>U karanteni su i dalje dvije osobe.<\/p>\n<p>Podsje\u0107amo kako su Hrvatska psiholo\u0161ka komora i Hrvatsko psiholo\u0161ko dru\u0161tvo osigurali <strong>telefonsku liniju<\/strong> za sve kojima u ovoj situaciji treba psiholo\u0161ka pomo\u0107. Kontakt telefon za na\u0161u \u017eupaniju je 091 544 44 33.<\/p>\n","protected":false},"excerpt":{"rendered":"<p>Prema posljednjim podacima u Dubrova\u010dko-neretvanskoj \u017eupaniji ukupna brojka zara\u017eenih je 59, tj. 9 potvr\u0111enih slu\u010dajeva vi\u0161e u odnosu na posljednju objavu Sto\u017eera civilne za\u0161tite Dubrova\u010dko-neretvanske \u017eupanije. Hospitalizirano je 15 pozitivnih pacijenata. Tijekom dana o\u010dekuje se transport 2 pozitivna pacijenta u respiratorni centar KBC-a Split te u Kliniku za infektivne bolesti Dr. Fran Mihaljevi\u0107 u Zagrebu. [&hellip;]<\/p>\n","protected":false},"author":9,"featured_media":99138,"comment_status":"open","ping_status":"open","sticky":false,"template":"","format":"standard","meta":{"footnotes":""},"categories":[296,300],"tags":[7148,7107],"class_list":{"0":"post-99966","1":"post","2":"type-post","3":"status-publish","4":"format-standard","5":"has-post-thumbnail","7":"category-ab","8":"category-zupanija","9":"tag-epidemija-koronavirusa","10":"tag-stozer-civilne-zastite-dnz"},"yoast_head":"<!-- This site is optimized with the Yoast SEO plugin v25.2 - https:\/\/yoast.com\/wordpress\/plugins\/seo\/ -->\n<title>\u017dUPANIJSKI STO\u017dER: 9 novozara\u017eenih, dva pacijenta \u0107e biti transportirana za Split i Zagreb - likemetkovic.hr<\/title>\n<meta name=\"robots\" content=\"index, follow, max-snippet:-1, max-image-preview:large, max-video-preview:-1\" \/>\n<link rel=\"canonical\" href=\"https:\/\/likemetkovic.hr\/zupanijski-stozer-9-novozarazenih-dva-pacijenta-ce-biti-transportirana-za-split-i-zagreb\/\" \/>\n<meta property=\"og:locale\" content=\"hr_HR\" \/>\n<meta property=\"og:type\" content=\"article\" \/>\n<meta property=\"og:title\" content=\"\u017dUPANIJSKI STO\u017dER: 9 novozara\u017eenih, dva pacijenta \u0107e biti transportirana za Split i Zagreb - likemetkovic.hr\" \/>\n<meta property=\"og:description\" content=\"Prema posljednjim podacima u Dubrova\u010dko-neretvanskoj \u017eupaniji ukupna brojka zara\u017eenih je 59, tj. 9 potvr\u0111enih slu\u010dajeva vi\u0161e u odnosu na posljednju objavu Sto\u017eera civilne za\u0161tite Dubrova\u010dko-neretvanske \u017eupanije. Hospitalizirano je 15 pozitivnih pacijenata. Tijekom dana o\u010dekuje se transport 2 pozitivna pacijenta u respiratorni centar KBC-a Split te u Kliniku za infektivne bolesti Dr. Fran Mihaljevi\u0107 u Zagrebu. [&hellip;]\" \/>\n<meta property=\"og:url\" content=\"https:\/\/likemetkovic.hr\/zupanijski-stozer-9-novozarazenih-dva-pacijenta-ce-biti-transportirana-za-split-i-zagreb\/\" \/>\n<meta property=\"og:site_name\" content=\"likemetkovic.hr\" \/>\n<meta property=\"article:publisher\" content=\"https:\/\/www.facebook.com\/likemetkovic.hr\/\" \/>\n<meta property=\"article:published_time\" content=\"2020-04-04T11:03:55+00:00\" \/>\n<meta property=\"article:modified_time\" content=\"2020-04-04T11:07:39+00:00\" \/>\n<meta property=\"og:image\" content=\"https:\/\/likemetkovic.hr\/wp-content\/uploads\/2020\/03\/cebalo-stozer-civilne-zastite-dn\u017e.jpg\" \/>\n\t<meta property=\"og:image:width\" content=\"800\" \/>\n\t<meta property=\"og:image:height\" content=\"533\" \/>\n\t<meta property=\"og:image:type\" content=\"image\/jpeg\" \/>\n<meta name=\"author\" content=\"K. J.\" \/>\n<meta name=\"twitter:card\" content=\"summary_large_image\" \/>\n<meta name=\"twitter:label1\" content=\"Napisao\/la\" \/>\n\t<meta name=\"twitter:data1\" content=\"K. J.\" \/>\n\t<meta name=\"twitter:label2\" content=\"Procijenjeno vrijeme \u010ditanja\" \/>\n\t<meta name=\"twitter:data2\" content=\"2 minute\" \/>\n<script type=\"application\/ld+json\" class=\"yoast-schema-graph\">{\"@context\":\"https:\/\/schema.org\",\"@graph\":[{\"@type\":\"WebPage\",\"@id\":\"https:\/\/likemetkovic.hr\/zupanijski-stozer-9-novozarazenih-dva-pacijenta-ce-biti-transportirana-za-split-i-zagreb\/\",\"url\":\"https:\/\/likemetkovic.hr\/zupanijski-stozer-9-novozarazenih-dva-pacijenta-ce-biti-transportirana-za-split-i-zagreb\/\",\"name\":\"\u017dUPANIJSKI STO\u017dER: 9 novozara\u017eenih, dva pacijenta \u0107e biti transportirana za Split i Zagreb - likemetkovic.hr\",\"isPartOf\":{\"@id\":\"https:\/\/likemetkovic.hr\/#website\"},\"primaryImageOfPage\":{\"@id\":\"https:\/\/likemetkovic.hr\/zupanijski-stozer-9-novozarazenih-dva-pacijenta-ce-biti-transportirana-za-split-i-zagreb\/#primaryimage\"},\"image\":{\"@id\":\"https:\/\/likemetkovic.hr\/zupanijski-stozer-9-novozarazenih-dva-pacijenta-ce-biti-transportirana-za-split-i-zagreb\/#primaryimage\"},\"thumbnailUrl\":\"https:\/\/likemetkovic.hr\/portal\/wp-content\/uploads\/2020\/03\/cebalo-stozer-civilne-zastite-dn\u017e.jpg\",\"datePublished\":\"2020-04-04T11:03:55+00:00\",\"dateModified\":\"2020-04-04T11:07:39+00:00\",\"author\":{\"@id\":\"https:\/\/likemetkovic.hr\/#\/schema\/person\/0a8b4ebfdfe1ff01192dccda40c5da0c\"},\"breadcrumb\":{\"@id\":\"https:\/\/likemetkovic.hr\/zupanijski-stozer-9-novozarazenih-dva-pacijenta-ce-biti-transportirana-za-split-i-zagreb\/#breadcrumb\"},\"inLanguage\":\"hr\",\"potentialAction\":[{\"@type\":\"ReadAction\",\"target\":[\"https:\/\/likemetkovic.hr\/zupanijski-stozer-9-novozarazenih-dva-pacijenta-ce-biti-transportirana-za-split-i-zagreb\/\"]}]},{\"@type\":\"ImageObject\",\"inLanguage\":\"hr\",\"@id\":\"https:\/\/likemetkovic.hr\/zupanijski-stozer-9-novozarazenih-dva-pacijenta-ce-biti-transportirana-za-split-i-zagreb\/#primaryimage\",\"url\":\"https:\/\/likemetkovic.hr\/portal\/wp-content\/uploads\/2020\/03\/cebalo-stozer-civilne-zastite-dn\u017e.jpg\",\"contentUrl\":\"https:\/\/likemetkovic.hr\/portal\/wp-content\/uploads\/2020\/03\/cebalo-stozer-civilne-zastite-dn\u017e.jpg\",\"width\":800,\"height\":533},{\"@type\":\"BreadcrumbList\",\"@id\":\"https:\/\/likemetkovic.hr\/zupanijski-stozer-9-novozarazenih-dva-pacijenta-ce-biti-transportirana-za-split-i-zagreb\/#breadcrumb\",\"itemListElement\":[{\"@type\":\"ListItem\",\"position\":1,\"name\":\"Po\u010detna stranica\",\"item\":\"https:\/\/likemetkovic.hr\/portal\/\"},{\"@type\":\"ListItem\",\"position\":2,\"name\":\"\u017dUPANIJSKI STO\u017dER: 9 novozara\u017eenih, dva pacijenta \u0107e biti transportirana za Split i Zagreb\"}]},{\"@type\":\"WebSite\",\"@id\":\"https:\/\/likemetkovic.hr\/#website\",\"url\":\"https:\/\/likemetkovic.hr\/\",\"name\":\"likemetkovic.hr\",\"description\":\"Misli pozitivno... \u010ditaj LIKE\",\"potentialAction\":[{\"@type\":\"SearchAction\",\"target\":{\"@type\":\"EntryPoint\",\"urlTemplate\":\"https:\/\/likemetkovic.hr\/?s={search_term_string}\"},\"query-input\":{\"@type\":\"PropertyValueSpecification\",\"valueRequired\":true,\"valueName\":\"search_term_string\"}}],\"inLanguage\":\"hr\"},{\"@type\":\"Person\",\"@id\":\"https:\/\/likemetkovic.hr\/#\/schema\/person\/0a8b4ebfdfe1ff01192dccda40c5da0c\",\"name\":\"K. J.\",\"url\":\"https:\/\/likemetkovic.hr\/portal\/author\/likemetkovic\/\"}]}<\/script>\n<!-- \/ Yoast SEO plugin. -->","yoast_head_json":{"title":"\u017dUPANIJSKI STO\u017dER: 9 novozara\u017eenih, dva pacijenta \u0107e biti transportirana za Split i Zagreb - likemetkovic.hr","robots":{"index":"index","follow":"follow","max-snippet":"max-snippet:-1","max-image-preview":"max-image-preview:large","max-video-preview":"max-video-preview:-1"},"canonical":"https:\/\/likemetkovic.hr\/zupanijski-stozer-9-novozarazenih-dva-pacijenta-ce-biti-transportirana-za-split-i-zagreb\/","og_locale":"hr_HR","og_type":"article","og_title":"\u017dUPANIJSKI STO\u017dER: 9 novozara\u017eenih, dva pacijenta \u0107e biti transportirana za Split i Zagreb - likemetkovic.hr","og_description":"Prema posljednjim podacima u Dubrova\u010dko-neretvanskoj \u017eupaniji ukupna brojka zara\u017eenih je 59, tj. 9 potvr\u0111enih slu\u010dajeva vi\u0161e u odnosu na posljednju objavu Sto\u017eera civilne za\u0161tite Dubrova\u010dko-neretvanske \u017eupanije. Hospitalizirano je 15 pozitivnih pacijenata. Tijekom dana o\u010dekuje se transport 2 pozitivna pacijenta u respiratorni centar KBC-a Split te u Kliniku za infektivne bolesti Dr. Fran Mihaljevi\u0107 u Zagrebu. [&hellip;]","og_url":"https:\/\/likemetkovic.hr\/zupanijski-stozer-9-novozarazenih-dva-pacijenta-ce-biti-transportirana-za-split-i-zagreb\/","og_site_name":"likemetkovic.hr","article_publisher":"https:\/\/www.facebook.com\/likemetkovic.hr\/","article_published_time":"2020-04-04T11:03:55+00:00","article_modified_time":"2020-04-04T11:07:39+00:00","og_image":[{"width":800,"height":533,"url":"https:\/\/likemetkovic.hr\/wp-content\/uploads\/2020\/03\/cebalo-stozer-civilne-zastite-dn\u017e.jpg","type":"image\/jpeg"}],"author":"K. J.","twitter_card":"summary_large_image","twitter_misc":{"Napisao\/la":"K. J.","Procijenjeno vrijeme \u010ditanja":"2 minute"},"schema":{"@context":"https:\/\/schema.org","@graph":[{"@type":"WebPage","@id":"https:\/\/likemetkovic.hr\/zupanijski-stozer-9-novozarazenih-dva-pacijenta-ce-biti-transportirana-za-split-i-zagreb\/","url":"https:\/\/likemetkovic.hr\/zupanijski-stozer-9-novozarazenih-dva-pacijenta-ce-biti-transportirana-za-split-i-zagreb\/","name":"\u017dUPANIJSKI STO\u017dER: 9 novozara\u017eenih, dva pacijenta \u0107e biti transportirana za Split i Zagreb - likemetkovic.hr","isPartOf":{"@id":"https:\/\/likemetkovic.hr\/#website"},"primaryImageOfPage":{"@id":"https:\/\/likemetkovic.hr\/zupanijski-stozer-9-novozarazenih-dva-pacijenta-ce-biti-transportirana-za-split-i-zagreb\/#primaryimage"},"image":{"@id":"https:\/\/likemetkovic.hr\/zupanijski-stozer-9-novozarazenih-dva-pacijenta-ce-biti-transportirana-za-split-i-zagreb\/#primaryimage"},"thumbnailUrl":"https:\/\/likemetkovic.hr\/portal\/wp-content\/uploads\/2020\/03\/cebalo-stozer-civilne-zastite-dn\u017e.jpg","datePublished":"2020-04-04T11:03:55+00:00","dateModified":"2020-04-04T11:07:39+00:00","author":{"@id":"https:\/\/likemetkovic.hr\/#\/schema\/person\/0a8b4ebfdfe1ff01192dccda40c5da0c"},"breadcrumb":{"@id":"https:\/\/likemetkovic.hr\/zupanijski-stozer-9-novozarazenih-dva-pacijenta-ce-biti-transportirana-za-split-i-zagreb\/#breadcrumb"},"inLanguage":"hr","potentialAction":[{"@type":"ReadAction","target":["https:\/\/likemetkovic.hr\/zupanijski-stozer-9-novozarazenih-dva-pacijenta-ce-biti-transportirana-za-split-i-zagreb\/"]}]},{"@type":"ImageObject","inLanguage":"hr","@id":"https:\/\/likemetkovic.hr\/zupanijski-stozer-9-novozarazenih-dva-pacijenta-ce-biti-transportirana-za-split-i-zagreb\/#primaryimage","url":"https:\/\/likemetkovic.hr\/portal\/wp-content\/uploads\/2020\/03\/cebalo-stozer-civilne-zastite-dn\u017e.jpg","contentUrl":"https:\/\/likemetkovic.hr\/portal\/wp-content\/uploads\/2020\/03\/cebalo-stozer-civilne-zastite-dn\u017e.jpg","width":800,"height":533},{"@type":"BreadcrumbList","@id":"https:\/\/likemetkovic.hr\/zupanijski-stozer-9-novozarazenih-dva-pacijenta-ce-biti-transportirana-za-split-i-zagreb\/#breadcrumb","itemListElement":[{"@type":"ListItem","position":1,"name":"Po\u010detna stranica","item":"https:\/\/likemetkovic.hr\/portal\/"},{"@type":"ListItem","position":2,"name":"\u017dUPANIJSKI STO\u017dER: 9 novozara\u017eenih, dva pacijenta \u0107e biti transportirana za Split i Zagreb"}]},{"@type":"WebSite","@id":"https:\/\/likemetkovic.hr\/#website","url":"https:\/\/likemetkovic.hr\/","name":"likemetkovic.hr","description":"Misli pozitivno... \u010ditaj LIKE","potentialAction":[{"@type":"SearchAction","target":{"@type":"EntryPoint","urlTemplate":"https:\/\/likemetkovic.hr\/?s={search_term_string}"},"query-input":{"@type":"PropertyValueSpecification","valueRequired":true,"valueName":"search_term_string"}}],"inLanguage":"hr"},{"@type":"Person","@id":"https:\/\/likemetkovic.hr\/#\/schema\/person\/0a8b4ebfdfe1ff01192dccda40c5da0c","name":"K. J.","url":"https:\/\/likemetkovic.hr\/portal\/author\/likemetkovic\/"}]}},"_links":{"self":[{"href":"https:\/\/likemetkovic.hr\/portal\/wp-json\/wp\/v2\/posts\/99966","targetHints":{"allow":["GET"]}}],"collection":[{"href":"https:\/\/likemetkovic.hr\/portal\/wp-json\/wp\/v2\/posts"}],"about":[{"href":"https:\/\/likemetkovic.hr\/portal\/wp-json\/wp\/v2\/types\/post"}],"author":[{"embeddable":true,"href":"https:\/\/likemetkovic.hr\/portal\/wp-json\/wp\/v2\/users\/9"}],"replies":[{"embeddable":true,"href":"https:\/\/likemetkovic.hr\/portal\/wp-json\/wp\/v2\/comments?post=99966"}],"version-history":[{"count":0,"href":"https:\/\/likemetkovic.hr\/portal\/wp-json\/wp\/v2\/posts\/99966\/revisions"}],"wp:featuredmedia":[{"embeddable":true,"href":"https:\/\/likemetkovic.hr\/portal\/wp-json\/wp\/v2\/media\/99138"}],"wp:attachment":[{"href":"https:\/\/likemetkovic.hr\/portal\/wp-json\/wp\/v2\/media?parent=99966"}],"wp:term":[{"taxonomy":"category","embeddable":true,"href":"https:\/\/likemetkovic.hr\/portal\/wp-json\/wp\/v2\/categories?post=99966"},{"taxonomy":"post_tag","embeddable":true,"href":"https:\/\/likemetkovic.hr\/portal\/wp-json\/wp\/v2\/tags?post=99966"}],"curies":[{"name":"wp","href":"https:\/\/api.w.org\/{rel}","templated":true}]}}